{"id":11891,"date":"2022-10-27T18:21:00","date_gmt":"2022-10-27T23:21:00","guid":{"rendered":"https:\/\/politicosaldesnudo.com.mx\/?p=11891"},"modified":"2022-10-27T18:22:18","modified_gmt":"2022-10-27T23:22:18","slug":"nuevo-ataque-activistas-vandalizan-a-la-joven-de-la-perla-de-vermeer-video","status":"publish","type":"post","link":"https:\/\/politicosaldesnudo.com.mx\/index.php\/2022\/10\/27\/nuevo-ataque-activistas-vandalizan-a-la-joven-de-la-perla-de-vermeer-video\/","title":{"rendered":"Nuevo ataque, activistas vandalizan a \u201cLa joven de la perla\u201d de Vermeer [Video]"},"content":{"rendered":"<p class=\"p1\"><span style=\"font-size: 14pt;\"><em><strong>LA HAYA, PA\u00cdSES BAJOS.<\/strong><\/em> Activistas clim\u00e1ticos atacaron la obra maestra de <strong>Johannes Vermeer \u201cLa joven de la perla\u201d<\/strong> con pegamento y l\u00edquido , pero <strong>una de las pinturas m\u00e1s ic\u00f3nicas del mundo no result\u00f3 da\u00f1ada<\/strong> en la \u00faltima de esas acrobacias publicitarias.<\/span><\/p>\n<p class=\"p1\"><span style=\"font-size: 18pt;\"><strong>El video muestra a un hombre vertiendo una lata de sustancia roja sobre otro manifestante que parec\u00eda intentar pegar su cabeza a la pintura protegida con vidrio. El segundo hombre peg\u00f3 la mano al panel que sosten\u00eda la pintura centenaria.<\/strong><\/span><\/p>\n<p>&nbsp;<\/p>\n<div style=\"width: 320px;\" class=\"wp-video\"><video class=\"wp-video-shortcode\" id=\"video-11891-1\" width=\"320\" height=\"568\" preload=\"metadata\" controls=\"controls\"><source type=\"video\/mp4\" src=\"https:\/\/politicosaldesnudo.com.mx\/wp-content\/uploads\/2022\/10\/22VANDALIZAN-OBRA-DE-VERMEER.mp4?_=1\" \/><a href=\"https:\/\/politicosaldesnudo.com.mx\/wp-content\/uploads\/2022\/10\/22VANDALIZAN-OBRA-DE-VERMEER.mp4\">https:\/\/politicosaldesnudo.com.mx\/wp-content\/uploads\/2022\/10\/22VANDALIZAN-OBRA-DE-VERMEER.mp4<\/a><\/video><\/div>\n<p>&nbsp;<\/p>\n<p>&nbsp;<\/p>\n<blockquote>\n<p class=\"p1\"><span style=\"font-size: 14pt;\">Nuestros conservadores han investigado el estado de la pintura. Afortunadamente, la obra maestra vidriada no result\u00f3 da\u00f1ada\u201d, dijo el museo<\/span><\/p>\n<\/blockquote>\n<p>&nbsp;<\/p>\n<p class=\"p1\"><span style=\"font-size: 18pt;\"><strong>Uno de los hombres, que vest\u00eda una camiseta estampada con las palabras \u201cSimplemente det\u00e9n el petr\u00f3leo\u201d, grit\u00f3: \u201c\u00bfC\u00f3mo te sientes cuando ves que algo hermoso e invaluable aparentemente se destruye ante tus ojos?\u00a0\u00bfSientes indignaci\u00f3n?\u00a0Bien.\u00a0Ese es el sentimiento cuando ves el planeta siendo destruido ante nuestros propios ojos\u201d.<\/strong><\/span><\/p>\n<p class=\"p1\"><span style=\"font-size: 18pt; color: #139eca;\"><strong>Continu\u00f3 diciendo que la pintura est\u00e1 protegida por vidrio cuando un visitante del museo grita: \u201c\u00a1Qu\u00e9 verg\u00fcenza!\u201d Otros visitantes tambi\u00e9n mostraron su desaprobaci\u00f3n.<\/strong><\/span><\/p>\n<p class=\"p1\"><span style=\"font-size: 14pt;\">La polic\u00eda de La Haya dijo que hab\u00eda arrestado a tres personas por \u201cviolencia p\u00fablica contra la propiedad\u201d.<\/span><\/p>\n<p class=\"p1\"><span style=\"font-size: 14pt;\">A principios de este mes, los manifestantes clim\u00e1ticos arrojaron pur\u00e9 de papas a una pintura de\u00a0Claude Monet\u00a0en un museo alem\u00e1n y una protesta similar ocurri\u00f3 en Londres, donde los manifestantes arrojaron sopa sobre\u00a0los \u00abGirasoles\u00bb de Vincent van Gogh\u00a0en la Galer\u00eda Nacional.\u00a0En ambos casos, las pinturas no sufrieron da\u00f1os.<\/span><\/p>\n<p>&nbsp;<\/p>\n<blockquote>\n<p class=\"p1\"><span style=\"font-size: 14pt;\">El arte est\u00e1 indefenso y el Mauritshuis rechaza firmemente los intentos de da\u00f1arlo con cualquier prop\u00f3sito\u201d, dijo el museo<\/span><\/p>\n<\/blockquote>\n<p>&nbsp;<\/p>\n<p class=\"p1\"><span style=\"font-size: 18pt;\"><strong>Se neg\u00f3 a hacer m\u00e1s comentarios porque argument\u00f3 que solo dar\u00eda m\u00e1s publicidad a los manifestantes.<\/strong><\/span><\/p>\n<p>&nbsp;<\/p>\n<p>&nbsp;<\/p>\n<p>&nbsp;<\/p>\n","protected":false},"excerpt":{"rendered":"<p>LA HAYA, PA\u00cdSES BAJOS. Activistas clim\u00e1ticos atacaron la obra maestra de Johannes Vermeer \u201cLa joven de la perla\u201d con pegamento<\/p>\n","protected":false},"author":4,"featured_media":11893,"comment_status":"closed","ping_status":"closed","sticky":false,"template":"","format":"standard","meta":{"colormag_page_container_layout":"default_layout","colormag_page_sidebar_layout":"default_layout","_jetpack_memberships_contains_paid_content":false,"footnotes":"","jetpack_publicize_message":"","jetpack_publicize_feature_enabled":true,"jetpack_social_post_already_shared":false,"jetpack_social_options":{"image_generator_settings":{"template":"highway","default_image_id":0,"font":"","enabled":false},"version":2}},"categories":[474],"tags":[1691,1690,1689,1652],"class_list":["post-11891","post","type-post","status-publish","format-standard","has-post-thumbnail","hentry","category-cultura","tag-activistas","tag-johannes-vermeer","tag-joven-de-la-perla","tag-la-haya"],"jetpack_publicize_connections":[],"jetpack_featured_media_url":"https:\/\/i0.wp.com\/politicosaldesnudo.com.mx\/wp-content\/uploads\/2022\/10\/P-JOVEN-DE-LA-PERLA-VERMEER.png?fit=1816%2C1016&ssl=1","jetpack-related-posts":[],"jetpack_sharing_enabled":true,"_links":{"self":[{"href":"https:\/\/politicosaldesnudo.com.mx\/index.php\/wp-json\/wp\/v2\/posts\/11891","targetHints":{"allow":["GET"]}}],"collection":[{"href":"https:\/\/politicosaldesnudo.com.mx\/index.php\/wp-json\/wp\/v2\/posts"}],"about":[{"href":"https:\/\/politicosaldesnudo.com.mx\/index.php\/wp-json\/wp\/v2\/types\/post"}],"author":[{"embeddable":true,"href":"https:\/\/politicosaldesnudo.com.mx\/index.php\/wp-json\/wp\/v2\/users\/4"}],"replies":[{"embeddable":true,"href":"https:\/\/politicosaldesnudo.com.mx\/index.php\/wp-json\/wp\/v2\/comments?post=11891"}],"version-history":[{"count":0,"href":"https:\/\/politicosaldesnudo.com.mx\/index.php\/wp-json\/wp\/v2\/posts\/11891\/revisions"}],"wp:featuredmedia":[{"embeddable":true,"href":"https:\/\/politicosaldesnudo.com.mx\/index.php\/wp-json\/wp\/v2\/media\/11893"}],"wp:attachment":[{"href":"https:\/\/politicosaldesnudo.com.mx\/index.php\/wp-json\/wp\/v2\/media?parent=11891"}],"wp:term":[{"taxonomy":"category","embeddable":true,"href":"https:\/\/politicosaldesnudo.com.mx\/index.php\/wp-json\/wp\/v2\/categories?post=11891"},{"taxonomy":"post_tag","embeddable":true,"href":"https:\/\/politicosaldesnudo.com.mx\/index.php\/wp-json\/wp\/v2\/tags?post=11891"}],"curies":[{"name":"wp","href":"https:\/\/api.w.org\/{rel}","templated":true}]}}