{"id":11952,"date":"2022-10-29T10:32:35","date_gmt":"2022-10-29T15:32:35","guid":{"rendered":"https:\/\/politicosaldesnudo.com.mx\/?p=11952"},"modified":"2022-10-29T13:09:06","modified_gmt":"2022-10-29T18:09:06","slug":"john-kerry-reconoce-el-plan-sonora-que-enfrentara-el-cambio-climatico","status":"publish","type":"post","link":"https:\/\/politicosaldesnudo.com.mx\/index.php\/2022\/10\/29\/john-kerry-reconoce-el-plan-sonora-que-enfrentara-el-cambio-climatico\/","title":{"rendered":"Kerry reconoce el Plan Sonora de M\u00e9xico que enfrentar\u00e1 el cambio clim\u00e1tico"},"content":{"rendered":"<p class=\"p1\"><span style=\"font-size: 14pt;\"><em><strong>HERMOSILLO, SONORA.<\/strong><\/em>\u00a0Durante m\u00e1s de cinco horas, el <strong>presidente Andr\u00e9s Manuel L\u00f3pez Obrador<\/strong> y el <strong>enviado presidencial para el cambio clim\u00e1tico del gobierno de Estados Unidos, John Kerry,<\/strong> se reunieron en privado en el Palacio de Gobierno para <strong>conversar sobre el calentamiento del planeta<\/strong>. Ambas partes <span style=\"color: #139eca;\"><strong>coincidieron en la necesidad de lograr que las 20 grandes econom\u00edas del mundo cumplan con las metas<\/strong> <\/span>y el compromiso de reducir el aumento de la temperatura.<\/span><\/p>\n<p class=\"p1\"><span style=\"font-size: 18pt;\"><strong>Al t\u00e9rmino del encuentro, el secretario de Relaciones Exteriores, Marcelo Ebrard, sostuvo que M\u00e9xico present\u00f3 a la misi\u00f3n estadounidense detalles del denominado Plan Sonora, considerado como el modelo a seguir en otras entidades para promover el uso de energ\u00edas renovables.<\/strong><\/span><\/p>\n<p class=\"p1\"><span style=\"font-size: 14pt;\">Mencion\u00f3 que entre los principales proyectos presentados est\u00e1n el avance del programa en la captura de gas metano por parte de Petr\u00f3leos Mexicanos con el fin de reutilizar el energ\u00e9nico que se est\u00e1 quemando; asimismo, los progresos en la construcci\u00f3n de la planta solar en Puerto Pe\u00f1asco, cuyas obras empezaron en marzo y que en su momento se convertir\u00e1 en la m\u00e1s grande en Am\u00e9rica Latina; explic\u00f3 que en el Plan Sonora se pretende el desarrollo del uso de energ\u00eda solar y la explotaci\u00f3n de yacimientos de litio (mineral b\u00e1sico para la elaboraci\u00f3n de bater\u00edas).<\/span><\/p>\n<p><img data-recalc-dims=\"1\" loading=\"lazy\" decoding=\"async\" class=\"aligncenter wp-image-11954 size-large\" src=\"https:\/\/i0.wp.com\/politicosaldesnudo.com.mx\/wp-content\/uploads\/2022\/10\/P-JOHN-KERRY-SONORA-2-1024x573.png?resize=800%2C448&#038;ssl=1\" alt=\"\" width=\"800\" height=\"448\" srcset=\"https:\/\/i0.wp.com\/politicosaldesnudo.com.mx\/wp-content\/uploads\/2022\/10\/P-JOHN-KERRY-SONORA-2.png?resize=1024%2C573&amp;ssl=1 1024w, https:\/\/i0.wp.com\/politicosaldesnudo.com.mx\/wp-content\/uploads\/2022\/10\/P-JOHN-KERRY-SONORA-2.png?resize=300%2C168&amp;ssl=1 300w, https:\/\/i0.wp.com\/politicosaldesnudo.com.mx\/wp-content\/uploads\/2022\/10\/P-JOHN-KERRY-SONORA-2.png?resize=768%2C430&amp;ssl=1 768w, https:\/\/i0.wp.com\/politicosaldesnudo.com.mx\/wp-content\/uploads\/2022\/10\/P-JOHN-KERRY-SONORA-2.png?resize=1536%2C859&amp;ssl=1 1536w, https:\/\/i0.wp.com\/politicosaldesnudo.com.mx\/wp-content\/uploads\/2022\/10\/P-JOHN-KERRY-SONORA-2.png?w=1816&amp;ssl=1 1816w, https:\/\/i0.wp.com\/politicosaldesnudo.com.mx\/wp-content\/uploads\/2022\/10\/P-JOHN-KERRY-SONORA-2.png?w=1600&amp;ssl=1 1600w\" sizes=\"auto, (max-width: 800px) 100vw, 800px\" \/><\/p>\n<p>&nbsp;<\/p>\n<p class=\"p1\"><span style=\"font-size: 18pt; color: #139eca;\"><strong>RECONOCIMIENTO<\/strong><\/span><\/p>\n<p class=\"p1\"><span style=\"font-size: 18pt;\"><strong>En su oportunidad, Kerry reconoci\u00f3 el alcance de los planes que tiene M\u00e9xico como parte de sus propuestas para contribuir a enfrentar el cambio clim\u00e1tico. Afirm\u00f3 que las 20 econom\u00edas m\u00e1s grandes del mundo tienen la responsabilidad especial para enfrentarse a los desaf\u00edos que se plantean Glasgow y Par\u00eds para hacer todo lo posible para evitar el calentamiento de la tierra.<\/strong><\/span><\/p>\n<p class=\"p1\"><span style=\"font-size: 14pt;\">Asever\u00f3 que ha quedado claro que derivado de la guerra en Ucrania y la pandemia de covid algunos pa\u00edses han enfrentado problemas para el suministro de energ\u00eda, cuya oferta se ha visto disminuida y ha generado nuevos desaf\u00edos.<\/span><\/p>\n<p class=\"p1\"><span style=\"font-size: 14pt;\">El presidente Joe Biden, sostuvo, ha definido los pasos que dar\u00e1 Estados Unidos en apoyo a las diferentes acciones que realicen otros pa\u00edses sobre el camino a seguir en la cooperaci\u00f3n en materia energ\u00e9tica y ambiental. Destac\u00f3 la coincidencia que tienen M\u00e9xico y Estados Unidos para alcanzar las metas fijadas por ambas partes.<\/span><\/p>\n<p class=\"p1\"><span style=\"font-size: 18pt;\"><strong>M\u00e9xico inform\u00f3 del programa para la explotaci\u00f3n del litio, cuyas reservas se nacionalizaron y se crea una empresa p\u00fablica.<\/strong><\/span><\/p>\n<p>&nbsp;<\/p>\n<p class=\"p1\"><span style=\"color: #139eca;\"><span style=\"font-size: 24px;\"><b>PLAN SONORA<\/b><\/span><\/span><\/p>\n<p class=\"p1\"><span style=\"font-size: 14pt;\">La reuni\u00f3n se dividi\u00f3 en dos partes: la primera etapa se prolong\u00f3 durante tres horas. Posteriormente, L\u00f3pez Obrador, acompa\u00f1ado de Ebrard, y del jefe de la Unidad para Am\u00e9rica del Norte, Roberto Velasco, as\u00ed como el gobernador Alfonso Durazo, conversaron con Kerry y el embajador Ken Salazar. Intercambiaron posturas sobre la pr\u00f3xima conferencia de la Organizaci\u00f3n de las Naciones Unidas sobre cambio clim\u00e1tico (COP 27) a efectuarse en noviembre en Egipto.<\/span><\/p>\n<p class=\"p1\"><span style=\"font-size: 18pt;\"><strong> En esa cumbre, M\u00e9xico presentar\u00e1 el Plan Sonora como una de sus aportaciones principales, para el crecimiento acelerado del uso de las energ\u00edas solar, geot\u00e9rmica, e\u00f3lica e hidr\u00e1ulica.<\/strong><\/span><\/p>\n<p class=\"p1\"><span style=\"font-size: 18pt; color: #139eca;\"><strong>Marcelo Ebrard se\u00f1al\u00f3 que Estados Unidos tiene el compromiso de que en 2035 ya no se consuma el carb\u00f3n como alternativa energ\u00e9tica, al igual que M\u00e9xico, ya que se trata de econom\u00edas integradas. Son acuerdos muy positivos que reflejan una visi\u00f3n coordinada, con objetivos y acciones comunes.<\/strong><\/span><\/p>\n<p>&nbsp;<\/p>\n<p>&nbsp;<\/p>\n<p>&nbsp;<\/p>\n","protected":false},"excerpt":{"rendered":"<p>HERMOSILLO, SONORA.\u00a0Durante m\u00e1s de cinco horas, el presidente Andr\u00e9s Manuel L\u00f3pez Obrador y el enviado presidencial para el cambio clim\u00e1tico<\/p>\n","protected":false},"author":4,"featured_media":11953,"comment_status":"closed","ping_status":"closed","sticky":false,"template":"","format":"standard","meta":{"colormag_page_container_layout":"default_layout","colormag_page_sidebar_layout":"default_layout","_jetpack_memberships_contains_paid_content":false,"footnotes":"","jetpack_publicize_message":"","jetpack_publicize_feature_enabled":true,"jetpack_social_post_already_shared":false,"jetpack_social_options":{"image_generator_settings":{"template":"highway","default_image_id":0,"font":"","enabled":false},"version":2}},"categories":[33],"tags":[1164,269,974,46,1706],"class_list":["post-11952","post","type-post","status-publish","format-standard","has-post-thumbnail","hentry","category-nacional","tag-cambio-climatico","tag-estados-unidos","tag-john-kerry","tag-marcelo-ebrard","tag-plan-sonora"],"jetpack_publicize_connections":[],"jetpack_featured_media_url":"https:\/\/i0.wp.com\/politicosaldesnudo.com.mx\/wp-content\/uploads\/2022\/10\/P-JOHN-KERRY-SONORA-1.png?fit=1816%2C1016&ssl=1","jetpack-related-posts":[],"jetpack_sharing_enabled":true,"_links":{"self":[{"href":"https:\/\/politicosaldesnudo.com.mx\/index.php\/wp-json\/wp\/v2\/posts\/11952","targetHints":{"allow":["GET"]}}],"collection":[{"href":"https:\/\/politicosaldesnudo.com.mx\/index.php\/wp-json\/wp\/v2\/posts"}],"about":[{"href":"https:\/\/politicosaldesnudo.com.mx\/index.php\/wp-json\/wp\/v2\/types\/post"}],"author":[{"embeddable":true,"href":"https:\/\/politicosaldesnudo.com.mx\/index.php\/wp-json\/wp\/v2\/users\/4"}],"replies":[{"embeddable":true,"href":"https:\/\/politicosaldesnudo.com.mx\/index.php\/wp-json\/wp\/v2\/comments?post=11952"}],"version-history":[{"count":0,"href":"https:\/\/politicosaldesnudo.com.mx\/index.php\/wp-json\/wp\/v2\/posts\/11952\/revisions"}],"wp:featuredmedia":[{"embeddable":true,"href":"https:\/\/politicosaldesnudo.com.mx\/index.php\/wp-json\/wp\/v2\/media\/11953"}],"wp:attachment":[{"href":"https:\/\/politicosaldesnudo.com.mx\/index.php\/wp-json\/wp\/v2\/media?parent=11952"}],"wp:term":[{"taxonomy":"category","embeddable":true,"href":"https:\/\/politicosaldesnudo.com.mx\/index.php\/wp-json\/wp\/v2\/categories?post=11952"},{"taxonomy":"post_tag","embeddable":true,"href":"https:\/\/politicosaldesnudo.com.mx\/index.php\/wp-json\/wp\/v2\/tags?post=11952"}],"curies":[{"name":"wp","href":"https:\/\/api.w.org\/{rel}","templated":true}]}}