{"id":11970,"date":"2022-10-29T13:01:03","date_gmt":"2022-10-29T18:01:03","guid":{"rendered":"https:\/\/politicosaldesnudo.com.mx\/?p=11970"},"modified":"2022-11-01T20:17:14","modified_gmt":"2022-11-02T02:17:14","slug":"cfe-adquiere-termoelectrica-por-180-mdd-resuelve-el-problema-de-apagones-en-bcs","status":"publish","type":"post","link":"https:\/\/politicosaldesnudo.com.mx\/index.php\/2022\/10\/29\/cfe-adquiere-termoelectrica-por-180-mdd-resuelve-el-problema-de-apagones-en-bcs\/","title":{"rendered":"CFE adquiere termoel\u00e9ctrica por 180 mdd, resuelve el problema de apagones en BCS"},"content":{"rendered":"<p>&nbsp;<\/p>\n<p class=\"p1\"><span style=\"font-size: 14pt;\"><em><strong>LA PAZ, BAJA CALIFORNIA.<\/strong><\/em> El presidente<strong> Andr\u00e9s Manuel L\u00f3pez Obrador<\/strong> anunci\u00f3 la <strong>compra por 180 millones de d\u00f3lares de una termoel\u00e9ctrica<\/strong> estadounidense que fortalecer\u00e1 el <strong>servicio el\u00e9ctrico en la entidad<\/strong>, especialmente en La Paz y Los Cabos.<\/span><\/p>\n<p class=\"p1\"><span style=\"font-size: 18pt;\"><strong>As\u00ed a trav\u00e9s de la Comisi\u00f3n Federal de Electricidad se adquiere una planta de gas en el puerto de Pichilingue para la producci\u00f3n de energ\u00eda el\u00e9ctrica con esta adquisici\u00f3n se resolver el problema de los apagones en el estado, uno de los compromisos del presidente.<\/strong><\/span><\/p>\n<p>&nbsp;<\/p>\n<blockquote>\n<p class=\"p1\"><span style=\"font-size: 14pt;\">Este 27 de octubre tomamos la decisi\u00f3n y ya se compr\u00f3 una planta, una termoel\u00e9ctrica aqu\u00ed en La Paz a una empresa estadounidense, Fortress; se van a pagar 180 millones de d\u00f3lares\u201d<\/span><\/p>\n<\/blockquote>\n<p>&nbsp;<\/p>\n<p><img data-recalc-dims=\"1\" loading=\"lazy\" decoding=\"async\" class=\"aligncenter wp-image-11971 size-large\" src=\"https:\/\/i0.wp.com\/politicosaldesnudo.com.mx\/wp-content\/uploads\/2022\/10\/P-TERMOELECTRICA-BCS-1-1024x573.png?resize=800%2C448&#038;ssl=1\" alt=\"\" width=\"800\" height=\"448\" srcset=\"https:\/\/i0.wp.com\/politicosaldesnudo.com.mx\/wp-content\/uploads\/2022\/10\/P-TERMOELECTRICA-BCS-1.png?resize=1024%2C573&amp;ssl=1 1024w, https:\/\/i0.wp.com\/politicosaldesnudo.com.mx\/wp-content\/uploads\/2022\/10\/P-TERMOELECTRICA-BCS-1.png?resize=300%2C168&amp;ssl=1 300w, https:\/\/i0.wp.com\/politicosaldesnudo.com.mx\/wp-content\/uploads\/2022\/10\/P-TERMOELECTRICA-BCS-1.png?resize=768%2C430&amp;ssl=1 768w, https:\/\/i0.wp.com\/politicosaldesnudo.com.mx\/wp-content\/uploads\/2022\/10\/P-TERMOELECTRICA-BCS-1.png?resize=1536%2C859&amp;ssl=1 1536w, https:\/\/i0.wp.com\/politicosaldesnudo.com.mx\/wp-content\/uploads\/2022\/10\/P-TERMOELECTRICA-BCS-1.png?w=1816&amp;ssl=1 1816w, https:\/\/i0.wp.com\/politicosaldesnudo.com.mx\/wp-content\/uploads\/2022\/10\/P-TERMOELECTRICA-BCS-1.png?w=1600&amp;ssl=1 1600w\" sizes=\"auto, (max-width: 800px) 100vw, 800px\" \/><\/p>\n<p>&nbsp;<\/p>\n<blockquote>\n<p class=\"p1\"><span style=\"font-size: 14pt;\">En La Paz y en Los Cabos, ya van a tener energ\u00eda el\u00e9ctrica garantizada para ocho a\u00f1os hacia adelante. En tanto, se lleva a cabo el proyecto de la construcci\u00f3n de la nueva planta, pero ya se resolvi\u00f3 con la compra de esta termoel\u00e9ctrica, que va a ser abastecida con gas\u201d<\/span><\/p>\n<\/blockquote>\n<p>&nbsp;<\/p>\n<p class=\"p1\"><span style=\"font-size: 18pt; color: #139eca;\"><strong>El mandatario Andr\u00e9s Manuel L\u00f3pez Obrador<span class=\"Apple-converted-space\">\u00a0 <\/span>dijo que igualmente se tiene el proyecto de la construcci\u00f3n de la nueva planta, el asunto es que la terminar\u00edamos hasta el 2026 \u201cya no nos iba a aguantar la demanda porque est\u00e1 creciendo mucho Baja California Sur\u201d.<\/strong><\/span><\/p>\n<p>&nbsp;<\/p>\n<p class=\"p1\"><span style=\"font-size: 18pt;\"><strong>Por su parte, el gobernador V\u00edctor Manuel Castro Cos\u00edo agradeci\u00f3 la pronta respuesta del Gobierno de M\u00e9xico a esta solicitud que mejorar\u00e1 la calidad de vida de la poblaci\u00f3n y cuidar\u00e1 el ambiente.<\/strong><\/span><\/p>\n<p>&nbsp;<\/p>\n<blockquote>\n<p class=\"p1\"><span style=\"font-size: 14pt;\">Para todos los que vivimos ac\u00e1 es una extraordinaria noticia porque va a desaparecer esa nata que deja el combust\u00f3leo en el medio ambiente y que no era algo menor; nunca hab\u00edamos pensado que, en tanto poco tiempo, \u00edbamos a quitar este mal que tienen d\u00e9cadas haciendo da\u00f1o al medio ambiente\u201d<\/span><\/p>\n<\/blockquote>\n","protected":false},"excerpt":{"rendered":"<p>&nbsp; LA PAZ, BAJA CALIFORNIA. El presidente Andr\u00e9s Manuel L\u00f3pez Obrador anunci\u00f3 la compra por 180 millones de d\u00f3lares de<\/p>\n","protected":false},"author":4,"featured_media":11972,"comment_status":"closed","ping_status":"closed","sticky":false,"template":"","format":"standard","meta":{"colormag_page_container_layout":"default_layout","colormag_page_sidebar_layout":"default_layout","_jetpack_memberships_contains_paid_content":false,"footnotes":"","jetpack_publicize_message":"","jetpack_publicize_feature_enabled":true,"jetpack_social_post_already_shared":false,"jetpack_social_options":{"image_generator_settings":{"template":"highway","default_image_id":0,"font":"","enabled":false},"version":2}},"categories":[30],"tags":[95,1708,1707,995,84,1709],"class_list":["post-11970","post","type-post","status-publish","format-standard","has-post-thumbnail","hentry","category-estados","tag-andres-manuel-lopez-obrador","tag-apagones","tag-baja-california-sur","tag-cfe","tag-electricidad","tag-victor-manuel-castro"],"jetpack_publicize_connections":[],"jetpack_featured_media_url":"https:\/\/i0.wp.com\/politicosaldesnudo.com.mx\/wp-content\/uploads\/2022\/10\/P-TERMOELECTRICA-BCS-2.png?fit=1816%2C1016&ssl=1","jetpack-related-posts":[],"jetpack_sharing_enabled":true,"_links":{"self":[{"href":"https:\/\/politicosaldesnudo.com.mx\/index.php\/wp-json\/wp\/v2\/posts\/11970","targetHints":{"allow":["GET"]}}],"collection":[{"href":"https:\/\/politicosaldesnudo.com.mx\/index.php\/wp-json\/wp\/v2\/posts"}],"about":[{"href":"https:\/\/politicosaldesnudo.com.mx\/index.php\/wp-json\/wp\/v2\/types\/post"}],"author":[{"embeddable":true,"href":"https:\/\/politicosaldesnudo.com.mx\/index.php\/wp-json\/wp\/v2\/users\/4"}],"replies":[{"embeddable":true,"href":"https:\/\/politicosaldesnudo.com.mx\/index.php\/wp-json\/wp\/v2\/comments?post=11970"}],"version-history":[{"count":0,"href":"https:\/\/politicosaldesnudo.com.mx\/index.php\/wp-json\/wp\/v2\/posts\/11970\/revisions"}],"wp:featuredmedia":[{"embeddable":true,"href":"https:\/\/politicosaldesnudo.com.mx\/index.php\/wp-json\/wp\/v2\/media\/11972"}],"wp:attachment":[{"href":"https:\/\/politicosaldesnudo.com.mx\/index.php\/wp-json\/wp\/v2\/media?parent=11970"}],"wp:term":[{"taxonomy":"category","embeddable":true,"href":"https:\/\/politicosaldesnudo.com.mx\/index.php\/wp-json\/wp\/v2\/categories?post=11970"},{"taxonomy":"post_tag","embeddable":true,"href":"https:\/\/politicosaldesnudo.com.mx\/index.php\/wp-json\/wp\/v2\/tags?post=11970"}],"curies":[{"name":"wp","href":"https:\/\/api.w.org\/{rel}","templated":true}]}}