{"id":11977,"date":"2022-10-30T11:00:59","date_gmt":"2022-10-30T17:00:59","guid":{"rendered":"https:\/\/politicosaldesnudo.com.mx\/?p=11977"},"modified":"2022-10-31T03:32:06","modified_gmt":"2022-10-31T09:32:06","slug":"lula-da-silva-recupera-la-presidencia-de-brasil","status":"publish","type":"post","link":"https:\/\/politicosaldesnudo.com.mx\/index.php\/2022\/10\/30\/lula-da-silva-recupera-la-presidencia-de-brasil\/","title":{"rendered":"Lula Da Silva recupera la presidencia\u00a0de Brasil"},"content":{"rendered":"<p>&nbsp;<\/p>\n<p class=\"p1\"><span style=\"font-size: 14pt;\"><em><strong>SAO PAULO, BRASIL.<\/strong> <\/em><strong>Luiz In\u00e1cio Lula Da Silva lo ha vuelto a hacer: 20 a\u00f1os despu\u00e9s de ganar por primera vez la presidencia de Brasil<\/strong>, el izquierdista derrot\u00f3 este domingo al titular Jair Bolsonaro en unas elecciones extremadamente re\u00f1idas que marcan un cambio radical para el pa\u00eds despu\u00e9s de cuatro a\u00f1os de pol\u00edtica de extrema derecha.<\/span><\/p>\n<p class=\"p1\"><span style=\"font-size: 18pt;\"><strong>Con el 99.9% de los votos escrutados en la segunda vuelta, Lula Da Silva obtuvo el 50.9% y Bolsonaro el 49.1%, y la autoridad electoral dijo que la victoria de da Silva era una certeza matem\u00e1tica. Aproximadamente a las 22:00 hora local, tres horas despu\u00e9s de conocerse los resultados, se apagaron las luces en el palacio presidencial y Bolsonaro no hab\u00eda cedido ni reaccionado de ninguna manera.<\/strong><\/span><\/p>\n<p class=\"p1\"><span style=\"font-size: 14pt;\">Antes de la votaci\u00f3n, la campa\u00f1a de Bolsonaro hab\u00eda hecho afirmaciones repetidas, no comprobadas, de posible manipulaci\u00f3n electoral, lo que gener\u00f3 temores de que no aceptar\u00eda la derrota y desafiar\u00eda los resultados si perd\u00eda.<\/span><\/p>\n<p>&nbsp;<\/p>\n<p><img data-recalc-dims=\"1\" loading=\"lazy\" decoding=\"async\" class=\"aligncenter wp-image-11980 size-large\" src=\"https:\/\/i0.wp.com\/politicosaldesnudo.com.mx\/wp-content\/uploads\/2022\/10\/P-LULA-PRESIDENCIA-3-1024x573.png?resize=800%2C448&#038;ssl=1\" alt=\"\" width=\"800\" height=\"448\" srcset=\"https:\/\/i0.wp.com\/politicosaldesnudo.com.mx\/wp-content\/uploads\/2022\/10\/P-LULA-PRESIDENCIA-3.png?resize=1024%2C573&amp;ssl=1 1024w, https:\/\/i0.wp.com\/politicosaldesnudo.com.mx\/wp-content\/uploads\/2022\/10\/P-LULA-PRESIDENCIA-3.png?resize=300%2C168&amp;ssl=1 300w, https:\/\/i0.wp.com\/politicosaldesnudo.com.mx\/wp-content\/uploads\/2022\/10\/P-LULA-PRESIDENCIA-3.png?resize=768%2C430&amp;ssl=1 768w, https:\/\/i0.wp.com\/politicosaldesnudo.com.mx\/wp-content\/uploads\/2022\/10\/P-LULA-PRESIDENCIA-3.png?resize=1536%2C859&amp;ssl=1 1536w, https:\/\/i0.wp.com\/politicosaldesnudo.com.mx\/wp-content\/uploads\/2022\/10\/P-LULA-PRESIDENCIA-3.png?w=1816&amp;ssl=1 1816w, https:\/\/i0.wp.com\/politicosaldesnudo.com.mx\/wp-content\/uploads\/2022\/10\/P-LULA-PRESIDENCIA-3.png?w=1600&amp;ssl=1 1600w\" sizes=\"auto, (max-width: 800px) 100vw, 800px\" \/><\/p>\n<p>&nbsp;<\/p>\n<p class=\"p1\"><span style=\"font-size: 14pt;\">La elecci\u00f3n de alto riesgo fue un rev\u00e9s sorprendente para da Silva, de 77 a\u00f1os, cuyo encarcelamiento por corrupci\u00f3n lo dej\u00f3 fuera de las elecciones de 2018 que llevaron al poder a Bolsonaro, un defensor de los valores sociales conservadores.<\/span><\/p>\n<p>&nbsp;<\/p>\n<blockquote>\n<p class=\"p1\"><span style=\"font-size: 14pt;\">Hoy el \u00fanico ganador es el pueblo brasile\u00f1o\u201d, dijo da Silva en un discurso en un hotel en el centro de Sao Paulo. \u201cEsta no es una victoria m\u00eda ni del Partido de los Trabajadores, ni de los partidos que me apoyaron en campa\u00f1a. Es la victoria de un movimiento democr\u00e1tico que se form\u00f3 por encima de los partidos pol\u00edticos, los intereses personales y las ideolog\u00edas para que la democracia saliera victoriosa\u201d<\/span><\/p>\n<\/blockquote>\n<p>&nbsp;<\/p>\n<p class=\"p1\"><span style=\"font-size: 18pt;\"><strong>Da Silva promete gobernar m\u00e1s all\u00e1 de su partido.\u00a0Quiere traer a los centristas e incluso a algunos de derecha que votaron por \u00e9l por primera vez, y restaurar el pasado m\u00e1s pr\u00f3spero del pa\u00eds.\u00a0Sin embargo, enfrenta vientos en contra en una sociedad pol\u00edticamente polarizada donde se pronostica que el crecimiento econ\u00f3mico se desacelerar\u00e1 y la inflaci\u00f3n se mantendr\u00e1 alta.<\/strong><\/span><\/p>\n<p>&nbsp;<\/p>\n<p><img data-recalc-dims=\"1\" loading=\"lazy\" decoding=\"async\" class=\"aligncenter wp-image-11979 size-large\" src=\"https:\/\/i0.wp.com\/politicosaldesnudo.com.mx\/wp-content\/uploads\/2022\/10\/P-LULA-PRESIDENCIA-2-1024x573.png?resize=800%2C448&#038;ssl=1\" alt=\"\" width=\"800\" height=\"448\" srcset=\"https:\/\/i0.wp.com\/politicosaldesnudo.com.mx\/wp-content\/uploads\/2022\/10\/P-LULA-PRESIDENCIA-2.png?resize=1024%2C573&amp;ssl=1 1024w, https:\/\/i0.wp.com\/politicosaldesnudo.com.mx\/wp-content\/uploads\/2022\/10\/P-LULA-PRESIDENCIA-2.png?resize=300%2C168&amp;ssl=1 300w, https:\/\/i0.wp.com\/politicosaldesnudo.com.mx\/wp-content\/uploads\/2022\/10\/P-LULA-PRESIDENCIA-2.png?resize=768%2C430&amp;ssl=1 768w, https:\/\/i0.wp.com\/politicosaldesnudo.com.mx\/wp-content\/uploads\/2022\/10\/P-LULA-PRESIDENCIA-2.png?resize=1536%2C859&amp;ssl=1 1536w, https:\/\/i0.wp.com\/politicosaldesnudo.com.mx\/wp-content\/uploads\/2022\/10\/P-LULA-PRESIDENCIA-2.png?w=1816&amp;ssl=1 1816w, https:\/\/i0.wp.com\/politicosaldesnudo.com.mx\/wp-content\/uploads\/2022\/10\/P-LULA-PRESIDENCIA-2.png?w=1600&amp;ssl=1 1600w\" sizes=\"auto, (max-width: 800px) 100vw, 800px\" \/><\/p>\n<p>&nbsp;<\/p>\n<p class=\"p1\"><span style=\"font-size: 18pt;\"><strong>Esta fue la elecci\u00f3n m\u00e1s re\u00f1ida del pa\u00eds desde su regreso a la democracia en 1985, y la primera vez que un presidente en ejercicio no logr\u00f3 la reelecci\u00f3n. Poco m\u00e1s de 2 millones de votos separaron a los dos candidatos; la contienda anterior m\u00e1s re\u00f1ida, en 2014, se decidi\u00f3 por un margen de aproximadamente 3.5 millones de votos.<\/strong><\/span><\/p>\n<p class=\"p1\"><span style=\"font-size: 14pt;\">La elecci\u00f3n altamente polarizada en la econom\u00eda m\u00e1s grande de Am\u00e9rica Latina extendi\u00f3 una ola de recientes victorias de izquierda en la regi\u00f3n, incluidos Chile, Colombia y Argentina.<\/span><\/p>\n<p class=\"p1\"><span style=\"font-size: 14pt;\">La toma de posesi\u00f3n de Da Silva est\u00e1 programada para el 1 de enero. Ocup\u00f3 el cargo de presidente por \u00faltima vez entre 2003 y 2010.<\/span><\/p>\n<p class=\"p1\"><span style=\"font-size: 18pt;\"><strong>Thomas Traumann, un analista pol\u00edtico independiente, compar\u00f3 los resultados con la victoria de Biden en 2020 y dijo que da Silva est\u00e1 heredando una naci\u00f3n extremadamente dividida.<\/strong><\/span><\/p>\n<p>&nbsp;<\/p>\n<p>&nbsp;<\/p>\n<p>&nbsp;<\/p>\n<p>&nbsp;<\/p>\n<p>&nbsp;<\/p>\n","protected":false},"excerpt":{"rendered":"<p>&nbsp; SAO PAULO, BRASIL. Luiz In\u00e1cio Lula Da Silva lo ha vuelto a hacer: 20 a\u00f1os despu\u00e9s de ganar por<\/p>\n","protected":false},"author":4,"featured_media":11978,"comment_status":"closed","ping_status":"closed","sticky":false,"template":"","format":"standard","meta":{"colormag_page_container_layout":"default_layout","colormag_page_sidebar_layout":"default_layout","_jetpack_memberships_contains_paid_content":false,"footnotes":"","jetpack_publicize_message":"","jetpack_publicize_feature_enabled":true,"jetpack_social_post_already_shared":false,"jetpack_social_options":{"image_generator_settings":{"template":"highway","default_image_id":0,"font":"","enabled":false},"version":2}},"categories":[28],"tags":[284,52,404,1710],"class_list":["post-11977","post","type-post","status-publish","format-standard","has-post-thumbnail","hentry","category-internacional","tag-brasil","tag-izquierda","tag-lula-da-silva","tag-presidencia"],"jetpack_publicize_connections":[],"jetpack_featured_media_url":"https:\/\/i0.wp.com\/politicosaldesnudo.com.mx\/wp-content\/uploads\/2022\/10\/P-LULA-PRESIDENCIA-1.png?fit=1816%2C1016&ssl=1","jetpack-related-posts":[],"jetpack_sharing_enabled":true,"_links":{"self":[{"href":"https:\/\/politicosaldesnudo.com.mx\/index.php\/wp-json\/wp\/v2\/posts\/11977","targetHints":{"allow":["GET"]}}],"collection":[{"href":"https:\/\/politicosaldesnudo.com.mx\/index.php\/wp-json\/wp\/v2\/posts"}],"about":[{"href":"https:\/\/politicosaldesnudo.com.mx\/index.php\/wp-json\/wp\/v2\/types\/post"}],"author":[{"embeddable":true,"href":"https:\/\/politicosaldesnudo.com.mx\/index.php\/wp-json\/wp\/v2\/users\/4"}],"replies":[{"embeddable":true,"href":"https:\/\/politicosaldesnudo.com.mx\/index.php\/wp-json\/wp\/v2\/comments?post=11977"}],"version-history":[{"count":0,"href":"https:\/\/politicosaldesnudo.com.mx\/index.php\/wp-json\/wp\/v2\/posts\/11977\/revisions"}],"wp:featuredmedia":[{"embeddable":true,"href":"https:\/\/politicosaldesnudo.com.mx\/index.php\/wp-json\/wp\/v2\/media\/11978"}],"wp:attachment":[{"href":"https:\/\/politicosaldesnudo.com.mx\/index.php\/wp-json\/wp\/v2\/media?parent=11977"}],"wp:term":[{"taxonomy":"category","embeddable":true,"href":"https:\/\/politicosaldesnudo.com.mx\/index.php\/wp-json\/wp\/v2\/categories?post=11977"},{"taxonomy":"post_tag","embeddable":true,"href":"https:\/\/politicosaldesnudo.com.mx\/index.php\/wp-json\/wp\/v2\/tags?post=11977"}],"curies":[{"name":"wp","href":"https:\/\/api.w.org\/{rel}","templated":true}]}}