{"id":11991,"date":"2022-10-31T01:59:40","date_gmt":"2022-10-31T07:59:40","guid":{"rendered":"https:\/\/politicosaldesnudo.com.mx\/?p=11991"},"modified":"2022-10-31T01:59:47","modified_gmt":"2022-10-31T07:59:47","slug":"calderon-para-jefe-de-gobierno-como-kryptonita-de-amlo","status":"publish","type":"post","link":"https:\/\/politicosaldesnudo.com.mx\/index.php\/2022\/10\/31\/calderon-para-jefe-de-gobierno-como-kryptonita-de-amlo\/","title":{"rendered":"Calder\u00f3n para jefe de Gobierno como Kryptonita de AMLO"},"content":{"rendered":"<p>&nbsp;<\/p>\n<p class=\"p1\"><span style=\"font-size: 18pt;\"><b>Por Jos\u00e9 Ure\u00f1a<\/b><\/span><\/p>\n<p class=\"p1\"><span style=\"font-size: 14pt;\">Los ataques de Palacio Nacional no cesan. Y, parodia a Jes\u00fas Reyes Heroles, los ataques fracasados terminan por fortalecer a quien se quiere desprestigiar en extremo.<\/span><\/p>\n<p class=\"p1\"><span style=\"font-size: 14pt;\">Hablamos de Felipe Calder\u00f3n Hinojosa.<\/span><\/p>\n<p class=\"p1\"><span style=\"font-size: 14pt;\">El vencedor de L\u00f3pez Obrador en 2006 -aiga sido como aiga sido, dijo \u00e9l en pleno ejercicio de la Presidencia-, ha sido retrotra\u00eddo. \u00bfPor qu\u00e9?<\/span><\/p>\n<p class=\"p1\"><span style=\"font-size: 14pt;\">Porque es obsesi\u00f3n de aquel derrotado -con Enrique Pe\u00f1a Nieto fue su segundo fracaso- y de toda su comunidad de fieles a ciegas.<\/span><\/p>\n<p class=\"p1\"><span style=\"font-size: 14pt;\">A \u00e9l se refiere Ad\u00e1n Augusto L\u00f3pez en su viaje innecesario por el pa\u00eds para conseguir lo obvio: avales legislativos para mantener a las Fuerzas Armadas en la calle hasta 2028.<\/span><\/p>\n<p class=\"p1\"><span style=\"font-size: 14pt;\">Innecesario porque el partido de Estado domina los Congresos locales y todos son sometidos sin respeto ni autonom\u00eda ni contemplaciones desde el poder central.<\/span><\/p>\n<p class=\"p1\"><span style=\"font-size: 14pt;\">Hay una investigaci\u00f3n internacional en contra del expresidente, dijo el secretario de Gobernaci\u00f3n al Legislativo de Michoac\u00e1n, para luego ser desmentido por su jefe.<\/span><\/p>\n<p>&nbsp;<\/p>\n<p class=\"p1\"><span style=\"font-size: 18pt; color: #139eca;\"><b>AD\u00c1N DICE Y SE DESDICE<\/b><\/span><\/p>\n<p class=\"p1\"><span style=\"font-size: 14pt;\">No nada m\u00e1s eso, acot\u00f3 Ad\u00e1n Augusto L\u00f3pez. Felipe Calder\u00f3n y su gobierno se volvieron en traficantes de armas al desviar los avituallamientos hacia el mercado negro, hacia el crimen organizado.<\/span><\/p>\n<p class=\"p1\"><span style=\"font-size: 14pt;\">Lo dijo as\u00ed: \u201cCuando hablamos de compras de armamento, todo mundo recuerda c\u00f3mo en la \u00e9poca de Felipe Calder\u00f3n no nada m\u00e1s ah\u00ed se militariz\u00f3 al pa\u00eds, sino en el colmo de la desverg\u00fcenza termin\u00f3 Calder\u00f3n y su gobierno convertidos en traficantes de armas\u2026<\/span><\/p>\n<p class=\"p1\"><span style=\"font-size: 14pt;\">\u201cLas armas que iban destinadas para nuestras Fuerzas Armadas, para la polic\u00eda, terminaron vendi\u00e9ndose a la delincuencia organizada. Por eso est\u00e1 detenido en los Estados Unidos (Genaro) Garc\u00eda Luna\u2026\u201d.<\/span><\/p>\n<p class=\"p1\"><span style=\"font-size: 14pt;\">Luego se desdijo, como acostumbran altos funcionarios de este Gobierno, pero lo dicho est\u00e1 y eso ha reposicionado al exmandatario.<\/span><\/p>\n<p class=\"p1\"><span style=\"font-size: 14pt;\">\u00bfDe qu\u00e9 manera? Se lo digo de verdad: No paran las muestras de solidaridad a Calder\u00f3n a \u00e9l se dirigen pol\u00edticos de primer nivel, de oposici\u00f3n y de Gobierno, para pedirle su reaparici\u00f3n en la vida p\u00fablica.<\/span><\/p>\n<p class=\"p1\"><span style=\"font-size: 14pt;\">\u00bfEn serio? S\u00ed: le proponen postularse a la Jefatura de Gobierno de la Ciudad de M\u00e9xico porque, le subrayan, es la Kryptonita de L\u00f3pez Obrador y puede conciliar a la sociedad civil.<\/span><\/p>\n<p class=\"p1\"><span style=\"font-size: 14pt;\">-Esto apenas comienza -me dijo una vez Felipe Calder\u00f3n cuando le pregunt\u00e9 si se ver\u00eda de nuevo en un primer\u00edsimo nivel. Las condiciones ya empiezan a prefigur\u00e1rsele.<\/span><\/p>\n<p>&nbsp;<\/p>\n<p class=\"p1\"><span style=\"font-size: 18pt; color: #139eca;\"><b>LISTO PARA CONTENDER<\/b><\/span><\/p>\n<p class=\"p1\"><span style=\"font-size: 14pt;\">Vayan varias reflexiones para quienes creen muerto a Felipe Calder\u00f3n.<\/span><\/p>\n<p class=\"p1\"><span style=\"font-size: 14pt;\">Su esposa Margarita Zavala lider\u00f3 durante a\u00f1os las encuestas para la Presidencia de la Rep\u00fablica en 2018, pero le quitaron el derecho a contender al negarle registro a M\u00e9xico Libre.<\/span><\/p>\n<p class=\"p1\"><span style=\"font-size: 14pt;\">Tres a\u00f1os despu\u00e9s, en 2021, la oposici\u00f3n le neg\u00f3 una diputaci\u00f3n de representaci\u00f3n proporcional y, en un hecho de dignidad, contendi\u00f3 y fue la diputada federal m\u00e1s votada del pa\u00eds.<\/span><\/p>\n<p class=\"p1\"><span style=\"font-size: 14pt;\">Hoy ella piensa en la reelecci\u00f3n o en la b\u00fasqueda de una senadur\u00eda en lugar de contender por la Primera Magistratura, pero estar\u00e1 al lado de quienes luchan por preservar la democracia, al INE, al Trife\u2026<\/span><\/p>\n<p class=\"p1\"><span style=\"font-size: 14pt;\">Siempre ir\u00e1 del brazo pol\u00edtico de Felipe Calder\u00f3n, pero medir\u00e1n la suerte de X\u00f3chitl G\u00e1lvez, L\u00eda Lim\u00f3n y otros y de s\u00ed mismos. Pero no lo dude: los Calder\u00f3n estar\u00e1n en la lucha.<\/span><\/p>\n<p>&nbsp;<\/p>\n<p><span style=\"font-size: 18pt; color: #139eca;\"><em><strong>**Las columnas firmadas en este medio son responsabilidad de quienes las firman**<\/strong><\/em><\/span><\/p>\n<p>&nbsp;<\/p>\n<p>&nbsp;<\/p>\n","protected":false},"excerpt":{"rendered":"<p>&nbsp; Por Jos\u00e9 Ure\u00f1a Los ataques de Palacio Nacional no cesan. Y, parodia a Jes\u00fas Reyes Heroles, los ataques fracasados<\/p>\n","protected":false},"author":4,"featured_media":4036,"comment_status":"closed","ping_status":"closed","sticky":false,"template":"","format":"standard","meta":{"colormag_page_container_layout":"default_layout","colormag_page_sidebar_layout":"default_layout","_jetpack_memberships_contains_paid_content":false,"footnotes":"","jetpack_publicize_message":"","jetpack_publicize_feature_enabled":true,"jetpack_social_post_already_shared":false,"jetpack_social_options":{"image_generator_settings":{"template":"highway","default_image_id":0,"font":"","enabled":false},"version":2}},"categories":[26],"tags":[],"class_list":["post-11991","post","type-post","status-publish","format-standard","has-post-thumbnail","hentry","category-columnistas"],"jetpack_publicize_connections":[],"jetpack_featured_media_url":"https:\/\/i0.wp.com\/politicosaldesnudo.com.mx\/wp-content\/uploads\/2022\/04\/JOSE%CC%81-UREN%CC%83A-1.png?fit=1816%2C1016&ssl=1","jetpack-related-posts":[],"jetpack_sharing_enabled":true,"_links":{"self":[{"href":"https:\/\/politicosaldesnudo.com.mx\/index.php\/wp-json\/wp\/v2\/posts\/11991","targetHints":{"allow":["GET"]}}],"collection":[{"href":"https:\/\/politicosaldesnudo.com.mx\/index.php\/wp-json\/wp\/v2\/posts"}],"about":[{"href":"https:\/\/politicosaldesnudo.com.mx\/index.php\/wp-json\/wp\/v2\/types\/post"}],"author":[{"embeddable":true,"href":"https:\/\/politicosaldesnudo.com.mx\/index.php\/wp-json\/wp\/v2\/users\/4"}],"replies":[{"embeddable":true,"href":"https:\/\/politicosaldesnudo.com.mx\/index.php\/wp-json\/wp\/v2\/comments?post=11991"}],"version-history":[{"count":0,"href":"https:\/\/politicosaldesnudo.com.mx\/index.php\/wp-json\/wp\/v2\/posts\/11991\/revisions"}],"wp:featuredmedia":[{"embeddable":true,"href":"https:\/\/politicosaldesnudo.com.mx\/index.php\/wp-json\/wp\/v2\/media\/4036"}],"wp:attachment":[{"href":"https:\/\/politicosaldesnudo.com.mx\/index.php\/wp-json\/wp\/v2\/media?parent=11991"}],"wp:term":[{"taxonomy":"category","embeddable":true,"href":"https:\/\/politicosaldesnudo.com.mx\/index.php\/wp-json\/wp\/v2\/categories?post=11991"},{"taxonomy":"post_tag","embeddable":true,"href":"https:\/\/politicosaldesnudo.com.mx\/index.php\/wp-json\/wp\/v2\/tags?post=11991"}],"curies":[{"name":"wp","href":"https:\/\/api.w.org\/{rel}","templated":true}]}}