{"id":11994,"date":"2022-10-31T02:02:01","date_gmt":"2022-10-31T08:02:01","guid":{"rendered":"https:\/\/politicosaldesnudo.com.mx\/?p=11994"},"modified":"2022-10-31T02:02:15","modified_gmt":"2022-10-31T08:02:15","slug":"en-huatusco-las-fiestas-de-xantolo-2022","status":"publish","type":"post","link":"https:\/\/politicosaldesnudo.com.mx\/index.php\/2022\/10\/31\/en-huatusco-las-fiestas-de-xantolo-2022\/","title":{"rendered":"En Huatusco las Fiestas de Xantolo 2022"},"content":{"rendered":"<p>&nbsp;<\/p>\n<p class=\"p1\"><span style=\"font-size: 18pt;\"><b>Por Ra\u00fal L\u00f3pez G\u00f3mez<\/b><\/span><\/p>\n<p class=\"p1\"><span style=\"font-size: 14pt;\">En familia se deben preservar y disfrutar tradiciones como el Xantolo: Sergio Guti\u00e9rrez Luna<span class=\"Apple-converted-space\">\u00a0<\/span><\/span><\/p>\n<p class=\"p1\"><span style=\"font-size: 14pt;\">Acompa\u00f1ado de su esposa e hijos, el diputado federal veracruzano particip\u00f3 en el colorido ceremonial y nutrido desfile por el D\u00eda de Muertos realizado en Huatusco<\/span><\/p>\n<p class=\"p1\"><span style=\"font-size: 14pt;\">La fiesta de los vivos con los muertos a trav\u00e9s de la danza, m\u00fasica y coloridas vestimentas, Xantolo Huatusco 2022, fue inaugurada por el diputado federal veracruzano, Sergio Guti\u00e9rrez Luna, quien con su familia se sum\u00f3 a los danzantes en el espectacular recorrido realizado por las<span class=\"Apple-converted-space\">\u00a0 <\/span>principales calles de esta ciudad.<\/span><\/p>\n<p class=\"p1\"><span style=\"font-size: 14pt;\">Cientos de personas vestidas de m\u00faltiples colores, maquillajes y m\u00e1scaras representando a los seres queridos que partieron al m\u00e1s all\u00e1 llegaron de Totutla, Comapa, Ixhuatlan del Caf\u00e9, Pas\u00f3 del Macho, entre otros municipios de las Altas Monta\u00f1as, convocados por el \u201cCentro Art\u00edstico Cultural Quetzal Tohua\u201d, dirigido por Gerardo Huerta Colorado.<\/span><\/p>\n<p class=\"p1\"><span style=\"font-size: 14pt;\">Presentes, su esposa, Diana Karina Barreras Samaniego, presidenta del Congreso de Sonora, as\u00ed como sus hijos, Sergio y V\u00edctor, el legislador federal minatitleco expres\u00f3 que tradiciones como el D\u00eda de Muertos deben inculcarse a los ni\u00f1os para preservarlas y disfrutarse en familia.<\/span><\/p>\n<p class=\"p1\"><span style=\"font-size: 14pt;\">Despu\u00e9s de agradecer la invitaci\u00f3n y la hospitalidad, Guti\u00e9rrez Luna reiter\u00f3 su compromiso para apoyar estas manifestaciones culturales con el fin de engrandecerlas y extenderlas por todo el pa\u00eds cada a\u00f1o.<\/span><\/p>\n<p class=\"p1\"><span style=\"font-size: 14pt;\">El culto a los muertos, es una de las tradiciones m\u00e1s arraigadas en la cultura mexicana.<span class=\"Apple-converted-space\">\u00a0<\/span><\/span><\/p>\n<p class=\"p1\"><span style=\"font-size: 14pt;\">En Veracruz tiene diferentes manifestaciones, una de ellas es el conocido Xantolo, con la danza de La Viejada, en la regi\u00f3n de la Huasteca, al norte de Veracruz, que se extendi\u00f3 a las Altas Monta\u00f1as en un hermanamiento fruct\u00edfero que se mostr\u00f3 en Xantolo Huatusco 2022.<\/span><\/p>\n<p class=\"p1\"><span style=\"font-size: 14pt;\">Bajo el lema \u201cUnidos por la Tradici\u00f3n\u201d empez\u00f3 el desfile, el Xantolo, donde los danzantes al ritmo de la m\u00fasica y cantos, representaron el alma de los difuntos que retornan en D\u00eda de Muertos, para convivir con sus seres queridos en el mundo de los vivos.<\/span><\/p>\n<p class=\"p1\"><span style=\"font-size: 14pt;\">En semanas previas, los integrantes del \u201cCentro Art\u00edstico Cultural Quetzal Tohua\u201d invitaron a su paisano, diputado federal, Sergio Guti\u00e9rrez Luna, a participar en este evento que, adem\u00e1s de preservar tradiciones y costumbres, representa un detonante tur\u00edstico y econ\u00f3mico para la regi\u00f3n de las Altas Monta\u00f1as, en la post pandemia del Covid 19.<\/span><\/p>\n<p class=\"p1\"><span style=\"font-size: 14pt;\">En su calidad de padrino del Xantolo, despu\u00e9s de la inauguraci\u00f3n, el representante popular veracruzano y su familia fueron invitados a sumarse a la caravana multicolor para recorrer las calles de Huatusco donde miles de personas fueron part\u00edcipes de este singular ceremonial de Culto a los Muertos.<\/span><\/p>\n<p class=\"p1\"><span style=\"font-size: 14pt;\">Posteriormente, para cerrar la fiesta familiar de vivos y muertos, en el parque principal, \u201cAgust\u00edn Chicuellar\u201d los organizadores y el padrino, Sergio Guti\u00e9rrez Luna, entregaron reconocimientos a los grupos de danzantes, m\u00fasicos y promotores de esta celebraci\u00f3n quienes establecieron el compromiso de preservar esta tradici\u00f3n y presentarla en 2023. As\u00ed las cosas.<\/span><\/p>\n<p>&nbsp;<\/p>\n<p><span style=\"font-size: 18pt; color: #319eca;\"><em><strong>**Las columnas firmadas en este medio son responsabilidad de quienes las firman**<\/strong><\/em><\/span><\/p>\n<p>&nbsp;<\/p>\n<p>&nbsp;<\/p>\n<p>&nbsp;<\/p>\n","protected":false},"excerpt":{"rendered":"<p>&nbsp; Por Ra\u00fal L\u00f3pez G\u00f3mez En familia se deben preservar y disfrutar tradiciones como el Xantolo: Sergio Guti\u00e9rrez Luna\u00a0 Acompa\u00f1ado<\/p>\n","protected":false},"author":4,"featured_media":4378,"comment_status":"closed","ping_status":"closed","sticky":false,"template":"","format":"standard","meta":{"colormag_page_container_layout":"default_layout","colormag_page_sidebar_layout":"default_layout","_jetpack_memberships_contains_paid_content":false,"footnotes":"","jetpack_publicize_message":"","jetpack_publicize_feature_enabled":true,"jetpack_social_post_already_shared":false,"jetpack_social_options":{"image_generator_settings":{"template":"highway","default_image_id":0,"font":"","enabled":false},"version":2}},"categories":[26],"tags":[],"class_list":["post-11994","post","type-post","status-publish","format-standard","has-post-thumbnail","hentry","category-columnistas"],"jetpack_publicize_connections":[],"jetpack_featured_media_url":"https:\/\/i0.wp.com\/politicosaldesnudo.com.mx\/wp-content\/uploads\/2022\/04\/RAU%CC%81L-LO%CC%81PEZ-GO%CC%81MEZ.png?fit=1816%2C1016&ssl=1","jetpack-related-posts":[],"jetpack_sharing_enabled":true,"_links":{"self":[{"href":"https:\/\/politicosaldesnudo.com.mx\/index.php\/wp-json\/wp\/v2\/posts\/11994","targetHints":{"allow":["GET"]}}],"collection":[{"href":"https:\/\/politicosaldesnudo.com.mx\/index.php\/wp-json\/wp\/v2\/posts"}],"about":[{"href":"https:\/\/politicosaldesnudo.com.mx\/index.php\/wp-json\/wp\/v2\/types\/post"}],"author":[{"embeddable":true,"href":"https:\/\/politicosaldesnudo.com.mx\/index.php\/wp-json\/wp\/v2\/users\/4"}],"replies":[{"embeddable":true,"href":"https:\/\/politicosaldesnudo.com.mx\/index.php\/wp-json\/wp\/v2\/comments?post=11994"}],"version-history":[{"count":0,"href":"https:\/\/politicosaldesnudo.com.mx\/index.php\/wp-json\/wp\/v2\/posts\/11994\/revisions"}],"wp:featuredmedia":[{"embeddable":true,"href":"https:\/\/politicosaldesnudo.com.mx\/index.php\/wp-json\/wp\/v2\/media\/4378"}],"wp:attachment":[{"href":"https:\/\/politicosaldesnudo.com.mx\/index.php\/wp-json\/wp\/v2\/media?parent=11994"}],"wp:term":[{"taxonomy":"category","embeddable":true,"href":"https:\/\/politicosaldesnudo.com.mx\/index.php\/wp-json\/wp\/v2\/categories?post=11994"},{"taxonomy":"post_tag","embeddable":true,"href":"https:\/\/politicosaldesnudo.com.mx\/index.php\/wp-json\/wp\/v2\/tags?post=11994"}],"curies":[{"name":"wp","href":"https:\/\/api.w.org\/{rel}","templated":true}]}}