{"id":12089,"date":"2022-11-01T07:03:57","date_gmt":"2022-11-01T13:03:57","guid":{"rendered":"https:\/\/politicosaldesnudo.com.mx\/?p=12089"},"modified":"2022-11-01T07:04:39","modified_gmt":"2022-11-01T13:04:39","slug":"desalojo-a-vendedores-del-malecon","status":"publish","type":"post","link":"https:\/\/politicosaldesnudo.com.mx\/index.php\/2022\/11\/01\/desalojo-a-vendedores-del-malecon\/","title":{"rendered":"Desalojo a vendedores del Malec\u00f3n"},"content":{"rendered":"<p>&nbsp;<\/p>\n<p class=\"p1\"><span style=\"font-size: 18pt;\"><strong>&lt;&lt; Con la fuerza p\u00fablica de la polic\u00eda municipal los quitaron del paseo &gt;&gt;<\/strong><\/span><\/p>\n<p class=\"p1\"><span style=\"font-size: 18pt;\"><strong>&lt;&lt; Son vendedores ambulantes que no hacen da\u00f1o a nadie &gt;&gt;<\/strong><\/span><\/p>\n<p class=\"p1\"><span style=\"font-size: 18pt;\"><strong>&lt;&lt; Tratan de sobrevivir a la crisis econ\u00f3mica que sufren todos &gt;&gt;<\/strong><\/span><\/p>\n<p>&nbsp;<\/p>\n<p class=\"p1\"><span style=\"font-size: 18pt;\"><strong>Por Miguel \u00c1ngel Cristiani Gonz\u00e1lez<\/strong><\/span><\/p>\n<p class=\"p1\"><span style=\"font-size: 14pt;\">Indignaci\u00f3n fue lo m\u00ednimo que caus\u00f3 el video que circul\u00f3 este fin de semana en las benditas redes sociales, en donde se ve a polic\u00edas y personal del ayuntamiento de Veracruz, desalojando con la fuerza p\u00fablica, a los vendedores ambulantes que se encontraban sobre el malec\u00f3n del paseo.<\/span><\/p>\n<p class=\"p1\"><span style=\"font-size: 14pt;\">De nada vali\u00f3 que les gritaran a los polic\u00edas \u00a1Son Mujeres, Son Mujeres! Como se escucha en la grabaci\u00f3n, para que primero destrozaran un carrito de aguas frescas, al que intentaban subir a una gr\u00faa para llev\u00e1rselo con destino desconocido.<\/span><\/p>\n<p class=\"p1\"><span style=\"font-size: 14pt;\">Luego los polic\u00edas, separan a una mujer y la tiran al suelo para tratar de controlarla, como si se tratara de un peligroso delincuente al que ha que someter por la fuerza bruta.<\/span><\/p>\n<p class=\"p1\"><span style=\"font-size: 14pt;\">Todo esto ante la mira y el asombro de los turistas que se encontraban en esos momentos en el paseo del malec\u00f3n.<\/span><\/p>\n<p class=\"p1\"><span style=\"font-size: 14pt;\">La pregunta obligada es \u00bfen d\u00f3nde\u00a0se encontraba el personal de la Comisi\u00f3n Estatal de los Derechos Inhumanos? Que al igual que siempre que deber\u00eda de estar presente, brilla por su ausencia.<\/span><\/p>\n<p class=\"p1\"><span style=\"font-size: 14pt;\">Pero aun\u00a0as\u00ed, existen los videos que fueron grabados por turistas y comerciantes afectados, por si se quiere actuar conforme al derecho.<\/span><\/p>\n<p class=\"p1\"><span style=\"font-size: 14pt;\">Independientemente de las violaciones a los derechos de comerciantes ambulantes, que ya los abogados habr\u00e1n de comentar, resulta que esa es la peor forma de combatir o evitar el comercio informal.<\/span><\/p>\n<p class=\"p1\"><span style=\"font-size: 14pt;\">Tal parece que las autoridades municipales, que supuestamente encabeza la se\u00f1ora Patricia Lobeira de Yunes, ignoran que la crisis que se est\u00e1 padeciendo obliga a las familias a tener que buscar la forma de subsistir y una de ellas es precisamente el comercio informal.<\/span><\/p>\n<p class=\"p1\"><span style=\"font-size: 14pt;\">Pero esa falta de sensibilidad para atender los problemas, es lo que la ciudadan\u00eda del puerto habr\u00e1 de tener muy presente en la pr\u00f3xima vez que quienes ahora no saben utilizar el poder, salgan a las calles a buscar el voto popular.<\/span><\/p>\n<p class=\"p1\"><span style=\"font-size: 14pt;\">Por lo pronto los mensajes de reprobaci\u00f3n al mal proceder de las autoridades del municipio de Veracruz no se hicieron esperar en las redes sociales que manifestaron su inconformidad con textos como los siguientes: \u201cQue tristeza de verdad que tristeza. Porque se debi\u00f3 de actuar de otra manera. Personas golpeadas, personas defendiendo su fuente de trabajo. Las im\u00e1genes hablan por s\u00ed solas y en lo personal estos hechos hablan que los acuerdos o acercamientos entre autoridades y trabajadores ambulantes no hay, no ha habido, y creo que jam\u00e1s habr\u00e1.<\/span><\/p>\n<p class=\"p1\"><span style=\"font-size: 14pt;\">Estos actos Claro que se podr\u00edan evitar usando la inteligencia y una estrategia sin que hubiera tantas acciones y personas involucradas.<\/span><\/p>\n<p class=\"p1\"><span style=\"font-size: 14pt;\">Pero usaron el camino m\u00e1s dif\u00edcil, m\u00e1s cruel e involucrando a la polic\u00eda a su favor. La sociedad es testigo de estos actos y la sociedad podr\u00e1 aguantarlo todo, todo pero acciones as\u00ed son reprobables y ponen en mal a la persona que est\u00e1 a cargo de todos ellos desde encargados, regidores, y a la propia presidente municipal\u201d.<\/span><\/p>\n<p>&nbsp;<\/p>\n<p class=\"p2\"><span style=\"font-size: 18pt;\"><strong>Cont\u00e1ctanos en nuestras redes sociales:<\/strong><\/span><\/p>\n<p class=\"p2\"><span style=\"font-size: 18pt;\"><strong><a href=\"https:\/\/www.canva.com\/design\/DAEN5B9DWgs\/ZCHd2Z8KueYjlg_d59Op3A\/view\">https:\/\/www.canva.com\/design\/DAEN5B9DWgs\/ZCHd2Z8KueYjlg_d59Op3A\/view<\/a><\/strong><\/span><\/p>\n<p>&nbsp;<\/p>\n<p><span style=\"font-size: 18pt; color: #139eca;\"><em><strong>**Las columnas firmadas en este medio son responsabilidad de quienes las firman**<\/strong><\/em><\/span><\/p>\n<p>&nbsp;<\/p>\n<p>&nbsp;<\/p>\n<p>&nbsp;<\/p>\n<p>&nbsp;<\/p>\n","protected":false},"excerpt":{"rendered":"<p>&nbsp; &lt;&lt; Con la fuerza p\u00fablica de la polic\u00eda municipal los quitaron del paseo &gt;&gt; &lt;&lt; Son vendedores ambulantes que<\/p>\n","protected":false},"author":4,"featured_media":3789,"comment_status":"closed","ping_status":"closed","sticky":false,"template":"","format":"standard","meta":{"colormag_page_container_layout":"default_layout","colormag_page_sidebar_layout":"default_layout","_jetpack_memberships_contains_paid_content":false,"footnotes":"","jetpack_publicize_message":"","jetpack_publicize_feature_enabled":true,"jetpack_social_post_already_shared":false,"jetpack_social_options":{"image_generator_settings":{"template":"highway","default_image_id":0,"font":"","enabled":false},"version":2}},"categories":[26],"tags":[],"class_list":["post-12089","post","type-post","status-publish","format-standard","has-post-thumbnail","hentry","category-columnistas"],"jetpack_publicize_connections":[],"jetpack_featured_media_url":"https:\/\/i0.wp.com\/politicosaldesnudo.com.mx\/wp-content\/uploads\/2022\/04\/CRISTIANI.png?fit=1816%2C1016&ssl=1","jetpack-related-posts":[],"jetpack_sharing_enabled":true,"_links":{"self":[{"href":"https:\/\/politicosaldesnudo.com.mx\/index.php\/wp-json\/wp\/v2\/posts\/12089","targetHints":{"allow":["GET"]}}],"collection":[{"href":"https:\/\/politicosaldesnudo.com.mx\/index.php\/wp-json\/wp\/v2\/posts"}],"about":[{"href":"https:\/\/politicosaldesnudo.com.mx\/index.php\/wp-json\/wp\/v2\/types\/post"}],"author":[{"embeddable":true,"href":"https:\/\/politicosaldesnudo.com.mx\/index.php\/wp-json\/wp\/v2\/users\/4"}],"replies":[{"embeddable":true,"href":"https:\/\/politicosaldesnudo.com.mx\/index.php\/wp-json\/wp\/v2\/comments?post=12089"}],"version-history":[{"count":0,"href":"https:\/\/politicosaldesnudo.com.mx\/index.php\/wp-json\/wp\/v2\/posts\/12089\/revisions"}],"wp:featuredmedia":[{"embeddable":true,"href":"https:\/\/politicosaldesnudo.com.mx\/index.php\/wp-json\/wp\/v2\/media\/3789"}],"wp:attachment":[{"href":"https:\/\/politicosaldesnudo.com.mx\/index.php\/wp-json\/wp\/v2\/media?parent=12089"}],"wp:term":[{"taxonomy":"category","embeddable":true,"href":"https:\/\/politicosaldesnudo.com.mx\/index.php\/wp-json\/wp\/v2\/categories?post=12089"},{"taxonomy":"post_tag","embeddable":true,"href":"https:\/\/politicosaldesnudo.com.mx\/index.php\/wp-json\/wp\/v2\/tags?post=12089"}],"curies":[{"name":"wp","href":"https:\/\/api.w.org\/{rel}","templated":true}]}}