{"id":12092,"date":"2022-11-01T07:08:54","date_gmt":"2022-11-01T13:08:54","guid":{"rendered":"https:\/\/politicosaldesnudo.com.mx\/?p=12092"},"modified":"2022-11-01T07:08:54","modified_gmt":"2022-11-01T13:08:54","slug":"deber-juridico-deber-politico","status":"publish","type":"post","link":"https:\/\/politicosaldesnudo.com.mx\/index.php\/2022\/11\/01\/deber-juridico-deber-politico\/","title":{"rendered":"Deber jur\u00eddico-deber pol\u00edtico"},"content":{"rendered":"<p class=\"p1\">\n<p>&nbsp;<\/p>\n<p><span style=\"font-size: 18pt;\"><strong>Por Alberto Woolrich Ort\u00edz<\/strong><\/span><\/p>\n<p class=\"p1\"><span style=\"font-size: 14pt;\">Antes de dar inicio a la presente colaboraci\u00f3n para \u00e9ste conocido medio de informaci\u00f3n, sobre el asunto de la libertad jur\u00eddica, es el deseo del Ateneo de Estudios Penales del Colegio Nacional de Abogados Foro de M\u00e9xico, el advertir, para evitar malos entendidos con algunos Siervos de la Naci\u00f3n, que los conceptos a exponer tienen validez dentro de los marcos de nuestro Derecho Positivo Mexicano. Ello resulta f\u00e1cilmente explicable si se reflexiona que las futuras l\u00edneas descansan en los an\u00e1lisis l\u00f3gicos existentes entre el deber jur\u00eddico y el deber pol\u00edtico.<span class=\"Apple-converted-space\">\u00a0<\/span><\/span><\/p>\n<p class=\"p1\"><span style=\"font-size: 14pt;\">La vertiginosa experiencia que se ha adquirido \u2013se quiera o no\u2014 durante sesenta y siete a\u00f1os de transitar por los corredores de nuestros recintos de justicia, aunado a una rigurosa autocr\u00edtica, nos ha hecho entender que la libertad jur\u00eddica es la facultad que nuestro derecho otorga a los mexicanos de ejercitar las garant\u00edas que nuestra Constituci\u00f3n Pol\u00edtica nos regala. A la clase pol\u00edtica se le reduce esa libertad al cumplimiento estricto de sus obligaciones que la propia Carta Magna les confiere.<\/span><\/p>\n<p class=\"p1\"><span style=\"font-size: 14pt;\">Si mis amabil\u00edsimos lectores a\u00fan no se han aburrido de las l\u00edneas expuestas, puedo cargar la pluma y continuar diciendo que es claro que por Derecho Positivo Nacional, debe entenderse no s\u00f3lo el conjunto de disposiciones legales que efectivamente regulan la vida social, jur\u00eddica y pol\u00edtica de nuestra gran Naci\u00f3n, en un momento dado de su historia y de ello no se excluye a la Cuarta Transformaci\u00f3n de la Rep\u00fablica, sino, adem\u00e1s, hay que saber que los preceptos de oriundez pol\u00edtica obligan a los gobernantes a cumplirlos.<\/span><\/p>\n<p class=\"p2\"><span class=\"Apple-converted-space\" style=\"font-size: 14pt;\">\u00a0<\/span><\/p>\n<p class=\"p1\"><span style=\"font-size: 14pt;\">Es el deseo de quien esto escribe, que las l\u00edneas antepuestas no queden en palabras, sino que \u00e9stas sean raz\u00f3n y conducta en el encuentro de un M\u00e9xico Democr\u00e1tico en el marco de nuestra Constituci\u00f3n Republicana, por ello cabe agregar que la libertad jur\u00eddica de nosotros los gobernados es la facultad de la aplicaci\u00f3n por parte de los gobernantes de un derecho justo y valido, sin dejos de parcialidad, inter\u00e9s pol\u00edtico y\/o corrupci\u00f3n.<span class=\"Apple-converted-space\">\u00a0<\/span><\/span><\/p>\n<p class=\"p1\"><span style=\"font-size: 14pt;\">Si nos colocamos en el M\u00e9xico de hoy, en el M\u00e9xico de Andr\u00e9s Manuel L\u00f3pez Obrador, en el M\u00e9xico de las omisiones de Alejandro Gertz Manero para investigar la narco-pol\u00edtica, tendremos que admitir en consecuencia, la posibilidad de un enfrentamiento entre el deber jur\u00eddico y el deber pol\u00edtico. Puede ocurrir, por ende, que las cosas no les funcionen bien al Poder Ejecutivo, por no reconocer el derecho del que habla la Academia de Derecho Penal del Colegio Nacional de Abogados Foro de M\u00e9xico.<span class=\"Apple-converted-space\">\u00a0<\/span><\/span><\/p>\n<p class=\"p1\"><span style=\"font-size: 14pt;\">Si lo antepuesto as\u00ed acontece, la Abogac\u00eda Independiente de la Rep\u00fablica deber\u00eda de apoyar cualquier acto de protesta en\u00e9rgica y formal, contra los gobernantes que tardan en comprender &#8212;en abierta denegaci\u00f3n de justicia&#8212; que nuestra Ley de Leyes es inviolable y tienen que respetarla. <\/span><span style=\"font-size: 14pt;\">Es cuanto.<span class=\"Apple-converted-space\">\u00a0<\/span><\/span><\/p>\n<p>&nbsp;<\/p>\n<p class=\"p1\"><strong><span style=\"font-size: 18pt;\">Lic. Alberto Woolrich Ort\u00edz<\/span><\/strong><\/p>\n<p class=\"p1\"><strong><span style=\"font-size: 18pt;\">Presidente de la Academia de Derecho Penal<\/span><\/strong><\/p>\n<p class=\"p1\"><strong><span style=\"font-size: 18pt;\">del Colegio de Abogados de M\u00e9xico, A.C.<\/span><\/strong><\/p>\n<p>&nbsp;<\/p>\n<p><span style=\"font-size: 18pt; color: #139eca;\"><em><strong>**Las columnas firmadas en este medio son responsabilidad de quienes las firman**<\/strong><\/em><\/span><\/p>\n<p>&nbsp;<\/p>\n<p>&nbsp;<\/p>\n<p>&nbsp;<\/p>\n","protected":false},"excerpt":{"rendered":"<p>&nbsp; Por Alberto Woolrich Ort\u00edz Antes de dar inicio a la presente colaboraci\u00f3n para \u00e9ste conocido medio de informaci\u00f3n, sobre<\/p>\n","protected":false},"author":4,"featured_media":3845,"comment_status":"closed","ping_status":"closed","sticky":false,"template":"","format":"standard","meta":{"colormag_page_container_layout":"default_layout","colormag_page_sidebar_layout":"default_layout","_jetpack_memberships_contains_paid_content":false,"footnotes":"","jetpack_publicize_message":"","jetpack_publicize_feature_enabled":true,"jetpack_social_post_already_shared":false,"jetpack_social_options":{"image_generator_settings":{"template":"highway","default_image_id":0,"font":"","enabled":false},"version":2}},"categories":[26],"tags":[],"class_list":["post-12092","post","type-post","status-publish","format-standard","has-post-thumbnail","hentry","category-columnistas"],"jetpack_publicize_connections":[],"jetpack_featured_media_url":"https:\/\/i0.wp.com\/politicosaldesnudo.com.mx\/wp-content\/uploads\/2022\/04\/CABEZAL-ALBERTO-WOOD.png?fit=1816%2C1016&ssl=1","jetpack-related-posts":[],"jetpack_sharing_enabled":true,"_links":{"self":[{"href":"https:\/\/politicosaldesnudo.com.mx\/index.php\/wp-json\/wp\/v2\/posts\/12092","targetHints":{"allow":["GET"]}}],"collection":[{"href":"https:\/\/politicosaldesnudo.com.mx\/index.php\/wp-json\/wp\/v2\/posts"}],"about":[{"href":"https:\/\/politicosaldesnudo.com.mx\/index.php\/wp-json\/wp\/v2\/types\/post"}],"author":[{"embeddable":true,"href":"https:\/\/politicosaldesnudo.com.mx\/index.php\/wp-json\/wp\/v2\/users\/4"}],"replies":[{"embeddable":true,"href":"https:\/\/politicosaldesnudo.com.mx\/index.php\/wp-json\/wp\/v2\/comments?post=12092"}],"version-history":[{"count":0,"href":"https:\/\/politicosaldesnudo.com.mx\/index.php\/wp-json\/wp\/v2\/posts\/12092\/revisions"}],"wp:featuredmedia":[{"embeddable":true,"href":"https:\/\/politicosaldesnudo.com.mx\/index.php\/wp-json\/wp\/v2\/media\/3845"}],"wp:attachment":[{"href":"https:\/\/politicosaldesnudo.com.mx\/index.php\/wp-json\/wp\/v2\/media?parent=12092"}],"wp:term":[{"taxonomy":"category","embeddable":true,"href":"https:\/\/politicosaldesnudo.com.mx\/index.php\/wp-json\/wp\/v2\/categories?post=12092"},{"taxonomy":"post_tag","embeddable":true,"href":"https:\/\/politicosaldesnudo.com.mx\/index.php\/wp-json\/wp\/v2\/tags?post=12092"}],"curies":[{"name":"wp","href":"https:\/\/api.w.org\/{rel}","templated":true}]}}