{"id":12094,"date":"2022-11-01T07:12:04","date_gmt":"2022-11-01T13:12:04","guid":{"rendered":"https:\/\/politicosaldesnudo.com.mx\/?p=12094"},"modified":"2022-11-01T07:12:04","modified_gmt":"2022-11-01T13:12:04","slug":"reforma-electoral-regresion-y-el-sindrome-bartlett","status":"publish","type":"post","link":"https:\/\/politicosaldesnudo.com.mx\/index.php\/2022\/11\/01\/reforma-electoral-regresion-y-el-sindrome-bartlett\/","title":{"rendered":"Reforma electoral, regresi\u00f3n y el s\u00edndrome Bartlett"},"content":{"rendered":"<p class=\"p1\">\n<p>&nbsp;<\/p>\n<p class=\"p1\"><span style=\"font-size: 18pt;\"><strong>Por Aurelio Contreras Moreno<\/strong><\/span><\/p>\n<p class=\"p1\"><span style=\"font-size: 14pt;\">Hay un grotesco operativo de Estado para justificar ante la opini\u00f3n p\u00fablica la destrucci\u00f3n del sistema electoral basado en la ciudadanizaci\u00f3n y autonom\u00eda de los \u00f3rganos electorales y jurisdiccionales, y con ello presionar a los legisladores federales que comenzaron a debatir el bodrio de reforma electoral del presidente Andr\u00e9s Manuel L\u00f3pez Obrador.<\/span><\/p>\n<p class=\"p1\"><span style=\"font-size: 14pt;\">En redes sociales, las cuentas de facilitadores, trols, bots, textoservidores y voceros del morenato est\u00e1n a todo lo que dan intentando descalificar como sea al \u00e1rbitro electoral con las falacias, clich\u00e9s, lugares comunes y abiertas falsedades que pueblan el discurso lopezobradorista, cada d\u00edas m\u00e1s agresivo y antidemocr\u00e1tico.<\/span><\/p>\n<p class=\"p1\"><span style=\"font-size: 14pt;\">Eso es m\u00e1s evidente todav\u00eda a nivel pol\u00edtico e institucional. Todo el aparato del Estado est\u00e1 volcado en la reforma electoral, desviando recursos para ello. Desde el presidente L\u00f3pez Obrador, que dedica buena parte del tiempo de la conferencia \u201cma\u00f1anera\u201d \u2013su \u00fanico tiempo efectivo de trabajo entre semana, seg\u00fan la Sedena- a lanzar invectivas contra el Instituto Nacional Electoral (INE), al que le tiene un especial odio probablemente por traumas no resueltos de la elecci\u00f3n de 2006 de la que, en contraparte, surgieron ordenamientos y \u201ccandados\u201d legales impulsados por su propia facci\u00f3n para evitar excesos que hoy el lopezobradorismo comete todos los d\u00edas, convertido en lo mismo que alguna vez combati\u00f3 y adem\u00e1s, a diferencia de hace 16 a\u00f1os, cuando no exist\u00edan esas regulaciones, violando descaradamente la ley.<\/span><\/p>\n<p class=\"p1\"><span style=\"font-size: 14pt;\">El ejemplo m\u00e1s burdo de ese uso faccioso de las instituciones y de lo que pasa cuando dejan de ser aut\u00f3nomas lo dio la Comisi\u00f3n Nacional de los Derechos Humanos (CNDH), convertido en un \u201cbrazo ejecutor\u201d del r\u00e9gimen desde que asumi\u00f3 la titularidad \u2013tambi\u00e9n a trav\u00e9s de trampas e ilegalidades- Rosario Piedra Ibarra.<\/span><\/p>\n<p class=\"p1\"><span style=\"font-size: 14pt;\">Este domingo, la CNDH de Piedra emiti\u00f3 la recomendaci\u00f3n general 46\/2022, en la cual pidi\u00f3 al Congreso realizar las \u201cacciones legislativas necesarias\u201d para efectuar las modificaciones que garanticen \u201cel derecho pleno a la democracia del pueblo mexicano\u201d.<\/span><\/p>\n<p class=\"p1\"><span style=\"font-size: 14pt;\">En un verdadero \u201crosario\u201d de sandeces, el organismo reducido a vergonzante veh\u00edculo propagand\u00edstico \u2013y que constitucionalmente est\u00e1 impedido para pronunciarse en cuestiones electorales- acus\u00f3 al INE de ser instrumento de \u201csabotaje de la voluntad del pueblo\u201d y de tener un comportamiento \u00a1como el de la Comisi\u00f3n Federal Electoral!<\/span><\/p>\n<p class=\"p1\"><span style=\"font-size: 14pt;\">S\u00ed, la misma Comisi\u00f3n Federal Electoral a la que el 6 de julio de 1988 se le \u201ccay\u00f3 el sistema\u201d de c\u00f3mputo de la elecci\u00f3n presidencial, y que al restablecerse vio esfumarse la ventaja que ten\u00eda Cuauht\u00e9moc C\u00e1rdenas para que al final se alzara con la \u201cvictoria\u201d Carlos Salinas de Gortari.<\/span><\/p>\n<p class=\"p1\"><span style=\"font-size: 14pt;\">Sin embargo, la iniciativa de reforma electoral del r\u00e9gimen de la mal llamada \u201ccuarta transformaci\u00f3n\u201d lo que propone es, de facto, el restablecimiento de un \u00f3rgano como la Comisi\u00f3n Federal Electoral, controlado por el gobierno y, en consecuencia, supeditado y obediente de sus dictados. Precisamente, as\u00ed como ahora se comporta la CNDH.<\/span><\/p>\n<p class=\"p1\"><span style=\"font-size: 14pt;\">Esto fue se\u00f1alado este lunes en un inesperado pronunciamiento de la Conferencia del Episcopado Mexicano, que sin medias tintas calific\u00f3 a la reforma electoral lopezobradorista como \u201cclaramente regresiva\u201d y un \u201cagravio a la vida democr\u00e1tica del pa\u00eds\u201d, ya que est\u00e1 destinada a \u201cafectar la representaci\u00f3n y el equilibrio de las minor\u00edas y mayor\u00edas, llevando el control de los comicios hacia el \u00e1mbito del gobierno federal centralista, afectando su gesti\u00f3n presupuestal, eliminando su autonom\u00eda ciudadana y su imparcialidad partidista\u201d.<\/span><\/p>\n<p class=\"p1\"><span style=\"font-size: 14pt;\">\u201cNing\u00fan ciudadano y menos los gobernantes que juraron guardar y hacer guardar la Constituci\u00f3n de los Estados Unidos Mexicanos, tienen derecho a impulsar reformas que eliminen o comprometan la fortaleza de las Instituciones que son el soporte del Estado Mexicano, como es el caso del INE y del TEPJF. La sola pretensi\u00f3n de hacerlo pone en entredicho la calidad moral de quienes la impulsan\u201d, sentenciaron los prelados.<\/span><\/p>\n<p class=\"p1\"><span style=\"font-size: 14pt;\">Les guste o no al presidente y sus corifeos, con sus fallas y carencias, el sistema electoral construido desde la d\u00e9cada de los 90 del siglo pasado ha permitido que existan elecciones m\u00e1s equitativas, en las que hay competencia verdadera y por ende, que lograron que en M\u00e9xico exista la alternancia pol\u00edtica, algo desconocido para el pa\u00eds durante pr\u00e1cticamente todo el siglo XX.<\/span><\/p>\n<p class=\"p1\"><span style=\"font-size: 14pt;\">Sin el IFE\/INE ciudadanizados y aut\u00f3nomos, el PRI no habr\u00eda perdido nunca la mayor\u00eda absoluta en la C\u00e1mara de Diputados, ni habr\u00edan sido posibles las alternancias partidistas de 2000, 2012 y 2018 a nivel federal, ni todas las que se han logrado a nivel estatal y municipal. Probablemente, estar\u00edamos hablando del mismo sistema de partido hegem\u00f3nico y de los 90 a\u00f1os ininterrumpidos del PRI en el poder.<\/span><\/p>\n<p class=\"p1\"><span style=\"font-size: 14pt;\">Pero el morenato quiere volver a los tiempos anteriores, desaparecer a los organismos aut\u00f3nomos y sustituirlos por oficinas de elecciones en las que solo se procese el tr\u00e1mite burocr\u00e1tico de transmisi\u00f3n del mando en el que siempre ganen los mismos. Como era con la Comisi\u00f3n Federal Electoral que encabezaba Manuel Bartlett, el perpetrador del fraude de 1988 y hoy encumbrado miembro de la \u201c4T\u201d.<\/span><\/p>\n<p class=\"p1\"><span style=\"font-size: 14pt;\">En una de \u00e9sas, hasta lo proponen para el INEC.<\/span><\/p>\n<p>&nbsp;<\/p>\n<p>&nbsp;<\/p>\n<p class=\"p1\"><span style=\"font-size: 18pt;\"><strong>Correo: <a href=\"mailto:aureliocontreras@gmail.com\">aureliocontreras@gmail.com<\/a><\/strong><\/span><\/p>\n<p class=\"p1\"><span style=\"font-size: 18pt;\"><strong>Twitter: <a href=\"http:\/\/www.twitter.com\/yeyocontreras\">@yeyocontreras<\/a><\/strong><\/span><\/p>\n<p>&nbsp;<\/p>\n<p><span style=\"font-size: 18pt; color: #319eca;\"><em><strong>**Las columnas firmadas en este medio son responsabilidad de quienes las firman**<\/strong><\/em><\/span><\/p>\n<p>&nbsp;<\/p>\n<p>&nbsp;<\/p>\n<p>&nbsp;<\/p>\n<p>&nbsp;<\/p>\n<p>&nbsp;<\/p>\n","protected":false},"excerpt":{"rendered":"<p>&nbsp; Por Aurelio Contreras Moreno Hay un grotesco operativo de Estado para justificar ante la opini\u00f3n p\u00fablica la destrucci\u00f3n del<\/p>\n","protected":false},"author":4,"featured_media":4397,"comment_status":"closed","ping_status":"closed","sticky":false,"template":"","format":"standard","meta":{"colormag_page_container_layout":"default_layout","colormag_page_sidebar_layout":"default_layout","_jetpack_memberships_contains_paid_content":false,"footnotes":"","jetpack_publicize_message":"","jetpack_publicize_feature_enabled":true,"jetpack_social_post_already_shared":false,"jetpack_social_options":{"image_generator_settings":{"template":"highway","default_image_id":0,"font":"","enabled":false},"version":2}},"categories":[26],"tags":[],"class_list":["post-12094","post","type-post","status-publish","format-standard","has-post-thumbnail","hentry","category-columnistas"],"jetpack_publicize_connections":[],"jetpack_featured_media_url":"https:\/\/i0.wp.com\/politicosaldesnudo.com.mx\/wp-content\/uploads\/2022\/04\/AURELIO-CONTRERAS-MORENO-1.png?fit=1816%2C1016&ssl=1","jetpack-related-posts":[],"jetpack_sharing_enabled":true,"_links":{"self":[{"href":"https:\/\/politicosaldesnudo.com.mx\/index.php\/wp-json\/wp\/v2\/posts\/12094","targetHints":{"allow":["GET"]}}],"collection":[{"href":"https:\/\/politicosaldesnudo.com.mx\/index.php\/wp-json\/wp\/v2\/posts"}],"about":[{"href":"https:\/\/politicosaldesnudo.com.mx\/index.php\/wp-json\/wp\/v2\/types\/post"}],"author":[{"embeddable":true,"href":"https:\/\/politicosaldesnudo.com.mx\/index.php\/wp-json\/wp\/v2\/users\/4"}],"replies":[{"embeddable":true,"href":"https:\/\/politicosaldesnudo.com.mx\/index.php\/wp-json\/wp\/v2\/comments?post=12094"}],"version-history":[{"count":0,"href":"https:\/\/politicosaldesnudo.com.mx\/index.php\/wp-json\/wp\/v2\/posts\/12094\/revisions"}],"wp:featuredmedia":[{"embeddable":true,"href":"https:\/\/politicosaldesnudo.com.mx\/index.php\/wp-json\/wp\/v2\/media\/4397"}],"wp:attachment":[{"href":"https:\/\/politicosaldesnudo.com.mx\/index.php\/wp-json\/wp\/v2\/media?parent=12094"}],"wp:term":[{"taxonomy":"category","embeddable":true,"href":"https:\/\/politicosaldesnudo.com.mx\/index.php\/wp-json\/wp\/v2\/categories?post=12094"},{"taxonomy":"post_tag","embeddable":true,"href":"https:\/\/politicosaldesnudo.com.mx\/index.php\/wp-json\/wp\/v2\/tags?post=12094"}],"curies":[{"name":"wp","href":"https:\/\/api.w.org\/{rel}","templated":true}]}}