{"id":12103,"date":"2022-10-31T20:00:02","date_gmt":"2022-11-01T02:00:02","guid":{"rendered":"https:\/\/politicosaldesnudo.com.mx\/?p=12103"},"modified":"2022-11-01T08:08:35","modified_gmt":"2022-11-01T14:08:35","slug":"amlo-a-favor-de-la-recomendacion-de-cndh-para-reformar-ine","status":"publish","type":"post","link":"https:\/\/politicosaldesnudo.com.mx\/index.php\/2022\/10\/31\/amlo-a-favor-de-la-recomendacion-de-cndh-para-reformar-ine\/","title":{"rendered":"AMLO a favor de la recomendaci\u00f3n de CNDH para reformar el INE"},"content":{"rendered":"<p>&nbsp;<\/p>\n<p class=\"p1\"><span style=\"font-size: 14pt;\"><em><strong>CIUDAD DE M\u00c9XICO.<\/strong><\/em> El presidente <strong>Andr\u00e9s Manuel L\u00f3pez Obrador\u00a0<\/strong>dijo estar <strong>de acuerdo con la recomendaci\u00f3n emitida por la Comisi\u00f3n Nacional de Derechos Humanos<\/strong> (CNDH), que preside\u00a0Rosario Piedra, para que el <strong>congreso realice una reforma que impida que el\u00a0Instituto Nacional Electoral <\/strong>(INE)<strong>\u00a0siga guardando intereses partidistas.<\/strong><\/span><\/p>\n<p class=\"p1\"><span style=\"font-size: 18pt; color: #139eca;\"><strong>Se refiri\u00f3 a la recomendaci\u00f3n 46\/ 22 Qu\u00e9 llama al Congreso hace la reforma al INE por servir \u201cpara el mantenimiento de vicios que por a\u00f1os, si no es que por siglos, han manchado nuestros procesos electorales\u201d.<\/strong><\/span><\/p>\n<p class=\"p1\"><span style=\"font-size: 18pt;\"><strong>No hay nada qu\u00e9 temer por la recomendaci\u00f3n de\u00a0la Comisi\u00f3n de Derechos Humanos,\u00a0qu\u00e9 bueno. Y que todos defendamos la democracia, que todos hagamos valer la democracia. Es parte del legado de\u00a0la Cuarta Transformaci\u00f3n\u00a0que nunca m\u00e1s haya un fraude\u201d<\/strong><\/span><\/p>\n<p class=\"p1\"><span style=\"font-size: 14pt;\">Record\u00f3 que el caso de Rosario Piedra no has ido aceptada por la oposici\u00f3n, por sus nexos sangu\u00edneos con un luchador revolucionario (de la Liga Comunista 23 de septiembre) al cual desaparecieron.<\/span><\/p>\n<p>&nbsp;<\/p>\n<blockquote>\n<p class=\"p1\"><span style=\"font-size: 14pt;\">No la quieren desde que se propuso. \u00bfPor qu\u00e9 no la quieren? Hablando en plata, porque su hermano era acusado de pertenecer a un movimiento revolucionario o subversivo, de acuerdo a como se le quiera ver. Y entonces, como ese movimiento particip\u00f3 y de manera injusta asesinaron a (el empresario) don Eugenio Garza Sada, ah\u00ed qued\u00f3 un rencor muy fuerte\u201d<\/span><\/p>\n<\/blockquote>\n<p>&nbsp;<\/p>\n<p class=\"p1\"><span style=\"font-size: 14pt;\">El presidente dijo que \u00abentonces, cuando se propone a la hermana de este joven \u2014por cierto, desaparecido, que su mam\u00e1 luch\u00f3 siempre toda la vida por \u00e9l para encontrarlo, una mujer santa\u2014 entonces toda la derecha en contra\u00bb, asegur\u00f3.<\/span><\/p>\n<p class=\"p1\"><span style=\"font-size: 14pt;\">Pero se dijo a favor de la recomendaci\u00f3n de Rosario piedra y de la reforma electoral.<\/span><\/p>\n<p>&nbsp;<\/p>\n<blockquote>\n<p class=\"p1\"><span style=\"font-size: 14pt;\">\u00bfUstedes creen que no me siento orgulloso que no hay tapados? \u00bfQu\u00e9, no es motivo de orgullo el que no decida yo en mi car\u00e1cter de presidente, como era antes, qui\u00e9n va a ser el candidato del partido al que pertenezco y que sea el pueblo? Es important\u00edsimo, eso es actuar de manera consecuente, y eso es honestidad, que es lo que estimo m\u00e1s importante en mi vida. Entonces, vamos a continuar adelante\u201d<\/span><\/p>\n<\/blockquote>\n<p>&nbsp;<\/p>\n<blockquote>\n<p class=\"p1\"><span style=\"font-size: 14pt;\">Yo creo que s\u00ed. \u00bfC\u00f3mo no vamos a estar de acuerdo que las elecciones sean limpias y libres? \u00bfQui\u00e9n no est\u00e1 de acuerdo en eso? \u00bfQui\u00e9n no est\u00e1 de acuerdo en que se respete el voto? \u00bfQui\u00e9n no est\u00e1 de acuerdo en que se acaben los fraudes electorales? \u00bfQui\u00e9n no est\u00e1 de acuerdo en que no se gaste tanto en la organizaci\u00f3n de las elecciones? \u00bfQui\u00e9n no est\u00e1 de acuerdo el que s\u00f3lo haya un organismo electoral para que se organicen las elecciones en todo el pa\u00eds y que no haya 32 organismos electorales?\u201d<\/span><\/p>\n<\/blockquote>\n<p>&nbsp;<\/p>\n<p class=\"p1\"><span style=\"font-size: 14pt;\">Consultado sobre dicha recomendaci\u00f3n en su conferencia de este lunes, a\u00f1adi\u00f3: \u201c\u00bfQui\u00e9n no est\u00e1 de acuerdo que los diputados y los senadores sean electos y que no haya ni diputados ni senadores plurinominales, que son siempre los dirigentes o achichincles de los dirigentes, y que no tienen ninguna recomendaci\u00f3n, ni los conoce la gente, pero como tienen influencias se cuelan, entre comillas?\u201d.\u00a0Pues Claudio X Gonz\u00e1lez y su grupo, asegur\u00f3.<\/span><\/p>\n<p>&nbsp;<\/p>\n<p>&nbsp;<\/p>\n<p>&nbsp;<\/p>\n","protected":false},"excerpt":{"rendered":"<p>&nbsp; CIUDAD DE M\u00c9XICO. El presidente Andr\u00e9s Manuel L\u00f3pez Obrador\u00a0dijo estar de acuerdo con la recomendaci\u00f3n emitida por la Comisi\u00f3n<\/p>\n","protected":false},"author":4,"featured_media":12104,"comment_status":"closed","ping_status":"closed","sticky":false,"template":"","format":"standard","meta":{"colormag_page_container_layout":"default_layout","colormag_page_sidebar_layout":"default_layout","_jetpack_memberships_contains_paid_content":false,"footnotes":"","jetpack_publicize_message":"","jetpack_publicize_feature_enabled":true,"jetpack_social_post_already_shared":false,"jetpack_social_options":{"image_generator_settings":{"template":"highway","default_image_id":0,"font":"","enabled":false},"version":2}},"categories":[33],"tags":[95,1727,43,408],"class_list":["post-12103","post","type-post","status-publish","format-standard","has-post-thumbnail","hentry","category-nacional","tag-andres-manuel-lopez-obrador","tag-cndh","tag-ine","tag-reforma"],"jetpack_publicize_connections":[],"jetpack_featured_media_url":"https:\/\/i0.wp.com\/politicosaldesnudo.com.mx\/wp-content\/uploads\/2022\/11\/P-REFORMA-INE-AMLO.png?fit=1816%2C1016&ssl=1","jetpack-related-posts":[],"jetpack_sharing_enabled":true,"_links":{"self":[{"href":"https:\/\/politicosaldesnudo.com.mx\/index.php\/wp-json\/wp\/v2\/posts\/12103","targetHints":{"allow":["GET"]}}],"collection":[{"href":"https:\/\/politicosaldesnudo.com.mx\/index.php\/wp-json\/wp\/v2\/posts"}],"about":[{"href":"https:\/\/politicosaldesnudo.com.mx\/index.php\/wp-json\/wp\/v2\/types\/post"}],"author":[{"embeddable":true,"href":"https:\/\/politicosaldesnudo.com.mx\/index.php\/wp-json\/wp\/v2\/users\/4"}],"replies":[{"embeddable":true,"href":"https:\/\/politicosaldesnudo.com.mx\/index.php\/wp-json\/wp\/v2\/comments?post=12103"}],"version-history":[{"count":0,"href":"https:\/\/politicosaldesnudo.com.mx\/index.php\/wp-json\/wp\/v2\/posts\/12103\/revisions"}],"wp:featuredmedia":[{"embeddable":true,"href":"https:\/\/politicosaldesnudo.com.mx\/index.php\/wp-json\/wp\/v2\/media\/12104"}],"wp:attachment":[{"href":"https:\/\/politicosaldesnudo.com.mx\/index.php\/wp-json\/wp\/v2\/media?parent=12103"}],"wp:term":[{"taxonomy":"category","embeddable":true,"href":"https:\/\/politicosaldesnudo.com.mx\/index.php\/wp-json\/wp\/v2\/categories?post=12103"},{"taxonomy":"post_tag","embeddable":true,"href":"https:\/\/politicosaldesnudo.com.mx\/index.php\/wp-json\/wp\/v2\/tags?post=12103"}],"curies":[{"name":"wp","href":"https:\/\/api.w.org\/{rel}","templated":true}]}}