{"id":12180,"date":"2022-11-03T09:52:57","date_gmt":"2022-11-03T15:52:57","guid":{"rendered":"https:\/\/politicosaldesnudo.com.mx\/?p=12180"},"modified":"2022-11-03T09:52:57","modified_gmt":"2022-11-03T15:52:57","slug":"tuxpan-arte-y-tradicion-en-veracruz","status":"publish","type":"post","link":"https:\/\/politicosaldesnudo.com.mx\/index.php\/2022\/11\/03\/tuxpan-arte-y-tradicion-en-veracruz\/","title":{"rendered":"Tuxpan: arte y tradici\u00f3n en Veracruz"},"content":{"rendered":"<p class=\"p1\">\n<p class=\"p1\"><strong><span style=\"font-size: 18pt;\">Por \u00c1ngel \u00c1lvaro Pe\u00f1a<\/span><\/strong><\/p>\n<p class=\"p1\"><span style=\"font-size: 18pt;\"><strong>Tuxpan es uno de los puertos con mayor tradici\u00f3n cultural de Veracruz, el norte del estado rico en tradicionales y culturas, manifiesta sus ra\u00edces en las conmemoraciones m\u00e1s profundas del pueblo de M\u00e9xico.<\/strong><\/span><\/p>\n<p class=\"p1\"><span style=\"font-size: 14pt;\">El d\u00eda de Muertos es el eje de las conmemoraciones, muchas veces la preparaci\u00f3n para estas fechas ocupa m\u00e1s preparativos y tiempo que para otras celebraciones religiosas, y en este gran puerto la expresi\u00f3n m\u00e1s aut\u00e9ntica de su gente la convierte en estos d\u00edas en la capital de la cultura y las artes, donde se impulsan todas las expresiones art\u00edsticas, al mismo tiempo que se preserva el patrimonio cultural.<\/span><\/p>\n<p><img data-recalc-dims=\"1\" loading=\"lazy\" decoding=\"async\" class=\"aligncenter wp-image-12183 size-large\" src=\"https:\/\/i0.wp.com\/politicosaldesnudo.com.mx\/wp-content\/uploads\/2022\/11\/P-RAICES-TUXPAN-4-1024x573.png?resize=800%2C448&#038;ssl=1\" alt=\"\" width=\"800\" height=\"448\" srcset=\"https:\/\/i0.wp.com\/politicosaldesnudo.com.mx\/wp-content\/uploads\/2022\/11\/P-RAICES-TUXPAN-4.png?resize=1024%2C573&amp;ssl=1 1024w, https:\/\/i0.wp.com\/politicosaldesnudo.com.mx\/wp-content\/uploads\/2022\/11\/P-RAICES-TUXPAN-4.png?resize=300%2C168&amp;ssl=1 300w, https:\/\/i0.wp.com\/politicosaldesnudo.com.mx\/wp-content\/uploads\/2022\/11\/P-RAICES-TUXPAN-4.png?resize=768%2C430&amp;ssl=1 768w, https:\/\/i0.wp.com\/politicosaldesnudo.com.mx\/wp-content\/uploads\/2022\/11\/P-RAICES-TUXPAN-4.png?resize=1536%2C859&amp;ssl=1 1536w, https:\/\/i0.wp.com\/politicosaldesnudo.com.mx\/wp-content\/uploads\/2022\/11\/P-RAICES-TUXPAN-4.png?w=1816&amp;ssl=1 1816w, https:\/\/i0.wp.com\/politicosaldesnudo.com.mx\/wp-content\/uploads\/2022\/11\/P-RAICES-TUXPAN-4.png?w=1600&amp;ssl=1 1600w\" sizes=\"auto, (max-width: 800px) 100vw, 800px\" \/><\/p>\n<p>&nbsp;<\/p>\n<p class=\"p1\"><span style=\"font-size: 18pt; color: #139eca;\"><strong>Tuxpan vive un proceso de redescubrimiento de sus ra\u00edces, luego de periodos de gobierno que pusieron poca atenci\u00f3n a este tipo de manifestaciones sociales que otorgan identidad y preservan las costumbres de nuestros antepasados.<\/strong><\/span><\/p>\n<p class=\"p1\"><span style=\"font-size: 14pt;\">La actual administraci\u00f3n tiene entre sus prioridades difundir las expresiones m\u00e1s aut\u00e9nticas y s\u00f3lidas de la cultura, que fue olvidada para dar lugar a expresiones que ten\u00edan nada que ver con nuestras ra\u00edces o que simplemente eran tan ajenas que no entusiasmaban a nadie, porque la gente las sent\u00eda ajenas, alejadas de ellos mismos y la alegr\u00eda de las fiestas se quedaba s\u00f3lo en eso en una fiesta sin significados ni valores.<\/span><\/p>\n<p class=\"p1\"><span style=\"font-size: 14pt;\">El pueblo sabe lo que llama a celebrar su sangre. As\u00ed el d\u00eda de Muertos se convierte en una fiesta de la vida donde los muertos gozan de buena salud en su nueva casa que es la memoria de sus deudos.<\/span><\/p>\n<p class=\"p1\"><span style=\"font-size: 18pt;\"><strong>Una muestra de ese regreso al arte m\u00e1s propio se puede observar cada domingo en la explanada de la Presidencia Municipal, con los atardeceres multicolores como tel\u00f3n de fondo. Ah\u00ed cantantes, bailables, m\u00fasica de nutro pueblo se expresa, los s\u00e1bados ese espacio se viste de fiesta para que el danz\u00f3n lance su candidez a la brisa del r\u00edo Tuxpan que acompa\u00f1a siempre estas expresiones tan veracruzanas que convoca a j\u00f3venes y adultos a entender una m\u00fasica que de otra manera se hubiera olvidado.<\/strong><\/span><\/p>\n<p>&nbsp;<\/p>\n<p><img data-recalc-dims=\"1\" loading=\"lazy\" decoding=\"async\" class=\"aligncenter wp-image-12182 size-large\" src=\"https:\/\/i0.wp.com\/politicosaldesnudo.com.mx\/wp-content\/uploads\/2022\/11\/P-RAICES-TUXPAN-2-1024x573.png?resize=800%2C448&#038;ssl=1\" alt=\"\" width=\"800\" height=\"448\" srcset=\"https:\/\/i0.wp.com\/politicosaldesnudo.com.mx\/wp-content\/uploads\/2022\/11\/P-RAICES-TUXPAN-2.png?resize=1024%2C573&amp;ssl=1 1024w, https:\/\/i0.wp.com\/politicosaldesnudo.com.mx\/wp-content\/uploads\/2022\/11\/P-RAICES-TUXPAN-2.png?resize=300%2C168&amp;ssl=1 300w, https:\/\/i0.wp.com\/politicosaldesnudo.com.mx\/wp-content\/uploads\/2022\/11\/P-RAICES-TUXPAN-2.png?resize=768%2C430&amp;ssl=1 768w, https:\/\/i0.wp.com\/politicosaldesnudo.com.mx\/wp-content\/uploads\/2022\/11\/P-RAICES-TUXPAN-2.png?resize=1536%2C859&amp;ssl=1 1536w, https:\/\/i0.wp.com\/politicosaldesnudo.com.mx\/wp-content\/uploads\/2022\/11\/P-RAICES-TUXPAN-2.png?w=1816&amp;ssl=1 1816w, https:\/\/i0.wp.com\/politicosaldesnudo.com.mx\/wp-content\/uploads\/2022\/11\/P-RAICES-TUXPAN-2.png?w=1600&amp;ssl=1 1600w\" sizes=\"auto, (max-width: 800px) 100vw, 800px\" \/><\/p>\n<p>&nbsp;<\/p>\n<p class=\"p1\"><span style=\"font-size: 14pt;\">La memoria de la gente que lo vivi\u00f3 remueve los antepasados en el gusto de las familias y j\u00f3venes se desenvuelven en un espacio dedicado al arte y la cultura que se lleva en las venas en este puerto.<\/span><\/p>\n<p class=\"p1\"><span style=\"font-size: 18pt;\"><strong>Los d\u00edas de Muertos, que dan inicio a noviembre la gente convivi\u00f3 con catrinas y calaveras, en medio de desfiles que daban un lugar privilegiado en la memoria de los vivos.<\/strong><\/span><\/p>\n<p class=\"p1\"><span style=\"font-size: 14pt;\">Las tradiciones unen y dan identidad, lo que qued\u00f3 confirmado en Tuxpan, porque pudimos ver un pueblo unido disfrutando de la presentaci\u00f3n de las Malinches, el Xantolo, de las catrinas, as\u00ed como de espect\u00e1culos en diferentes escenarios alrededor de la presidencia municipal.<\/span><\/p>\n<p class=\"p1\"><span style=\"font-size: 18pt;\"><strong>Tuxpan es un lugar donde todo el a\u00f1o est\u00e1 presente la cultura, la historia y el arte, ah\u00ed se encuentra el Museo de la Hermandad M\u00e9xico-Cuba, en conmemoraci\u00f3n a la partida del yate Granma, en 1956, y los expedicionarios cubanos encabezados por Fidel Castro y El Che Guevara y otros 80 expedicionarios que fueron a combatir a la dictadura de Fulgencio batista.<\/strong><\/span><\/p>\n<p class=\"p1\"><span style=\"font-size: 14pt;\">Se trabaja con el Instituto Veracruzano de la Cultura en una museograf\u00eda transformada para dar una nueva cara con la reciente remodelaci\u00f3n del reciento, a donde acudi\u00f3 el embajador de Cuba en M\u00e9xico. Entre las obras sobresale el anteproyecto para la construcci\u00f3n del nuevo Museo de Arqueolog\u00eda, que es considerada como una obra prioritaria.<\/span><\/p>\n<p class=\"p1\"><span style=\"font-size: 14pt;\">En este mes se realizar\u00e1 el Concurso Nacional de Huapango, que reunir\u00e1 a participantes de 7 estados.<\/span><\/p>\n<p class=\"p1\"><span style=\"font-size: 18pt; color: #139eca;\"><strong>El alcalde Jos\u00e9 Manuel Pozos Castro, la s\u00edndica Beatriz Pi\u00f1a, regidoras y regidores han demostrado que en la pluralidad se puede trabajar con un mismo objetivo, que es el desarrollo y el bienestar de este gran municipio.<\/strong><\/span><\/p>\n<p>&nbsp;<\/p>\n<p><img data-recalc-dims=\"1\" loading=\"lazy\" decoding=\"async\" class=\"aligncenter wp-image-12181 size-large\" src=\"https:\/\/i0.wp.com\/politicosaldesnudo.com.mx\/wp-content\/uploads\/2022\/11\/P-RAICES-TUXPAN-1-1024x573.png?resize=800%2C448&#038;ssl=1\" alt=\"\" width=\"800\" height=\"448\" srcset=\"https:\/\/i0.wp.com\/politicosaldesnudo.com.mx\/wp-content\/uploads\/2022\/11\/P-RAICES-TUXPAN-1.png?resize=1024%2C573&amp;ssl=1 1024w, https:\/\/i0.wp.com\/politicosaldesnudo.com.mx\/wp-content\/uploads\/2022\/11\/P-RAICES-TUXPAN-1.png?resize=300%2C168&amp;ssl=1 300w, https:\/\/i0.wp.com\/politicosaldesnudo.com.mx\/wp-content\/uploads\/2022\/11\/P-RAICES-TUXPAN-1.png?resize=768%2C430&amp;ssl=1 768w, https:\/\/i0.wp.com\/politicosaldesnudo.com.mx\/wp-content\/uploads\/2022\/11\/P-RAICES-TUXPAN-1.png?resize=1536%2C859&amp;ssl=1 1536w, https:\/\/i0.wp.com\/politicosaldesnudo.com.mx\/wp-content\/uploads\/2022\/11\/P-RAICES-TUXPAN-1.png?w=1816&amp;ssl=1 1816w, https:\/\/i0.wp.com\/politicosaldesnudo.com.mx\/wp-content\/uploads\/2022\/11\/P-RAICES-TUXPAN-1.png?w=1600&amp;ssl=1 1600w\" sizes=\"auto, (max-width: 800px) 100vw, 800px\" \/><\/p>\n<p>&nbsp;<\/p>\n<p class=\"p1\"><span style=\"font-size: 14pt;\">Tambi\u00e9n est\u00e1 por transformarse el alumbrado p\u00fablico y en pocas semanas tendr\u00e1 un sistema de iluminaci\u00f3n de alta eficiencia energ\u00e9tica, cumpliendo con el proyecto de Desarrollo Sostenible 7, de la Agenda 2030.<\/span><\/p>\n<p class=\"p1\"><span style=\"font-size: 14pt;\">Se realizan, adem\u00e1s, inversiones para solucionar definitivamente el desabasto de agua. De las obras realizadas destaca el nuevo acueducto de 40 pulgadas y 22 kil\u00f3metros que traer\u00e1 a la ciudad m\u00e1s de 850 litros por segundo de agua de calidad.<\/span><\/p>\n<p class=\"p1\"><span style=\"font-size: 14pt;\">Est\u00e1 en marcha del proyecto de las rampas del puente Tuxpan, con lo que se pondr\u00e1 fin al caos vial en periodos vacacionales y d\u00edas festivos.<\/span><\/p>\n<p class=\"p1\"><span style=\"font-size: 14pt;\">Este puerto se caracteriza por ser uno de los m\u00e1s seguros del pa\u00eds que mayor empuje ha tenido en los \u00faltimos meses, lo cual se expresa de manera evidente en sus expresiones art\u00edsticas.<\/span><\/p>\n<p class=\"p1\"><span style=\"font-size: 18pt;\"><strong>Tuxpan vive un gran momento y el pueblo est\u00e1 m\u00e1s unido que nunca, una vez que el s\u00f3lido tejido social se manifiesta en diferentes formas de arte y cultura de este hist\u00f3rico puerto.<\/strong><\/span><\/p>\n<p>&nbsp;<\/p>\n<p>&nbsp;<\/p>\n<p class=\"p1\"><span style=\"color: #139eca;\"><strong><span style=\"font-size: 18pt;\">PEGA Y CORRE<\/span><\/strong><\/span><\/p>\n<p class=\"p1\"><span style=\"font-size: 14pt;\">M\u00e9xico conden\u00f3, a trav\u00e9s del representante de M\u00e9xico, Juan Ram\u00f3n de la Fuente, ante la Asamblea General de la Organizaci\u00f3n de las Naciones Unidas el bloqueo impuesto por Estados Unidos a Cuba y dijo que es violatorio del derecho internacional.<\/span><\/p>\n<p>&nbsp;<\/p>\n<p class=\"p1\"><span style=\"font-size: 18pt;\"><strong>Esta columna se publica los lunes, mi\u00e9rcoles y viernes<\/strong><\/span><\/p>\n<p>&nbsp;<\/p>\n<p><span style=\"font-size: 18pt; color: #319eca;\"><em><strong>**Las columnas firmadas en este medio son responsabilidad de quienes las firman**<\/strong><\/em><\/span><\/p>\n<p>&nbsp;<\/p>\n<p>&nbsp;<\/p>\n<p>&nbsp;<\/p>\n<p>&nbsp;<\/p>\n<p>&nbsp;<\/p>\n<p>&nbsp;<\/p>\n","protected":false},"excerpt":{"rendered":"<p>Por \u00c1ngel \u00c1lvaro Pe\u00f1a Tuxpan es uno de los puertos con mayor tradici\u00f3n cultural de Veracruz, el norte del estado<\/p>\n","protected":false},"author":4,"featured_media":3775,"comment_status":"closed","ping_status":"closed","sticky":false,"template":"","format":"standard","meta":{"colormag_page_container_layout":"default_layout","colormag_page_sidebar_layout":"default_layout","_jetpack_memberships_contains_paid_content":false,"footnotes":"","jetpack_publicize_message":"","jetpack_publicize_feature_enabled":true,"jetpack_social_post_already_shared":false,"jetpack_social_options":{"image_generator_settings":{"template":"highway","default_image_id":0,"font":"","enabled":false},"version":2}},"categories":[26],"tags":[1116,1624,576,1745,70,100],"class_list":["post-12180","post","type-post","status-publish","format-standard","has-post-thumbnail","hentry","category-columnistas","tag-cultura","tag-dia-de-muertos","tag-jose-manuel-pozos","tag-tradiciones","tag-tuxpan","tag-veracruz"],"jetpack_publicize_connections":[],"jetpack_featured_media_url":"https:\/\/i0.wp.com\/politicosaldesnudo.com.mx\/wp-content\/uploads\/2022\/04\/A%CC%81NGEL-A%CC%81LVARO-PEN%CC%83A1.png?fit=1816%2C1016&ssl=1","jetpack-related-posts":[],"jetpack_sharing_enabled":true,"_links":{"self":[{"href":"https:\/\/politicosaldesnudo.com.mx\/index.php\/wp-json\/wp\/v2\/posts\/12180","targetHints":{"allow":["GET"]}}],"collection":[{"href":"https:\/\/politicosaldesnudo.com.mx\/index.php\/wp-json\/wp\/v2\/posts"}],"about":[{"href":"https:\/\/politicosaldesnudo.com.mx\/index.php\/wp-json\/wp\/v2\/types\/post"}],"author":[{"embeddable":true,"href":"https:\/\/politicosaldesnudo.com.mx\/index.php\/wp-json\/wp\/v2\/users\/4"}],"replies":[{"embeddable":true,"href":"https:\/\/politicosaldesnudo.com.mx\/index.php\/wp-json\/wp\/v2\/comments?post=12180"}],"version-history":[{"count":0,"href":"https:\/\/politicosaldesnudo.com.mx\/index.php\/wp-json\/wp\/v2\/posts\/12180\/revisions"}],"wp:featuredmedia":[{"embeddable":true,"href":"https:\/\/politicosaldesnudo.com.mx\/index.php\/wp-json\/wp\/v2\/media\/3775"}],"wp:attachment":[{"href":"https:\/\/politicosaldesnudo.com.mx\/index.php\/wp-json\/wp\/v2\/media?parent=12180"}],"wp:term":[{"taxonomy":"category","embeddable":true,"href":"https:\/\/politicosaldesnudo.com.mx\/index.php\/wp-json\/wp\/v2\/categories?post=12180"},{"taxonomy":"post_tag","embeddable":true,"href":"https:\/\/politicosaldesnudo.com.mx\/index.php\/wp-json\/wp\/v2\/tags?post=12180"}],"curies":[{"name":"wp","href":"https:\/\/api.w.org\/{rel}","templated":true}]}}