{"id":12237,"date":"2022-11-07T00:22:40","date_gmt":"2022-11-07T06:22:40","guid":{"rendered":"https:\/\/politicosaldesnudo.com.mx\/?p=12237"},"modified":"2022-11-07T00:20:12","modified_gmt":"2022-11-07T06:20:12","slug":"el-mayor-saqueo-de-la-historia","status":"publish","type":"post","link":"https:\/\/politicosaldesnudo.com.mx\/index.php\/2022\/11\/07\/el-mayor-saqueo-de-la-historia\/","title":{"rendered":"El mayor saqueo de la historia"},"content":{"rendered":"<p class=\"p1\">\n<p>&nbsp;<\/p>\n<p class=\"p1\"><span style=\"font-size: 18pt;\"><b>Por M\u00f3nica Camarena Crespo<\/b><\/span><\/p>\n<p class=\"p1\"><span style=\"font-size: 14pt;\">La bancada de Morena\u00a0en la C\u00e1mara de Diputados se atrevi\u00f3 a hacer lo que ning\u00fan otro gobierno promovi\u00f3 con una mayor\u00eda tan ignorante como voraz, aprobar una reforma para que se realicen aportaciones de los activos financieros al Fondo de Estabilizaci\u00f3n de los Ingresos Presupuestarios a fin de completar el gasto; el problema es que la prioridad del gobierno de AMLO son obras fara\u00f3nicas sin sentido, como la reciente \u201cinundada\u201d refiner\u00eda de Dos Bocas.<\/span><\/p>\n<p class=\"p1\"><span style=\"font-size: 14pt;\">Este mes de noviembre pasar\u00e1 a la historia, pues en la\u00a0C\u00e1mara de Diputados la mayor\u00eda de Morena y sus r\u00e9moras, aprobaron una reforma\u00a0legal en la que se le\u00a0permitir\u00e1 a la Secretar\u00eda de Hacienda utilizar recursos disponibles en activos financieros, mismos que actualmente no pueden tomar, con el \u00fanico fin de poder completar el gasto por la ca\u00edda de ingresos, as\u00ed de sencillo.<\/span><\/p>\n<p class=\"p1\"><span style=\"font-size: 14pt;\">La reforma se\u00f1ala que la\u00a0Secretar\u00eda de Hacienda podr\u00eda tomar dinero de los activos financieros\u00a0tales como: Dep\u00f3sitos, T\u00edtulos de deuda a favor del gobierno, Participaciones de capital en empresas en las que el Estado participa, de las Reservas de seguros, los Rendimientos Financieros de Inversiones, las Cuentas por Cobrar,\u00a0los Fondos de Ahorro para la vivienda de\u00a0Infonavit o Fovissste, de las acciones de las\u00a0Siefores\u00a0y de los\u00a0Bonos de pensi\u00f3n del ISSSTE, entre otros.<\/span><\/p>\n<p class=\"p1\"><span style=\"font-size: 14pt;\">El barril sin fondo del gobierno de L\u00f3pez Obrador ahora va tras los activos financieros\u00a0que anteriormente no pod\u00eda disponer,\u00a0para seguir realizando las supuestas megaobras de la 4T.<\/span><\/p>\n<p class=\"p1\"><span style=\"font-size: 14pt;\"><span class=\"s1\">Pero para entender m\u00e1s la gravedad de la reciente reforma aprobada hay que revisar varios datos, como los de<\/span>\u00a0la Comisi\u00f3n Nacional del Sistema de Ahorro para el Retiro (Consar) que dio a conocer que al cierre de 2021, los activos en este tipo de instrumentos era del 20% del PIB.<\/span><\/p>\n<p class=\"p1\"><span style=\"font-size: 14pt;\">Inegi public\u00f3 en 2021 una encuesta del balance financiero de las familias y lo divide entre el ahorro que tienen en activos no financieros y financieros. Cu\u00e1l es el activo no financiero de las familias principalmente: la casa. Si nos vamos a los activos financieros cu\u00e1l es la principal: la afore.<\/span><\/p>\n<p class=\"p1\"><span style=\"font-size: 14pt;\">Datos de la Encuesta Nacional de Inclusi\u00f3n Financiera 2021 publicada por el Inegi, se\u00f1alan que el 39% de la poblaci\u00f3n de entre 18 y 70 a\u00f1os, tienen acceso a una cuenta para el retiro, es decir alrededor de 32 millones de personas acceden a este veh\u00edculo de inversi\u00f3n.<\/span><\/p>\n<p class=\"p1\"><span style=\"font-size: 14pt;\">La gran mayor\u00eda de los mexicanos, exactamente un 53.9% , enfoca destinar sus ahorros en el retiro y se convierte as\u00ed, en uno de los activos financieros que m\u00e1s utiliza, para medir la \u201ccanallada\u201d de lo que acaban de ejecutar en el congreso.<\/span><\/p>\n<p class=\"p1\"><span style=\"font-size: 14pt;\">Todo indica que los activos nacionales como las pensiones de los trabajadores y los fondos del Infonavit van a ser utilizados para el gasto p\u00e9simo e irresponsable de un gobierno que ya enfoca sus bater\u00edas para tener m\u00e1s recursos para sostener la campa\u00f1a presidencial de la \u201ccorcholata\u201d consentida de Palacio Nacional de nombre Claudia y apellido Sheinbaum.<\/span><\/p>\n<p>&nbsp;<\/p>\n<p class=\"p1\"><span style=\"font-size: 18pt; color: #139eca;\"><b>\u00c1GORA<\/b><\/span><\/p>\n<p class=\"p1\"><span style=\"font-size: 14pt;\">La \u201cgandalles\u201d aprobada en la C\u00e1mara de Diputados por Morena, PT y PVEM tendr\u00eda que ser frenada en el Senado, veremos de qu\u00e9 est\u00e1 hecha la endeble oposici\u00f3n en esta reforma destructiva como antesala de la electoral, definitiva para no acabar con el pa\u00eds.<\/span><\/p>\n<p>&nbsp;<\/p>\n<p>&nbsp;<\/p>\n<p class=\"p1\"><span style=\"font-size: 18pt;\"><strong>Correo: <a href=\"mailto:parquejuarezweb@yahoo.com.mx\">parquejuarezweb@yahoo.com.mx<\/a><\/strong><\/span><\/p>\n<p class=\"p1\"><span style=\"font-size: 18pt;\"><strong>Twitter: <a href=\"http:\/\/www.twitter.com\/monicamarena\">@monicamarena<\/a><\/strong><\/span><\/p>\n<p>&nbsp;<\/p>\n<p><span style=\"font-size: 18pt; color: #319eca;\"><em><strong>**Las columnas firmadas en este medio son responsabilidad de quienes las firman**<\/strong><\/em><\/span><\/p>\n<p>&nbsp;<\/p>\n<p>&nbsp;<\/p>\n<p>&nbsp;<\/p>\n","protected":false},"excerpt":{"rendered":"<p>&nbsp; Por M\u00f3nica Camarena Crespo La bancada de Morena\u00a0en la C\u00e1mara de Diputados se atrevi\u00f3 a hacer lo que ning\u00fan<\/p>\n","protected":false},"author":4,"featured_media":4080,"comment_status":"closed","ping_status":"closed","sticky":false,"template":"","format":"standard","meta":{"colormag_page_container_layout":"default_layout","colormag_page_sidebar_layout":"default_layout","_jetpack_memberships_contains_paid_content":false,"footnotes":"","jetpack_publicize_message":"","jetpack_publicize_feature_enabled":true,"jetpack_social_post_already_shared":false,"jetpack_social_options":{"image_generator_settings":{"template":"highway","default_image_id":0,"font":"","enabled":false},"version":2}},"categories":[26],"tags":[],"class_list":["post-12237","post","type-post","status-publish","format-standard","has-post-thumbnail","hentry","category-columnistas"],"jetpack_publicize_connections":[],"jetpack_featured_media_url":"https:\/\/i0.wp.com\/politicosaldesnudo.com.mx\/wp-content\/uploads\/2022\/04\/MO%CC%81NICA-CAMARENA-CRESPO1.png?fit=1816%2C1016&ssl=1","jetpack-related-posts":[],"jetpack_sharing_enabled":true,"_links":{"self":[{"href":"https:\/\/politicosaldesnudo.com.mx\/index.php\/wp-json\/wp\/v2\/posts\/12237","targetHints":{"allow":["GET"]}}],"collection":[{"href":"https:\/\/politicosaldesnudo.com.mx\/index.php\/wp-json\/wp\/v2\/posts"}],"about":[{"href":"https:\/\/politicosaldesnudo.com.mx\/index.php\/wp-json\/wp\/v2\/types\/post"}],"author":[{"embeddable":true,"href":"https:\/\/politicosaldesnudo.com.mx\/index.php\/wp-json\/wp\/v2\/users\/4"}],"replies":[{"embeddable":true,"href":"https:\/\/politicosaldesnudo.com.mx\/index.php\/wp-json\/wp\/v2\/comments?post=12237"}],"version-history":[{"count":0,"href":"https:\/\/politicosaldesnudo.com.mx\/index.php\/wp-json\/wp\/v2\/posts\/12237\/revisions"}],"wp:featuredmedia":[{"embeddable":true,"href":"https:\/\/politicosaldesnudo.com.mx\/index.php\/wp-json\/wp\/v2\/media\/4080"}],"wp:attachment":[{"href":"https:\/\/politicosaldesnudo.com.mx\/index.php\/wp-json\/wp\/v2\/media?parent=12237"}],"wp:term":[{"taxonomy":"category","embeddable":true,"href":"https:\/\/politicosaldesnudo.com.mx\/index.php\/wp-json\/wp\/v2\/categories?post=12237"},{"taxonomy":"post_tag","embeddable":true,"href":"https:\/\/politicosaldesnudo.com.mx\/index.php\/wp-json\/wp\/v2\/tags?post=12237"}],"curies":[{"name":"wp","href":"https:\/\/api.w.org\/{rel}","templated":true}]}}