{"id":12338,"date":"2022-11-08T13:28:20","date_gmt":"2022-11-08T19:28:20","guid":{"rendered":"https:\/\/politicosaldesnudo.com.mx\/?p=12338"},"modified":"2022-11-08T13:45:46","modified_gmt":"2022-11-08T19:45:46","slug":"amlo-primero-de-diciembre-anuncio-del-nuevo-aumento-al-salario-minimo","status":"publish","type":"post","link":"https:\/\/politicosaldesnudo.com.mx\/index.php\/2022\/11\/08\/amlo-primero-de-diciembre-anuncio-del-nuevo-aumento-al-salario-minimo\/","title":{"rendered":"Presidente Obrador: Primero de diciembre, anuncio del nuevo aumento al Salario M\u00ednimo"},"content":{"rendered":"<p>&nbsp;<\/p>\n<p class=\"p1\"><span style=\"font-size: 14pt;\"><em><strong>CIUDAD DE M\u00c9XICO.<\/strong> <\/em>El presidente <strong>Andr\u00e9s Manuel L\u00f3pez Obrador<\/strong> inform\u00f3 que el <strong>pr\u00f3ximo primero de diciembre podr\u00eda anunciarse el nuevo aumento al salario m\u00ednimo<\/strong> detallando que hasta ahora la \u00fanica propuesta sobre la mesa es de un incremento de 15 por ciento planteado por organismos empresariales (9 por ciento directo y 6 indirecto).<span class=\"Apple-converted-space\">\u00a0<\/span><\/span><\/p>\n<p class=\"p1\"><span style=\"font-size: 18pt; color: #139eca;\"><strong>Destac\u00f3 que a lo largo de su administraci\u00f3n la recuperaci\u00f3n del poder adquisitivo del salario m\u00ednimo es de 63 por ciento.<\/strong><\/span><\/p>\n<p class=\"p1\"><span style=\"font-size: 14pt;\">Durante su conferencia, Andr\u00e9s Manuel L\u00f3pez Obrador se\u00f1al\u00f3 que hasta el momento no ha habido una propuesta formal del sector obrero pero a\u00fan hay tiempo para alcanzar un acuerdo por consenso.<span class=\"Apple-converted-space\">\u00a0<\/span><\/span><\/p>\n<p><img data-recalc-dims=\"1\" loading=\"lazy\" decoding=\"async\" class=\"aligncenter wp-image-12339 size-large\" src=\"https:\/\/i0.wp.com\/politicosaldesnudo.com.mx\/wp-content\/uploads\/2022\/11\/P-SALARIO-MINIMO-2-1024x573.png?resize=800%2C448&#038;ssl=1\" alt=\"\" width=\"800\" height=\"448\" srcset=\"https:\/\/i0.wp.com\/politicosaldesnudo.com.mx\/wp-content\/uploads\/2022\/11\/P-SALARIO-MINIMO-2.png?resize=1024%2C573&amp;ssl=1 1024w, https:\/\/i0.wp.com\/politicosaldesnudo.com.mx\/wp-content\/uploads\/2022\/11\/P-SALARIO-MINIMO-2.png?resize=300%2C168&amp;ssl=1 300w, https:\/\/i0.wp.com\/politicosaldesnudo.com.mx\/wp-content\/uploads\/2022\/11\/P-SALARIO-MINIMO-2.png?resize=768%2C430&amp;ssl=1 768w, https:\/\/i0.wp.com\/politicosaldesnudo.com.mx\/wp-content\/uploads\/2022\/11\/P-SALARIO-MINIMO-2.png?resize=1536%2C859&amp;ssl=1 1536w, https:\/\/i0.wp.com\/politicosaldesnudo.com.mx\/wp-content\/uploads\/2022\/11\/P-SALARIO-MINIMO-2.png?w=1816&amp;ssl=1 1816w, https:\/\/i0.wp.com\/politicosaldesnudo.com.mx\/wp-content\/uploads\/2022\/11\/P-SALARIO-MINIMO-2.png?w=1600&amp;ssl=1 1600w\" sizes=\"auto, (max-width: 800px) 100vw, 800px\" \/><\/p>\n<p>&nbsp;<\/p>\n<p class=\"p1\"><span style=\"font-size: 18pt;\"><strong>L\u00f3pez Obrador record\u00f3 que en 3 de los 4 a\u00f1os de su gobierno se alcanz\u00f3 un consenso para fijar el aumento al salario m\u00ednimo sobre la base de una pol\u00edtica para recuperar el poder adquisitivo.<\/strong><\/span><\/p>\n<p class=\"p1\"><span style=\"font-size: 14pt;\">Mostr\u00f3 gr\u00e1ficas sobre la evoluci\u00f3n del salario m\u00ednimo que perdi\u00f3 un 75 por ciento de poder adquisitivo durante el periodo neoliberal destacando que en ese entonces se sembraba la idea de que el incremento al salario m\u00ednimo detonaba una mayor inflaci\u00f3n.<\/span><\/p>\n<p class=\"p1\"><span style=\"font-size: 18pt; color: #139eca;\"><strong>En esta administraci\u00f3n, la evoluci\u00f3n del salario ha sido: 88.36 pesos en 2018; 102.68 en 2019; 123.22 pesos en 2020; 142 pesos en 2021 y 172 pesos en este a\u00f1o.<\/strong><\/span><\/p>\n<p class=\"p1\"><span style=\"font-size: 14pt;\">Esta \u201cmentira\u201d sobre el impacto inflacionario era similar a la idea de que se requer\u00eda una reforma fiscal para que la econom\u00eda informal pagara impuestos, cuando el problema fiscal en M\u00e9xico era la evasi\u00f3n de los grandes empresarios o esquemas que permit\u00edan devolverles hasta 10 mil 0 15 mil millones de pesos del pago de los impuestos. \u201cVaya desfachatez\u201d.<\/span><\/p>\n<p class=\"p1\"><span style=\"font-size: 18pt;\"><strong>Andr\u00e9s Manuel L\u00f3pez Obrador confi\u00f3 en que finalmente se alcance el consenso sobre el aumento al salario m\u00ednimo pues a\u00fan hay tiempo para efectuarlo.<\/strong><\/span><\/p>\n<p>&nbsp;<\/p>\n<p>&nbsp;<\/p>\n<p>&nbsp;<\/p>\n","protected":false},"excerpt":{"rendered":"<p>&nbsp; CIUDAD DE M\u00c9XICO. El presidente Andr\u00e9s Manuel L\u00f3pez Obrador inform\u00f3 que el pr\u00f3ximo primero de diciembre podr\u00eda anunciarse el<\/p>\n","protected":false},"author":4,"featured_media":12340,"comment_status":"closed","ping_status":"closed","sticky":false,"template":"","format":"standard","meta":{"colormag_page_container_layout":"default_layout","colormag_page_sidebar_layout":"default_layout","_jetpack_memberships_contains_paid_content":false,"footnotes":"","jetpack_publicize_message":"","jetpack_publicize_feature_enabled":true,"jetpack_social_post_already_shared":false,"jetpack_social_options":{"image_generator_settings":{"template":"highway","default_image_id":0,"font":"","enabled":false},"version":2}},"categories":[33],"tags":[95,42,268],"class_list":["post-12338","post","type-post","status-publish","format-standard","has-post-thumbnail","hentry","category-nacional","tag-andres-manuel-lopez-obrador","tag-mexico","tag-salario-minimo"],"jetpack_publicize_connections":[],"jetpack_featured_media_url":"https:\/\/i0.wp.com\/politicosaldesnudo.com.mx\/wp-content\/uploads\/2022\/11\/P-SALARIO-MINIMO.png?fit=1816%2C1016&ssl=1","jetpack-related-posts":[],"jetpack_sharing_enabled":true,"_links":{"self":[{"href":"https:\/\/politicosaldesnudo.com.mx\/index.php\/wp-json\/wp\/v2\/posts\/12338","targetHints":{"allow":["GET"]}}],"collection":[{"href":"https:\/\/politicosaldesnudo.com.mx\/index.php\/wp-json\/wp\/v2\/posts"}],"about":[{"href":"https:\/\/politicosaldesnudo.com.mx\/index.php\/wp-json\/wp\/v2\/types\/post"}],"author":[{"embeddable":true,"href":"https:\/\/politicosaldesnudo.com.mx\/index.php\/wp-json\/wp\/v2\/users\/4"}],"replies":[{"embeddable":true,"href":"https:\/\/politicosaldesnudo.com.mx\/index.php\/wp-json\/wp\/v2\/comments?post=12338"}],"version-history":[{"count":0,"href":"https:\/\/politicosaldesnudo.com.mx\/index.php\/wp-json\/wp\/v2\/posts\/12338\/revisions"}],"wp:featuredmedia":[{"embeddable":true,"href":"https:\/\/politicosaldesnudo.com.mx\/index.php\/wp-json\/wp\/v2\/media\/12340"}],"wp:attachment":[{"href":"https:\/\/politicosaldesnudo.com.mx\/index.php\/wp-json\/wp\/v2\/media?parent=12338"}],"wp:term":[{"taxonomy":"category","embeddable":true,"href":"https:\/\/politicosaldesnudo.com.mx\/index.php\/wp-json\/wp\/v2\/categories?post=12338"},{"taxonomy":"post_tag","embeddable":true,"href":"https:\/\/politicosaldesnudo.com.mx\/index.php\/wp-json\/wp\/v2\/tags?post=12338"}],"curies":[{"name":"wp","href":"https:\/\/api.w.org\/{rel}","templated":true}]}}