{"id":12345,"date":"2022-11-09T07:02:54","date_gmt":"2022-11-09T13:02:54","guid":{"rendered":"https:\/\/politicosaldesnudo.com.mx\/?p=12345"},"modified":"2022-11-09T07:03:11","modified_gmt":"2022-11-09T13:03:11","slug":"en-busca-de-la-oposicion-perdida","status":"publish","type":"post","link":"https:\/\/politicosaldesnudo.com.mx\/index.php\/2022\/11\/09\/en-busca-de-la-oposicion-perdida\/","title":{"rendered":"En busca de la oposici\u00f3n perdida"},"content":{"rendered":"<p>&nbsp;<\/p>\n<p class=\"p1\"><span style=\"font-size: 18pt;\"><strong>Por \u00c1ngel \u00c1lvaro Pe\u00f1a<\/strong><\/span><\/p>\n<p class=\"p1\"><span style=\"font-size: 14pt;\">No de los motivos por los que en los \u00faltimos a\u00f1os ha habido desbandadas en los partidos de oposici\u00f3n es el hecho de a la oposici\u00f3n ya no la hacen como antes. La democracia merece partidos de oposici\u00f3n m\u00e1s serios, comprometidos con sus ideas y no s\u00f3lo que descalifiquen todo lo que hace el gobierno.<\/span><\/p>\n<p class=\"p1\"><span style=\"font-size: 18pt;\"><strong><span style=\"color: #139eca;\">Resulta un insulto para M\u00e9xico una oposici\u00f3n que deja su lugar a otros actores para seguir agrediendo como si en eso pudieran desgastar a los oradores contrincantes.\u00a0<\/span>\u00a0El vac\u00edo de la oposici\u00f3n, que representa un poder dentro el Estrado, fue ocupado por los empresarios que unidos a trav\u00e9s de confederaciones y sindicatos crean una serie de iniciativas y propuestas que se toman en cuenta porque es la \u00fanica oposici\u00f3n organizada que existe en el pa\u00eds.<\/strong><\/span><\/p>\n<p class=\"p1\"><span style=\"font-size: 14pt;\">Porque por otra parte est\u00e1 la sociedad que est\u00e1 inconforme con el gobierno, pero no se siente representada por los partidos y menos a\u00fan por sus legisladores quienes en esta crisis de credibilidad del sistema electoral mexicano aparecen como fantasmas sin rumbo y ya no asustan a nadie. La oposici\u00f3n dej\u00f3 vacante el lugar que le corresponde no s\u00f3lo en el Legislativo sino en la propia administraci\u00f3n p\u00fablica, porque e la mayor\u00eda de las oficinas administrativas el pa\u00eds los mandos medios, los directores y subdirectores permanecen desde hace uno o dos sexenios anteriores, pero prefieren filtrar informaci\u00f3n agazapados antes que manifestarse abiertamente contra el actual gobierno.<\/span><\/p>\n<p class=\"p1\"><span style=\"font-size: 18pt;\"><strong>Apoyan a su estilo per fuera de la legalidad y en las oficinas de gobierno hay desestabilizaci\u00f3n que no desgasta la estructura del gobierno ni la trayectoria del movimiento en el poder ni la imagen de sus l\u00edderes.<\/strong><\/span><\/p>\n<p>&nbsp;<\/p>\n<p><img data-recalc-dims=\"1\" loading=\"lazy\" decoding=\"async\" class=\"aligncenter wp-image-12346 size-large\" src=\"https:\/\/i0.wp.com\/politicosaldesnudo.com.mx\/wp-content\/uploads\/2022\/11\/P-OPPOSICION-1024x573.png?resize=800%2C448&#038;ssl=1\" alt=\"\" width=\"800\" height=\"448\" srcset=\"https:\/\/i0.wp.com\/politicosaldesnudo.com.mx\/wp-content\/uploads\/2022\/11\/P-OPPOSICION.png?resize=1024%2C573&amp;ssl=1 1024w, https:\/\/i0.wp.com\/politicosaldesnudo.com.mx\/wp-content\/uploads\/2022\/11\/P-OPPOSICION.png?resize=300%2C168&amp;ssl=1 300w, https:\/\/i0.wp.com\/politicosaldesnudo.com.mx\/wp-content\/uploads\/2022\/11\/P-OPPOSICION.png?resize=768%2C430&amp;ssl=1 768w, https:\/\/i0.wp.com\/politicosaldesnudo.com.mx\/wp-content\/uploads\/2022\/11\/P-OPPOSICION.png?resize=1536%2C859&amp;ssl=1 1536w, https:\/\/i0.wp.com\/politicosaldesnudo.com.mx\/wp-content\/uploads\/2022\/11\/P-OPPOSICION.png?w=1816&amp;ssl=1 1816w, https:\/\/i0.wp.com\/politicosaldesnudo.com.mx\/wp-content\/uploads\/2022\/11\/P-OPPOSICION.png?w=1600&amp;ssl=1 1600w\" sizes=\"auto, (max-width: 800px) 100vw, 800px\" \/><\/p>\n<p>&nbsp;<\/p>\n<p class=\"p1\"><span style=\"font-size: 18pt; color: #139eca;\"><strong>La oposici\u00f3n antes era seria y fuerte, ahora es superficial y fr\u00e1gil, tanto que no ha podido destacar una sola iniciativa de ley en cuatro a\u00f1os. Sus cr\u00edticas opacan las pocas propuestas que hacen, porque los gritos son m\u00e1s fuertes que las ideas.<\/strong><\/span><\/p>\n<p class=\"p1\"><span style=\"font-size: 14pt;\">Mientras su apat\u00eda gobierna en lugar de sus militantes, los empresarios y l\u00edderes sociales est\u00e1n ocupando sus lugares frente a la sociedad, y ser\u00e1 dif\u00edcil rescatar esos espacios que llenaron ante vac\u00edo que provocaba su indiferencia a la verdadera tarea de una oposici\u00f3n.<\/span><\/p>\n<p class=\"p1\"><span style=\"font-size: 18pt;\"><strong>La oposici\u00f3n muestra una obsesi\u00f3n por quitar al actual movimiento en el poder, muy similar a la que manten\u00eda mucha gente en v\u00edsperas de las elecciones presidenciales de 2000, quer\u00edan quitar al PRI del gobierno, y una ver que lo lograron no sab\u00edan que hacer.<\/strong><\/span><\/p>\n<p class=\"p1\"><span style=\"font-size: 14pt;\">Los perros persiguen a las bicicletas todo el tiempo por las calles, el problema para ellos cuando las alcanzan que no saben qu\u00e9 hacer. Lo mismo sucedi\u00f3 con Fox y podr\u00eda suceder lo mismo si no se pone a trabajar una oposici\u00f3n que tiene cada d\u00eda menos lugares en el espacio pol\u00edtico.<\/span><\/p>\n<p class=\"p1\"><span style=\"font-size: 18pt;\"><strong>Los partidos han sido rebasados por la sociedad en su totalidad; sin embargo, trat\u00e1ndose de la oposici\u00f3n se muestra esto m\u00e1s claramente porque no han sabido canalizar el descontento social, sus posturas son muy diferentes a las que protestas sociales, ellos s\u00f3lo descalifican lo que hace el gobierno, lo que quiere decir que la pauta la marca el gobierno y ellos s\u00f3lo siguen gritando tras temas que impone el poder.<\/strong><\/span><\/p>\n<p class=\"p1\"><span style=\"font-size: 14pt;\">Una manera muy leg\u00edtima de fortalecer la democracia es echando a andar la maquinaria opositora que parece cansada y moribunda.<\/span><\/p>\n<p>&nbsp;<\/p>\n<p class=\"p1\"><span style=\"font-size: 18pt; color: #139eca;\"><strong>PEGA Y CORRE<\/strong><\/span><\/p>\n<p class=\"p1\"><span style=\"font-size: 14pt;\">La comunidad migrante hace notar su presencia en los actos p\u00fablicos en Estados Unidos. Esta vez, un joven de 33 a\u00f1os, de ascendencia italiana, arroj\u00f3 una lata de agua mineral al senador republicano Ted Cruz, identificado con el racismo y los discursos de odio hacia los migrantes. El senador festejaba un triunfo del equipo de su estado.<\/span><\/p>\n<p>&nbsp;<\/p>\n<p class=\"p1\"><span style=\"font-size: 18pt;\"><strong>Esta columna se publica los lunes, mi\u00e9rcoles y viernes<\/strong><\/span><\/p>\n<p>&nbsp;<\/p>\n<p><span style=\"font-size: 18pt; color: #319eca;\"><em><strong>**Las columnas firmadas en este medio son responsabilidad de quienes las firman**<\/strong><\/em><\/span><\/p>\n<p>&nbsp;<\/p>\n","protected":false},"excerpt":{"rendered":"<p>&nbsp; Por \u00c1ngel \u00c1lvaro Pe\u00f1a No de los motivos por los que en los \u00faltimos a\u00f1os ha habido desbandadas en<\/p>\n","protected":false},"author":4,"featured_media":3775,"comment_status":"closed","ping_status":"closed","sticky":false,"template":"","format":"standard","meta":{"colormag_page_container_layout":"default_layout","colormag_page_sidebar_layout":"default_layout","_jetpack_memberships_contains_paid_content":false,"footnotes":"","jetpack_publicize_message":"","jetpack_publicize_feature_enabled":true,"jetpack_social_post_already_shared":false,"jetpack_social_options":{"image_generator_settings":{"template":"highway","default_image_id":0,"font":"","enabled":false},"version":2}},"categories":[26],"tags":[42,452],"class_list":["post-12345","post","type-post","status-publish","format-standard","has-post-thumbnail","hentry","category-columnistas","tag-mexico","tag-oposicion"],"jetpack_publicize_connections":[],"jetpack_featured_media_url":"https:\/\/i0.wp.com\/politicosaldesnudo.com.mx\/wp-content\/uploads\/2022\/04\/A%CC%81NGEL-A%CC%81LVARO-PEN%CC%83A1.png?fit=1816%2C1016&ssl=1","jetpack-related-posts":[],"jetpack_sharing_enabled":true,"_links":{"self":[{"href":"https:\/\/politicosaldesnudo.com.mx\/index.php\/wp-json\/wp\/v2\/posts\/12345","targetHints":{"allow":["GET"]}}],"collection":[{"href":"https:\/\/politicosaldesnudo.com.mx\/index.php\/wp-json\/wp\/v2\/posts"}],"about":[{"href":"https:\/\/politicosaldesnudo.com.mx\/index.php\/wp-json\/wp\/v2\/types\/post"}],"author":[{"embeddable":true,"href":"https:\/\/politicosaldesnudo.com.mx\/index.php\/wp-json\/wp\/v2\/users\/4"}],"replies":[{"embeddable":true,"href":"https:\/\/politicosaldesnudo.com.mx\/index.php\/wp-json\/wp\/v2\/comments?post=12345"}],"version-history":[{"count":0,"href":"https:\/\/politicosaldesnudo.com.mx\/index.php\/wp-json\/wp\/v2\/posts\/12345\/revisions"}],"wp:featuredmedia":[{"embeddable":true,"href":"https:\/\/politicosaldesnudo.com.mx\/index.php\/wp-json\/wp\/v2\/media\/3775"}],"wp:attachment":[{"href":"https:\/\/politicosaldesnudo.com.mx\/index.php\/wp-json\/wp\/v2\/media?parent=12345"}],"wp:term":[{"taxonomy":"category","embeddable":true,"href":"https:\/\/politicosaldesnudo.com.mx\/index.php\/wp-json\/wp\/v2\/categories?post=12345"},{"taxonomy":"post_tag","embeddable":true,"href":"https:\/\/politicosaldesnudo.com.mx\/index.php\/wp-json\/wp\/v2\/tags?post=12345"}],"curies":[{"name":"wp","href":"https:\/\/api.w.org\/{rel}","templated":true}]}}