{"id":12352,"date":"2022-11-09T06:30:21","date_gmt":"2022-11-09T12:30:21","guid":{"rendered":"https:\/\/politicosaldesnudo.com.mx\/?p=12352"},"modified":"2022-11-09T07:16:10","modified_gmt":"2022-11-09T13:16:10","slug":"el-broncudo-presidente","status":"publish","type":"post","link":"https:\/\/politicosaldesnudo.com.mx\/index.php\/2022\/11\/09\/el-broncudo-presidente\/","title":{"rendered":"El \u201cbroncudo\u201d presidente"},"content":{"rendered":"<p>&nbsp;<\/p>\n<p class=\"p1\"><span style=\"font-size: 18pt;\"><strong>Por M\u00f3nica Camarena Crespo<\/strong><\/span><\/p>\n<p class=\"p1\"><span style=\"font-size: 14pt;\">Las agresiones verbales del presidente Andr\u00e9s Manuel L\u00f3pez Obrador ya salen de toda proporci\u00f3n imaginable en un jefe de estado. La campa\u00f1a de odio ha sido la constante con un vocabulario cada vez m\u00e1s soez, m\u00e1s violento.<\/span><\/p>\n<p class=\"p1\"><span style=\"font-size: 14pt;\">Un tema que trae sumamente molesto al tabasque\u00f1o es sin duda la marcha a favor del INE que se realizar\u00e1 el pr\u00f3ximo domingo 13 de noviembre, d\u00eda en el que tambi\u00e9n cumple 69 a\u00f1os.<\/span><\/p>\n<p class=\"p1\"><span style=\"font-size: 14pt;\">Con motivo de esta movilizaci\u00f3n en defensa de las instituciones aut\u00f3nomas, L\u00f3pez Obrador elev\u00f3 el nivel de ofensa y llam\u00f3 \u201ccretinos y corruptazos\u201d a los organizadores de la marcha.<\/span><\/p>\n<p class=\"p1\"><span style=\"font-size: 14pt;\">Insiste en defender su reforma electoral y acusa a los promotores de la defensa del INE de no hacer nada\u00a0en los \u00abfraudes\u00bb de 2006 y en las anomal\u00edas de la elecci\u00f3n presidencial de 2012, en los que sin pruebas asegura que ocurrieron.<\/span><\/p>\n<p class=\"p1\"><span style=\"font-size: 14pt;\">\u00ab\u00bfEse es el INE que defienden? \u00bfEso es lo que quieren? \u00bfEso es lo que llaman, con la reforma electoral, buscar destruir la democracia?\u00a0 Son unos cretinos, corruptazos, que se vayan\u2026 a enga\u00f1ar m\u00e1s lejos\u00bb, dijo un furibundo presidente la ma\u00f1ana del 8 de noviembre.<\/span><\/p>\n<p class=\"p1\"><span style=\"font-size: 14pt;\">AMLO se olvid\u00f3 de la elecci\u00f3n del 2018, no la nombr\u00f3, tal vez porque fue en esos comicios, donde el INE que busca desaparecer, fue el encargado de organizar una contienda electoral en la cual se le reconoci\u00f3 el triunfo despu\u00e9s de muchos a\u00f1os; en ese caso no hubo reclamos.<\/span><\/p>\n<p class=\"p1\"><span style=\"font-size: 14pt;\">L\u00f3pez Obrador se olvida de las palabras que quedan grabadas en las \u201cma\u00f1aneras\u201d como las de septiembre del 2020 cuando asegur\u00f3\u00a0\u201cNosotros no vamos a censurar a nadie, no vamos a perseguir a nadie, van a tener siempre garantizadas todas sus libertades, no somos autoritarios\u201d.<\/span><\/p>\n<p class=\"p1\"><span style=\"font-size: 14pt;\">En Palacio Nacional vive un presidente tan \u201cbroncudo\u201d como mentiroso; que cada d\u00eda eleva la agresi\u00f3n en sus mensajes y aumenta el nivel de encono social, con consecuencias que podr\u00edan resultar muy graves.<\/span><\/p>\n<p>&nbsp;<\/p>\n<p>&nbsp;<\/p>\n<p class=\"p1\"><span style=\"font-size: 18pt;\"><strong>Correo: <a href=\"mailto:parquejuarezweb@yahoo.com.mx\">parquejuarezweb@yahoo.com.mx<\/a><\/strong><\/span><\/p>\n<p class=\"p1\"><span style=\"font-size: 18pt;\"><strong>Twitter: <a href=\"http:\/\/www.twitter.com\/monicamarena\">@monicamarena<\/a><\/strong><\/span><\/p>\n<p>&nbsp;<\/p>\n<p><span style=\"font-size: 18pt; color: #319eca;\"><em><strong>**Las columnas firmadas en este medio son responsabilidad de quienes las firman**<\/strong><\/em><\/span><\/p>\n<p>&nbsp;<\/p>\n<p>&nbsp;<\/p>\n<p>&nbsp;<\/p>\n<p>&nbsp;<\/p>\n<p>&nbsp;<\/p>\n<p>&nbsp;<\/p>\n<p>&nbsp;<\/p>\n","protected":false},"excerpt":{"rendered":"<p>&nbsp; Por M\u00f3nica Camarena Crespo Las agresiones verbales del presidente Andr\u00e9s Manuel L\u00f3pez Obrador ya salen de toda proporci\u00f3n imaginable<\/p>\n","protected":false},"author":4,"featured_media":4080,"comment_status":"closed","ping_status":"closed","sticky":false,"template":"","format":"standard","meta":{"colormag_page_container_layout":"default_layout","colormag_page_sidebar_layout":"default_layout","_jetpack_memberships_contains_paid_content":false,"footnotes":"","jetpack_publicize_message":"","jetpack_publicize_feature_enabled":true,"jetpack_social_post_already_shared":false,"jetpack_social_options":{"image_generator_settings":{"template":"highway","default_image_id":0,"font":"","enabled":false},"version":2}},"categories":[26],"tags":[],"class_list":["post-12352","post","type-post","status-publish","format-standard","has-post-thumbnail","hentry","category-columnistas"],"jetpack_publicize_connections":[],"jetpack_featured_media_url":"https:\/\/i0.wp.com\/politicosaldesnudo.com.mx\/wp-content\/uploads\/2022\/04\/MO%CC%81NICA-CAMARENA-CRESPO1.png?fit=1816%2C1016&ssl=1","jetpack-related-posts":[],"jetpack_sharing_enabled":true,"_links":{"self":[{"href":"https:\/\/politicosaldesnudo.com.mx\/index.php\/wp-json\/wp\/v2\/posts\/12352","targetHints":{"allow":["GET"]}}],"collection":[{"href":"https:\/\/politicosaldesnudo.com.mx\/index.php\/wp-json\/wp\/v2\/posts"}],"about":[{"href":"https:\/\/politicosaldesnudo.com.mx\/index.php\/wp-json\/wp\/v2\/types\/post"}],"author":[{"embeddable":true,"href":"https:\/\/politicosaldesnudo.com.mx\/index.php\/wp-json\/wp\/v2\/users\/4"}],"replies":[{"embeddable":true,"href":"https:\/\/politicosaldesnudo.com.mx\/index.php\/wp-json\/wp\/v2\/comments?post=12352"}],"version-history":[{"count":0,"href":"https:\/\/politicosaldesnudo.com.mx\/index.php\/wp-json\/wp\/v2\/posts\/12352\/revisions"}],"wp:featuredmedia":[{"embeddable":true,"href":"https:\/\/politicosaldesnudo.com.mx\/index.php\/wp-json\/wp\/v2\/media\/4080"}],"wp:attachment":[{"href":"https:\/\/politicosaldesnudo.com.mx\/index.php\/wp-json\/wp\/v2\/media?parent=12352"}],"wp:term":[{"taxonomy":"category","embeddable":true,"href":"https:\/\/politicosaldesnudo.com.mx\/index.php\/wp-json\/wp\/v2\/categories?post=12352"},{"taxonomy":"post_tag","embeddable":true,"href":"https:\/\/politicosaldesnudo.com.mx\/index.php\/wp-json\/wp\/v2\/tags?post=12352"}],"curies":[{"name":"wp","href":"https:\/\/api.w.org\/{rel}","templated":true}]}}