{"id":12356,"date":"2022-11-09T15:14:34","date_gmt":"2022-11-09T21:14:34","guid":{"rendered":"https:\/\/politicosaldesnudo.com.mx\/?p=12356"},"modified":"2022-11-09T15:14:43","modified_gmt":"2022-11-09T21:14:43","slug":"la-inseguridad-en-coatzacoalcos","status":"publish","type":"post","link":"https:\/\/politicosaldesnudo.com.mx\/index.php\/2022\/11\/09\/la-inseguridad-en-coatzacoalcos\/","title":{"rendered":"La Inseguridad en Coatzacoalcos"},"content":{"rendered":"<p>&nbsp;<\/p>\n<p class=\"p1\"><span style=\"font-size: 18pt;\"><strong>&lt;&lt; El alcalde Amado Cruz Malpica no le presta la atenci\u00f3n debida &gt;&gt;<\/strong><\/span><\/p>\n<p class=\"p1\"><span style=\"font-size: 18pt;\"><strong>&lt;&lt; Primero fue el gobernador quien le llam\u00f3 la atenci\u00f3n &gt;&gt;<\/strong><\/span><\/p>\n<p class=\"p1\"><span style=\"font-size: 18pt;\"><strong>&lt;&lt; Ahora la Auditor\u00eda Superior de la Federaci\u00f3n exhibe su p\u00e9sima administraci\u00f3n &gt;&gt;<\/strong><\/span><\/p>\n<p>&nbsp;<\/p>\n<p class=\"p1\"><span style=\"font-size: 18pt;\"><strong>Por Miguel \u00c1ngel Cristiani Gonz\u00e1lez<\/strong><\/span><\/p>\n<p class=\"p1\"><span style=\"font-size: 14pt;\">Luego del exhorto que le hiciera el mismo gobernador del estado, Cuitl\u00e1huac Garc\u00eda Jim\u00e9nez al alcalde de Coatzacoalcos el tambi\u00e9n morenista Amado Cruz Malpica para que se pusiera a trabajar en serio en materia de seguridad p\u00fablica y que cuando menos asistiera a las reuniones del tema en lugar de mandar a un representante, ahora es la Auditor\u00eda Superior de la Federaci\u00f3n en su informe de resultados 2021 la que le exhibe nuevamente como un p\u00e9simo administrador.<\/span><\/p>\n<p class=\"p1\"><span style=\"font-size: 14pt;\">Hace ya m\u00e1s de un mes que el Gobernador del Estado, Cuitl\u00e1huac Garc\u00eda Jim\u00e9nez, exhort\u00f3 al alcalde de Coatzacoalcos Amado Cruz Malpica a integrarse m\u00e1s a las reuniones de seguridad al ser la primera autoridad y no enviar a alg\u00fan representante, toda vez que asegura se toman decisiones de suma importancia.<\/span><\/p>\n<p class=\"p1\"><span style=\"font-size: 14pt;\">\u201cNo es lo mismo que mand\u00e9 a alguien a que vaya el, porque es la primera autoridad y eso lo tiene claro el alcalde, as\u00ed que, pues vamos a seguir trabajando\u201d, asegur\u00f3 Garc\u00eda Jim\u00e9nez durante la rueda de prensa.<\/span><\/p>\n<p class=\"p1\"><span style=\"font-size: 14pt;\">Adem\u00e1s le pidi\u00f3 a Amado Cruz Malpica agilizar el proceso para la firma del convenio de Mando \u00danico, con el objetivo de fortalecer la seguridad en la ciudad y hacerle frente a la delincuencia.<\/span><\/p>\n<p class=\"p1\"><span style=\"font-size: 14pt;\">Ahora fue la Auditor\u00eda Superior de la Federaci\u00f3n que en su informe de resultados a las auditor\u00edas practicadas al municipio de Coatzacoalcos gobernador por Cruz Malpica le exhibe, con entre otros datos, los siguientes:<\/span><\/p>\n<p class=\"p1\"><span style=\"font-size: 14pt;\">\u2022\u00a0Carece de un comit\u00e9 en materia de administraci\u00f3n de riesgos, \u00e9tica e integridad para el tratamiento de asuntos relacionados con el municipio.<\/span><\/p>\n<p class=\"p1\"><span style=\"font-size: 14pt;\">\u2022\u00a0No tiene un cat\u00e1logo de puestos (clasificaci\u00f3n formal de puestos) en el que se determine la denominaci\u00f3n del puesto; el \u00e1rea o unidad de adscripci\u00f3n.<\/span><\/p>\n<p class=\"p1\"><span style=\"font-size: 14pt;\">\u2022\u00a0No estableci\u00f3 un programa formal de capacitaci\u00f3n ni de evaluaci\u00f3n del desempe\u00f1o del personal.<\/span><\/p>\n<p class=\"p1\"><span style=\"font-size: 14pt;\">\u2022\u00a0No dispone de los objetivos y las metas estrat\u00e9gicas.<\/span><\/p>\n<p class=\"p1\"><span style=\"font-size: 14pt;\">\u2022No existen mecanismos que permitan medir el cumplimiento de sus objetivos.<\/span><\/p>\n<p class=\"p1\"><span style=\"font-size: 14pt;\">\u2022\u00a0No conform\u00f3 un comit\u00e9 de administraci\u00f3n de riesgos debidamente formalizado.<\/span><\/p>\n<p class=\"p1\"><span style=\"font-size: 14pt;\">\u2022No cont\u00f3 con un lineamiento, procedimiento, manual o gu\u00eda en el que se establezca la metodolog\u00eda para administrar los riesgos de corrupci\u00f3n y la obligatoriedad de realizar revisiones peri\u00f3dicas a las \u00e1reas susceptibles<\/span><\/p>\n<p class=\"p1\"><span style=\"font-size: 14pt;\">a posibles actos de corrupci\u00f3n.<\/span><\/p>\n<p class=\"p1\"><span style=\"font-size: 14pt;\">\u2022No estableci\u00f3 un comit\u00e9 de tecnolog\u00eda de informaci\u00f3n y comunicaciones (inform\u00e1tica).<\/span><\/p>\n<p class=\"p1\"><span style=\"font-size: 14pt;\">\u2022No tiene un programa de adquisiciones de equipos y software.<\/span><\/p>\n<p class=\"p1\"><span style=\"font-size: 14pt;\">\u2022No tuvo controles que aseguren el cumplimiento de los objetivos del municipio.<\/span><\/p>\n<p class=\"p1\"><span style=\"font-size: 14pt;\">\u2022Los objetivos y metas establecidos no son evaluados para conocer la eficiencia, eficacia y el grado de cumplimiento.<\/span><\/p>\n<p class=\"p1\"><span style=\"font-size: 14pt;\">\u2022\u00a0No evalu\u00f3 los principales procesos sustantivos y adjetivos y que son fundamentales para el cumplimiento de los objetivos del municipio.<\/span><\/p>\n<p class=\"p1\"><span style=\"font-size: 14pt;\">\u2022No cont\u00f3 con controles para supervisar las actividades m\u00e1s susceptibles a corrupci\u00f3n.<\/span><\/p>\n<p class=\"p1\"><span style=\"font-size: 14pt;\">\u2022No dispone de un plan de recuperaci\u00f3n en caso de desastre, para los sistemas inform\u00e1ticos asociados a los procesos o actividades.<\/span><\/p>\n<p class=\"p1\"><span style=\"font-size: 14pt;\">Durante el desarrollo de la auditor\u00eda se identificaron incumplimientos a las disposiciones legales aplicables a las operaciones realizadas por el municipio respecto del Fortamundf del ejercicio fiscal 2021. Por lo anterior, la Auditor\u00eda Superior de la Federaci\u00f3n considera que la entidad fiscalizada debe redise\u00f1ar y fortalecer las estrategias y mecanismos de control establecidos en su sistema de control interno, a fin de brindar una seguridad razonable en la consecuci\u00f3n de sus objetivos institucionales, en la administraci\u00f3n y mitigaci\u00f3n de sus riesgos, en el apego a las disposiciones jur\u00eddicas y normativas aplicables, la salvaguarda de los recursos p\u00fablicos y la confiabilidad de la informaci\u00f3n que genera.<\/span><\/p>\n<p>&nbsp;<\/p>\n<p>&nbsp;<\/p>\n<p class=\"p2\"><span style=\"font-size: 18pt;\"><strong>Cont\u00e1ctanos en nuestras redes sociales:<\/strong><\/span><\/p>\n<p class=\"p2\"><span style=\"font-size: 18pt;\"><strong><a href=\"https:\/\/www.canva.com\/design\/DAEN5B9DWgs\/ZCHd2Z8KueYjlg_d59Op3A\/view\">https:\/\/www.canva.com\/design\/DAEN5B9DWgs\/ZCHd2Z8KueYjlg_d59Op3A\/view<\/a><\/strong><\/span><\/p>\n<p>&nbsp;<\/p>\n<p><span style=\"font-size: 18pt; color: #139eca;\"><em><strong>**Las columnas firmadas en este medio son responsabilidad de quienes las firman**<\/strong><\/em><\/span><\/p>\n<p>&nbsp;<\/p>\n<p>&nbsp;<\/p>\n<p>&nbsp;<\/p>\n<p>&nbsp;<\/p>\n","protected":false},"excerpt":{"rendered":"<p>&nbsp; &lt;&lt; El alcalde Amado Cruz Malpica no le presta la atenci\u00f3n debida &gt;&gt; &lt;&lt; Primero fue el gobernador quien<\/p>\n","protected":false},"author":4,"featured_media":3789,"comment_status":"closed","ping_status":"closed","sticky":false,"template":"","format":"standard","meta":{"colormag_page_container_layout":"default_layout","colormag_page_sidebar_layout":"default_layout","_jetpack_memberships_contains_paid_content":false,"footnotes":"","jetpack_publicize_message":"","jetpack_publicize_feature_enabled":true,"jetpack_social_post_already_shared":false,"jetpack_social_options":{"image_generator_settings":{"template":"highway","default_image_id":0,"font":"","enabled":false},"version":2}},"categories":[26],"tags":[],"class_list":["post-12356","post","type-post","status-publish","format-standard","has-post-thumbnail","hentry","category-columnistas"],"jetpack_publicize_connections":[],"jetpack_featured_media_url":"https:\/\/i0.wp.com\/politicosaldesnudo.com.mx\/wp-content\/uploads\/2022\/04\/CRISTIANI.png?fit=1816%2C1016&ssl=1","jetpack-related-posts":[],"jetpack_sharing_enabled":true,"_links":{"self":[{"href":"https:\/\/politicosaldesnudo.com.mx\/index.php\/wp-json\/wp\/v2\/posts\/12356","targetHints":{"allow":["GET"]}}],"collection":[{"href":"https:\/\/politicosaldesnudo.com.mx\/index.php\/wp-json\/wp\/v2\/posts"}],"about":[{"href":"https:\/\/politicosaldesnudo.com.mx\/index.php\/wp-json\/wp\/v2\/types\/post"}],"author":[{"embeddable":true,"href":"https:\/\/politicosaldesnudo.com.mx\/index.php\/wp-json\/wp\/v2\/users\/4"}],"replies":[{"embeddable":true,"href":"https:\/\/politicosaldesnudo.com.mx\/index.php\/wp-json\/wp\/v2\/comments?post=12356"}],"version-history":[{"count":0,"href":"https:\/\/politicosaldesnudo.com.mx\/index.php\/wp-json\/wp\/v2\/posts\/12356\/revisions"}],"wp:featuredmedia":[{"embeddable":true,"href":"https:\/\/politicosaldesnudo.com.mx\/index.php\/wp-json\/wp\/v2\/media\/3789"}],"wp:attachment":[{"href":"https:\/\/politicosaldesnudo.com.mx\/index.php\/wp-json\/wp\/v2\/media?parent=12356"}],"wp:term":[{"taxonomy":"category","embeddable":true,"href":"https:\/\/politicosaldesnudo.com.mx\/index.php\/wp-json\/wp\/v2\/categories?post=12356"},{"taxonomy":"post_tag","embeddable":true,"href":"https:\/\/politicosaldesnudo.com.mx\/index.php\/wp-json\/wp\/v2\/tags?post=12356"}],"curies":[{"name":"wp","href":"https:\/\/api.w.org\/{rel}","templated":true}]}}