{"id":12383,"date":"2022-11-10T05:55:44","date_gmt":"2022-11-10T11:55:44","guid":{"rendered":"https:\/\/politicosaldesnudo.com.mx\/?p=12383"},"modified":"2022-11-10T09:06:22","modified_gmt":"2022-11-10T15:06:22","slug":"mexico-es-un-solo-hombre","status":"publish","type":"post","link":"https:\/\/politicosaldesnudo.com.mx\/index.php\/2022\/11\/10\/mexico-es-un-solo-hombre\/","title":{"rendered":"M\u00e9xico es un solo hombre"},"content":{"rendered":"<p>&nbsp;<\/p>\n<p class=\"p1\"><span style=\"font-size: 18pt;\"><strong>Por Norma Meraz<\/strong><\/span><\/p>\n<p class=\"p1\"><span style=\"font-size: 14pt;\">La democracia mexicana con todos sus defectos ha costado mucho esfuerzo, tiempo y recursos.<\/span><\/p>\n<p class=\"p1\"><span style=\"font-size: 14pt;\">El domingo 13 de noviembre de este 2022, los ciudadanos mexicanos de todo el pa\u00eds, saldr\u00e1n a las calles a defender la democracia a manifestar su inconformidad frente a la concentraci\u00f3n de poder en manos de un solo hombre: el Presidente de la Rep\u00fablica, Andr\u00e9s Manuel L\u00f3pez Obrador.<\/span><\/p>\n<p class=\"p1\"><span style=\"font-size: 14pt;\">El hombre de Macuspana, Tabasco -que adem\u00e1s de comerse las letras cuando habla-, engulle cada d\u00eda m\u00e1s espacios de la vida p\u00fablica, asfixiando as\u00ed la expresi\u00f3n de las ideas, las propuestas, las inconformidades, las demandas y las exigencias de quienes no cuentan con servicios de salud, de educaci\u00f3n, de un techo o de un trabajo digno.<\/span><\/p>\n<p class=\"p1\"><span style=\"font-size: 14pt;\">Incapaz de aceptar el disentimiento de sus compatriotas, se erige en el \u00fanico, con su verdad \u00fanica.<\/span><\/p>\n<p class=\"p1\"><span style=\"font-size: 14pt;\">\u00bfC\u00f3mo se atreve a hablar de democracia si al tomar decisiones se escuda siempre diciendo que\u201d es la voz del pueblo\u201d; un pueblo que gime ante la falta de atenci\u00f3n, con el hambre en el cuello?<\/span><\/p>\n<p class=\"p1\"><span style=\"font-size: 14pt;\">\u00bfC\u00f3mo hablar de democracia si rechaza el pluralismo?<span class=\"Apple-converted-space\">\u00a0<\/span>Mexico no es Morena, su movimiento a trav\u00e9s del cual lleg\u00f3 al poder.<\/span><\/p>\n<p class=\"p1\"><span style=\"font-size: 14pt;\">Al ver tambalearse su iniciativa de reforma electoral, el hombre de Palacio, se enfurece cada ma\u00f1ana; insulta, injuria y descalifica a los funcionarios del Instituto Nacional Electoral y abusando del micr\u00f3fono y los tiempos oficiales en los medios de comunicaci\u00f3n, genera un ambiente de exclusi\u00f3n pues lo que se propone en realidad es contar con un instrumento m\u00e1s de propaganda pol\u00edtica.<\/span><\/p>\n<p class=\"p1\"><span style=\"font-size: 14pt;\">El objetivo que persigue el Presidente L\u00f3pez Obrador es la desaparici\u00f3n del INE, el \u00f3rgano rector de las elecciones, la misma Instituci\u00f3n que le garantiz\u00f3 en 2018 el triunfo electoral. <\/span><span style=\"font-size: 14pt;\">Entonces \u00bfel INE si era funcional y transparente cuando \u00e9l gan\u00f3?, \u00bfy ahora ya no lo es?<\/span><\/p>\n<p class=\"p1\"><span style=\"font-size: 14pt;\">Con la reforma electoral que propone el Presidente, intenta que los diputados sean todos, plurinominales, pero esto rasga a la democracia, se anular\u00eda la participaci\u00f3n electoral y por ende, la representaci\u00f3n real de la sociedad.<\/span><\/p>\n<p class=\"p1\"><span style=\"font-size: 14pt;\">En un populismo nacionalista, se desdibujan la izquierda y la derecha. <\/span><span style=\"font-size: 14pt;\">La izquierda de Nicaragua, la de Cuba y la de nuestro pa\u00eds, don izquierdas de bolsillo y las derechas se agazapan y militarizan sus gobiernos.<\/span><\/p>\n<p class=\"p1\"><span style=\"font-size: 14pt;\">Morena no pasar\u00e1 de ser un delirio sexenal, cuando se haga el balance de este gobierno.<\/span><\/p>\n<p class=\"p1\"><span style=\"font-size: 14pt;\">Mexico con sus 126 millones de habitantes, de los cuales 96 millones integran la lista de empadronados y s\u00f3lo 30 millones votaron por L\u00f3pez Obrador para Presidente, este, protest\u00f3 guardar y hacer guardar la Constituci\u00f3n, lo que significa gobernar para todos, aunque no todos hayan votado por el; de tal manera que Morena no es Mexico y Mexico, no es Morena.<\/span><\/p>\n<p class=\"p1\"><span style=\"font-size: 14pt;\">El Presidente no se cansa de presumir que cuenta con el 60% de aceptaci\u00f3n lo <\/span><span style=\"font-size: 14pt;\">que no dice es que el 60% este de acuerdo con su forma de gobernar .<\/span><\/p>\n<p class=\"p1\"><span style=\"font-size: 14pt;\">\u00a1Mexico no es de un solo hombre, aunque este hombre crea que si!<span class=\"Apple-converted-space\"> \u00a0<\/span><\/span><span style=\"font-size: 14pt;\">\u00a1Defendamos nuestra democracia !\u00a0<\/span><\/p>\n<p>&nbsp;<\/p>\n<p class=\"p1\"><strong><span style=\"font-size: 18pt;\">\u00a1Digamos la Verdad!<\/span><\/strong><\/p>\n<p>&nbsp;<\/p>\n<p><span style=\"font-size: 18pt; color: #319eca;\"><em><strong>**Las columnas firmadas en este medio son responsabilidad de quienes las firman**<\/strong><\/em><\/span><\/p>\n<p>&nbsp;<\/p>\n<p>&nbsp;<\/p>\n<p>&nbsp;<\/p>\n<p>&nbsp;<\/p>\n","protected":false},"excerpt":{"rendered":"<p>&nbsp; Por Norma Meraz La democracia mexicana con todos sus defectos ha costado mucho esfuerzo, tiempo y recursos. El domingo<\/p>\n","protected":false},"author":4,"featured_media":6384,"comment_status":"closed","ping_status":"closed","sticky":false,"template":"","format":"standard","meta":{"colormag_page_container_layout":"default_layout","colormag_page_sidebar_layout":"default_layout","_jetpack_memberships_contains_paid_content":false,"footnotes":"","jetpack_publicize_message":"","jetpack_publicize_feature_enabled":true,"jetpack_social_post_already_shared":false,"jetpack_social_options":{"image_generator_settings":{"template":"highway","default_image_id":0,"font":"","enabled":false},"version":2}},"categories":[26],"tags":[],"class_list":["post-12383","post","type-post","status-publish","format-standard","has-post-thumbnail","hentry","category-columnistas"],"jetpack_publicize_connections":[],"jetpack_featured_media_url":"https:\/\/i0.wp.com\/politicosaldesnudo.com.mx\/wp-content\/uploads\/2022\/06\/norma.png?fit=1816%2C1016&ssl=1","jetpack-related-posts":[],"jetpack_sharing_enabled":true,"_links":{"self":[{"href":"https:\/\/politicosaldesnudo.com.mx\/index.php\/wp-json\/wp\/v2\/posts\/12383","targetHints":{"allow":["GET"]}}],"collection":[{"href":"https:\/\/politicosaldesnudo.com.mx\/index.php\/wp-json\/wp\/v2\/posts"}],"about":[{"href":"https:\/\/politicosaldesnudo.com.mx\/index.php\/wp-json\/wp\/v2\/types\/post"}],"author":[{"embeddable":true,"href":"https:\/\/politicosaldesnudo.com.mx\/index.php\/wp-json\/wp\/v2\/users\/4"}],"replies":[{"embeddable":true,"href":"https:\/\/politicosaldesnudo.com.mx\/index.php\/wp-json\/wp\/v2\/comments?post=12383"}],"version-history":[{"count":0,"href":"https:\/\/politicosaldesnudo.com.mx\/index.php\/wp-json\/wp\/v2\/posts\/12383\/revisions"}],"wp:featuredmedia":[{"embeddable":true,"href":"https:\/\/politicosaldesnudo.com.mx\/index.php\/wp-json\/wp\/v2\/media\/6384"}],"wp:attachment":[{"href":"https:\/\/politicosaldesnudo.com.mx\/index.php\/wp-json\/wp\/v2\/media?parent=12383"}],"wp:term":[{"taxonomy":"category","embeddable":true,"href":"https:\/\/politicosaldesnudo.com.mx\/index.php\/wp-json\/wp\/v2\/categories?post=12383"},{"taxonomy":"post_tag","embeddable":true,"href":"https:\/\/politicosaldesnudo.com.mx\/index.php\/wp-json\/wp\/v2\/tags?post=12383"}],"curies":[{"name":"wp","href":"https:\/\/api.w.org\/{rel}","templated":true}]}}