{"id":1242,"date":"2021-12-31T06:17:43","date_gmt":"2021-12-31T12:17:43","guid":{"rendered":"https:\/\/politicosaldesnudo.com.mx\/?p=1242"},"modified":"2023-06-19T20:40:38","modified_gmt":"2023-06-20T01:40:38","slug":"priistas-que-hidalgo-sea-de-morena-o-del-pan","status":"publish","type":"post","link":"https:\/\/politicosaldesnudo.com.mx\/index.php\/2021\/12\/31\/priistas-que-hidalgo-sea-de-morena-o-del-pan\/","title":{"rendered":"Pri\u00edstas: que Hidalgo sea de Morena o del PAN"},"content":{"rendered":"<div>\n<div>\n<h5><\/h5>\n<h5>Por \u00c1ngel \u00c1lvaro Pe\u00f1a<\/h5>\n<p><strong>La elecci\u00f3n en Hidalgo el pr\u00f3ximo 5 de junio podr\u00eda colocar al PRI nacional en un sitio de extinci\u00f3n.<\/strong> La entidad es de los \u00faltimos bastiones de un <strong>partido que ejerci\u00f3 el poder por m\u00e1s de 70 a\u00f1os y ahora se divide<\/strong> entre las fuerzas m\u00e1s s\u00f3lidas de su militancia en la entidad.<\/p>\n<p>Esta diferencia entre el <strong>gobernado Omar Fayad Meneses y el l\u00edder nacional de ese partido, Alejando Moreno C\u00e1rdenas<\/strong>, <strong>es de visi\u00f3n al futuro<\/strong>, aunque ninguna de las dos posturas busca el triunfo electoral para el tricolor.<\/p>\n<p>As\u00ed, la <strong>Comisi\u00f3n Pol\u00edtica Permanente del PRI,<\/strong> que encabeza\u00a0<strong>Julio Manuel Valera Piedras<\/strong>,\u00a0<strong>acord\u00f3 entregar la candidatura al gobierno de Hidalgo al blanquiazul, como parte de los acuerdos de la coalici\u00f3n electoral Va por M\u00e9xico<\/strong>, que tambi\u00e9n integra al PRD, situaci\u00f3n que Omar Fayad calific\u00f3 de traici\u00f3n.<\/p>\n<blockquote><p>Se hab\u00eda acordado decidir entre todos al candidato, incluyendo la opini\u00f3n del propio Fayad, pero\u00a0<i>Alito<\/i>\u00a0dio madruguete y no quiere a un priista en la candidatura de esa alianza que comienza a hacer agua.<\/p><\/blockquote>\n<p><strong>La postura de Fayad, desde hace semanas choca con la decisi\u00f3n de la Comisi\u00f3n Pol\u00edtica<\/strong> tienen como antecedente la disputa interna entre dos grupos por la postulaci\u00f3n.<\/p>\n<p>Por una parte, <strong>Fayad Meneses, controla el Comit\u00e9 Directivo Estatal de su partido e impulsa a Israel F\u00e9lix Soto<\/strong>, alcalde del municipio metropolitano Mineral de la Reforma, con una carrera ligada al gobernador, de <strong>quien fue secretario particular desde que \u00e9ste fue alcalde de Pachuca<\/strong>.<\/p>\n<p>Por su parte,\u00a0<strong><i>Alito<\/i>\u00a0Moreno C\u00e1rdenas, se\u00f1al\u00f3 al gobernador de Hidalgo, Omar Fayad Meneses de entregarse a Morena<\/strong>, adem\u00e1s de asegurar que el candidato que \u00e9ste impulsaba estaba destinado \u00aba la derrota\u201d. <strong>Lo que quiere Fayad es un candidato d\u00e9bil para que Morena gane con mayor facilidad.<\/strong><\/p>\n<p>Ante esta situaci\u00f3n, la Comisi\u00f3n Pol\u00edtica Permanente del PRI acord\u00f3 la noche del martes entregar la candidatura al gobierno de Hidalgo al PAN, como parte de los acuerdos de la coalici\u00f3n Va por M\u00e9xico.<\/p>\n<p>El acuerdo entre <strong>Fayad y\u00a0<i>Alito<\/i>\u00a0fue que el g\u00e9nero sea femenino<\/strong> y se abri\u00f3 la posibilidad para que el blanquiazul postule a una externa, <strong>no necesariamente una militante<\/strong>, lo que, para Fayad, sugiere la nominaci\u00f3n de <strong>Carolina Viggiano Austria, diputada federal y secretaria general del CEN del PRI.\u00a0<\/strong><\/p>\n<blockquote><p>\u201cNo vamos permitir que le entregue el estado de Hidalgo a Morena. En la elecci\u00f3n de Hidalgo, el PRI ir\u00e1 en coalici\u00f3n con el PAN y PRD; tendr\u00e1 una candidatura que represente a los tres partidos, pero especialmente a la ciudadan\u00eda. Aqu\u00ed no hay espacio para imponer candidatos destinados a la derrota, a cambio de impunidad a quienes van de salida\u201d, se\u00f1al\u00f3\u00a0<i>Alito<\/i>.<\/p><\/blockquote>\n<p><strong>Y asegur\u00f3 que cuenta con el apoyo de los pri\u00edstas de Hidalgo, grupo que asegura Fayad tener a su favor.<\/strong><\/p>\n<p>El 2 de enero vence el plazo para que los partidos pol\u00edticos presenten ante el Instituto Estatal Electoral sus solicitudes de coalici\u00f3n; sin embargo, por lo menos en el caso de <strong>Hidalgo, no hay consenso y se vislumbra una divisi\u00f3n en la militancia que podr\u00eda producir una desbandada hist\u00f3rica a nivel nacional<\/strong>, porque al ser uno de los \u00faltimos bastiones del PRI, las esperanzas de los priistas en el pa\u00eds entero estaban puestas en conservar el estado con gobierno pri\u00edsta.<\/p>\n<blockquote><p>Lo cierto es que con el PRI unido hab\u00eda pocas oportunidades de que ganara la elecci\u00f3n de gobernador, ahora dividido es m\u00e1s dif\u00edcil y la alianza electoral de derecha pareciera tener m\u00e1s problemas internos que posibilidades de triunfo.<\/p><\/blockquote>\n<p><strong>La alianza electoral est\u00e1 concentrada en Aguascalientes, \u00fanico estado donde puede ganar, a pesar de las diferencias entre el gobernador y el l\u00edder nacional del PAN, en una bronca muy similar a la que sucede al interior del PRI,<\/strong> que tendr\u00e1n que definir en unas cuantas horas sino quieren quedarse afuera de la contienda.<\/p>\n<p><strong>Uno quiere entregarle Hidalgo al PAN y otro a Morena, el PRI<\/strong>,<strong> en cualquiera de los dos casos, ya perdi\u00f3.<\/strong> Esto quiere decir que ninguna de las seis gubernaturas en juego en 2022 podr\u00eda ser para el PRI. <strong>Se repartir\u00e1n los triunfos entre Morena y la Alianza de la derecha<\/strong>, dejando a la poblaci\u00f3n sin alternativas partidistas o ideol\u00f3gicas para escoger entre los candidatos al que m\u00e1s les parezca, porque esta alianza reduce de tres a uno las opciones partidistas y limita el n\u00famero de candidatos, <strong>porque para ellos es m\u00e1s importante la victoria electoral que la identidad partidista. <\/strong><\/p>\n<p>&nbsp;<\/p>\n<p><strong>PEGA Y CORRE.<\/strong> <strong>Movimiento Ciudadano sigue compitiendo de manera independiente por las gubernaturas 2022<\/strong>, y esta vez dio a conocer que su abanderado para el gobierno de <strong>Tamaulipas ser\u00e1 Arturo D\u00edez Guti\u00e9rrez<\/strong>, a quien nombraron Dante Delgado, coordinador nacional del partido, y<strong> Jorge \u00c1lvarez M\u00e1ynez<\/strong>, l\u00edder de la bancada naranja en la C\u00e1mara de Diputados. Dice que ganar\u00e1\u2026 <em><strong>Esta columna se publica los lunes, mi\u00e9rcoles y viernes.<\/strong><\/em><\/p>\n<\/div>\n<div class=\"yj6qo\"><\/div>\n<\/div>\n<div class=\"adL\"><\/div>\n<div><\/div>\n","protected":false},"excerpt":{"rendered":"<p>Por \u00c1ngel \u00c1lvaro Pe\u00f1a La elecci\u00f3n en Hidalgo el pr\u00f3ximo 5 de junio podr\u00eda colocar al PRI nacional en un<\/p>\n","protected":false},"author":1,"featured_media":542,"comment_status":"closed","ping_status":"closed","sticky":false,"template":"","format":"standard","meta":{"colormag_page_container_layout":"default_layout","colormag_page_sidebar_layout":"default_layout","_jetpack_memberships_contains_paid_content":false,"footnotes":"","jetpack_publicize_message":"","jetpack_publicize_feature_enabled":true,"jetpack_social_post_already_shared":false,"jetpack_social_options":{"image_generator_settings":{"template":"highway","default_image_id":0,"font":"","enabled":false},"version":2}},"categories":[26],"tags":[250,243,242,226],"class_list":["post-1242","post","type-post","status-publish","format-standard","has-post-thumbnail","hentry","category-columnistas","tag-alito-moreno","tag-hidalgo","tag-omar-fayad","tag-pri"],"jetpack_publicize_connections":[],"jetpack_featured_media_url":"https:\/\/i0.wp.com\/politicosaldesnudo.com.mx\/wp-content\/uploads\/2021\/12\/A%CC%81NGEL-A%CC%81LVARO-PEN%CC%83A1-1.png?fit=1816%2C1016&ssl=1","jetpack-related-posts":[],"jetpack_sharing_enabled":true,"_links":{"self":[{"href":"https:\/\/politicosaldesnudo.com.mx\/index.php\/wp-json\/wp\/v2\/posts\/1242","targetHints":{"allow":["GET"]}}],"collection":[{"href":"https:\/\/politicosaldesnudo.com.mx\/index.php\/wp-json\/wp\/v2\/posts"}],"about":[{"href":"https:\/\/politicosaldesnudo.com.mx\/index.php\/wp-json\/wp\/v2\/types\/post"}],"author":[{"embeddable":true,"href":"https:\/\/politicosaldesnudo.com.mx\/index.php\/wp-json\/wp\/v2\/users\/1"}],"replies":[{"embeddable":true,"href":"https:\/\/politicosaldesnudo.com.mx\/index.php\/wp-json\/wp\/v2\/comments?post=1242"}],"version-history":[{"count":0,"href":"https:\/\/politicosaldesnudo.com.mx\/index.php\/wp-json\/wp\/v2\/posts\/1242\/revisions"}],"wp:featuredmedia":[{"embeddable":true,"href":"https:\/\/politicosaldesnudo.com.mx\/index.php\/wp-json\/wp\/v2\/media\/542"}],"wp:attachment":[{"href":"https:\/\/politicosaldesnudo.com.mx\/index.php\/wp-json\/wp\/v2\/media?parent=1242"}],"wp:term":[{"taxonomy":"category","embeddable":true,"href":"https:\/\/politicosaldesnudo.com.mx\/index.php\/wp-json\/wp\/v2\/categories?post=1242"},{"taxonomy":"post_tag","embeddable":true,"href":"https:\/\/politicosaldesnudo.com.mx\/index.php\/wp-json\/wp\/v2\/tags?post=1242"}],"curies":[{"name":"wp","href":"https:\/\/api.w.org\/{rel}","templated":true}]}}