{"id":12435,"date":"2022-11-11T06:30:16","date_gmt":"2022-11-11T12:30:16","guid":{"rendered":"https:\/\/politicosaldesnudo.com.mx\/?p=12435"},"modified":"2022-11-11T07:16:44","modified_gmt":"2022-11-11T13:16:44","slug":"marcha-sin-partidos-politicos","status":"publish","type":"post","link":"https:\/\/politicosaldesnudo.com.mx\/index.php\/2022\/11\/11\/marcha-sin-partidos-politicos\/","title":{"rendered":"Marcha sin partidos pol\u00edticos \u00a0"},"content":{"rendered":"<p class=\"p1\">\n<p>&nbsp;<\/p>\n<p class=\"p1\"><span style=\"font-size: 18pt;\"><strong>Por M\u00f3nica Camarena Crespo<\/strong><\/span><\/p>\n<p class=\"p1\"><span style=\"font-size: 14pt;\">Partidos pol\u00edticos que participen en la marcha por la defensa del INE no abonan en nada a la causa, m\u00e1s bien ser\u00e1n motivo para la desacreditaci\u00f3n del \u201cgolpeador\u201d de Palacio Nacional.<\/span><\/p>\n<p class=\"p1\"><span style=\"font-size: 14pt;\">El capital moral de los institutos pol\u00edticos est\u00e1 por los suelos, deben aceptarlo quienes buscan sacar raja de una marcha de ciudadanos.<\/span><\/p>\n<p class=\"p1\"><span style=\"font-size: 14pt;\">A muy pocos d\u00edas del domingo 13 de noviembre, desde las \u201cma\u00f1aneras\u201d elevan el discurso de odio para generar a\u00fan m\u00e1s encono en un pa\u00eds secuestrado por un merolico destructor de los organismos aut\u00f3nomos y nuevo villano de la democracia.<\/span><\/p>\n<p class=\"p1\"><span style=\"font-size: 14pt;\">Los organizadores de la marcha en defensa del Instituto Nacional Electoral (INE) han elevado la voz de manera responsable para exigir a las autoridades que se brinden las garant\u00edas para la realizaci\u00f3n de esta manifestaci\u00f3n pac\u00edfica.<\/span><\/p>\n<p class=\"p1\"><span style=\"font-size: 14pt;\">Son los ciudadanos, activistas y promotores independientes quienes deben marchar con la frente en alto; que las voces con credibilidad se escuchen y definitivamente, aqu\u00ed no caben los partidos pol\u00edticos.<\/span><\/p>\n<p class=\"p1\"><span style=\"font-size: 14pt;\">De antemano es un \u00e9xito esta convocatoria por el solo hecho que no la pudo controlar el presidente Andr\u00e9s Manuel L\u00f3pez Obrador, que con insana provocaci\u00f3n exhort\u00f3 a organizadores que la marcha llegar\u00e1 al Z\u00f3calo capitalino, espacio que ahora la 4T utiliza para \u201catiborrar\u201d de acarreados en actos pol\u00edticos del inquilino de Palacio Nacional.<\/span><\/p>\n<p>&nbsp;<\/p>\n<p class=\"p1\"><span style=\"font-size: 18pt; color: #139eca;\"><strong>SOCIEDAD CIVIL<\/strong><\/span><\/p>\n<p class=\"p1\"><span style=\"font-size: 14pt;\">La marcha del 13 de noviembre debe ser un espacio exclusivo de la sociedad civil; en varios estados ya se confirm\u00f3 la r\u00e9plica y todo apunta a una gran concentraci\u00f3n a nivel nacional, tomando en cuenta que han confirmado su participaci\u00f3n m\u00e1s de 50 organizaciones.<\/span><\/p>\n<p class=\"p1\"><span style=\"font-size: 14pt;\">En la Ciudad de M\u00e9xico, por ejemplo,\u00a0la movilizaci\u00f3n ser\u00e1 encabezada por un contingente de j\u00f3venes, marchar\u00e1n sobre avenida Paseo de la Reforma hasta Avenida de la Rep\u00fablica y entrar\u00e1n al Monumento a la Revoluci\u00f3n. El \u00fanico orador del evento ser\u00e1 el ex presidente del INE, Jos\u00e9 Woldenberg, definitivamente una voz autorizada.<\/span><\/p>\n<p class=\"p1\"><span style=\"font-size: 14pt;\">La marcha, coinciden voces convocantes, no defiende a personas sino a una instituci\u00f3n que puede ser perfectible, no modificable a modo de quienes buscan volver al pasado antidemocr\u00e1tico, ese que tanto criticaban.<\/span><\/p>\n<p class=\"p1\"><span style=\"font-size: 14pt;\">En Xalapa la cita es en la Plaza Lerdo y otra salida desde el Teatro del Estado a partir de las 10:30 horas.\u00a0<\/span><\/p>\n<p>&nbsp;<\/p>\n<p>&nbsp;<\/p>\n<p class=\"p1\"><span style=\"font-size: 18pt;\"><strong>Correo: <a href=\"mailto:parquejuarezweb@yahoo.com.mx\">parquejuarezweb@yahoo.com.mx<\/a><\/strong><\/span><\/p>\n<p class=\"p1\"><span style=\"font-size: 18pt;\"><strong>Twitter: <a href=\"http:\/\/www.twitter.com\/monicamarena\">@monicamarena<\/a><\/strong><\/span><\/p>\n<p>&nbsp;<\/p>\n<p><span style=\"font-size: 18pt; color: #319eca;\"><em><strong>**Las columnas firmadas en este medio son responsabilidad de quienes las firman**<\/strong><\/em><\/span><\/p>\n<p>&nbsp;<\/p>\n<p>&nbsp;<\/p>\n<p>&nbsp;<\/p>\n<p class=\"p1\">\n","protected":false},"excerpt":{"rendered":"<p>&nbsp; Por M\u00f3nica Camarena Crespo Partidos pol\u00edticos que participen en la marcha por la defensa del INE no abonan en<\/p>\n","protected":false},"author":4,"featured_media":4080,"comment_status":"closed","ping_status":"closed","sticky":false,"template":"","format":"standard","meta":{"colormag_page_container_layout":"default_layout","colormag_page_sidebar_layout":"default_layout","_jetpack_memberships_contains_paid_content":false,"footnotes":"","jetpack_publicize_message":"","jetpack_publicize_feature_enabled":true,"jetpack_social_post_already_shared":false,"jetpack_social_options":{"image_generator_settings":{"template":"highway","default_image_id":0,"font":"","enabled":false},"version":2}},"categories":[26],"tags":[],"class_list":["post-12435","post","type-post","status-publish","format-standard","has-post-thumbnail","hentry","category-columnistas"],"jetpack_publicize_connections":[],"jetpack_featured_media_url":"https:\/\/i0.wp.com\/politicosaldesnudo.com.mx\/wp-content\/uploads\/2022\/04\/MO%CC%81NICA-CAMARENA-CRESPO1.png?fit=1816%2C1016&ssl=1","jetpack-related-posts":[],"jetpack_sharing_enabled":true,"_links":{"self":[{"href":"https:\/\/politicosaldesnudo.com.mx\/index.php\/wp-json\/wp\/v2\/posts\/12435","targetHints":{"allow":["GET"]}}],"collection":[{"href":"https:\/\/politicosaldesnudo.com.mx\/index.php\/wp-json\/wp\/v2\/posts"}],"about":[{"href":"https:\/\/politicosaldesnudo.com.mx\/index.php\/wp-json\/wp\/v2\/types\/post"}],"author":[{"embeddable":true,"href":"https:\/\/politicosaldesnudo.com.mx\/index.php\/wp-json\/wp\/v2\/users\/4"}],"replies":[{"embeddable":true,"href":"https:\/\/politicosaldesnudo.com.mx\/index.php\/wp-json\/wp\/v2\/comments?post=12435"}],"version-history":[{"count":0,"href":"https:\/\/politicosaldesnudo.com.mx\/index.php\/wp-json\/wp\/v2\/posts\/12435\/revisions"}],"wp:featuredmedia":[{"embeddable":true,"href":"https:\/\/politicosaldesnudo.com.mx\/index.php\/wp-json\/wp\/v2\/media\/4080"}],"wp:attachment":[{"href":"https:\/\/politicosaldesnudo.com.mx\/index.php\/wp-json\/wp\/v2\/media?parent=12435"}],"wp:term":[{"taxonomy":"category","embeddable":true,"href":"https:\/\/politicosaldesnudo.com.mx\/index.php\/wp-json\/wp\/v2\/categories?post=12435"},{"taxonomy":"post_tag","embeddable":true,"href":"https:\/\/politicosaldesnudo.com.mx\/index.php\/wp-json\/wp\/v2\/tags?post=12435"}],"curies":[{"name":"wp","href":"https:\/\/api.w.org\/{rel}","templated":true}]}}