{"id":12464,"date":"2022-11-12T19:25:12","date_gmt":"2022-11-13T01:25:12","guid":{"rendered":"https:\/\/politicosaldesnudo.com.mx\/?p=12464"},"modified":"2022-11-13T22:28:56","modified_gmt":"2022-11-14T04:28:56","slug":"este-domingo-confirmada-la-visita-de-claudia-sheinbaum-a-tuxpan","status":"publish","type":"post","link":"https:\/\/politicosaldesnudo.com.mx\/index.php\/2022\/11\/12\/este-domingo-confirmada-la-visita-de-claudia-sheinbaum-a-tuxpan\/","title":{"rendered":"\u00a1HOY! confirmada la visita de Claudia Sheinbaum a Tuxpan"},"content":{"rendered":"<p class=\"p1\"><span style=\"font-size: 18pt;\"><em><strong>TUXPAN, VERACRUZ.<\/strong><\/em> <span style=\"color: #139eca;\"><strong>Tuxpan est\u00e1 listo para recibir a la Jefa de Gobierno de la Ciudad de M\u00e9xico, Dra. Claudia Sheinbaum Pardo<\/strong><\/span>, quien dictar\u00e1 la conferencia magistral \u201cPol\u00edticas Exitosas de Gobierno\u201d,\u00a0 13 de noviembre a las 16:00 horas en la Unidad Deportiva.<\/span><\/p>\n<p class=\"p1\"><span style=\"font-size: 18pt;\">La visita est\u00e1 confirmada y para este domingo se esperan condiciones clim\u00e1ticas que no afectar\u00e1n el evento.<span class=\"Apple-converted-space\">\u00a0<\/span><\/span><\/p>\n<p>&nbsp;<\/p>\n<p><img data-recalc-dims=\"1\" loading=\"lazy\" decoding=\"async\" class=\"aligncenter wp-image-12466 size-large\" src=\"https:\/\/i0.wp.com\/politicosaldesnudo.com.mx\/wp-content\/uploads\/2022\/11\/P-CONFERENCIA-MAGISTRAL-TUXPAN-1024x573.png?resize=800%2C448&#038;ssl=1\" alt=\"\" width=\"800\" height=\"448\" srcset=\"https:\/\/i0.wp.com\/politicosaldesnudo.com.mx\/wp-content\/uploads\/2022\/11\/P-CONFERENCIA-MAGISTRAL-TUXPAN.png?resize=1024%2C573&amp;ssl=1 1024w, https:\/\/i0.wp.com\/politicosaldesnudo.com.mx\/wp-content\/uploads\/2022\/11\/P-CONFERENCIA-MAGISTRAL-TUXPAN.png?resize=300%2C168&amp;ssl=1 300w, https:\/\/i0.wp.com\/politicosaldesnudo.com.mx\/wp-content\/uploads\/2022\/11\/P-CONFERENCIA-MAGISTRAL-TUXPAN.png?resize=768%2C430&amp;ssl=1 768w, https:\/\/i0.wp.com\/politicosaldesnudo.com.mx\/wp-content\/uploads\/2022\/11\/P-CONFERENCIA-MAGISTRAL-TUXPAN.png?resize=1536%2C859&amp;ssl=1 1536w, https:\/\/i0.wp.com\/politicosaldesnudo.com.mx\/wp-content\/uploads\/2022\/11\/P-CONFERENCIA-MAGISTRAL-TUXPAN.png?w=1816&amp;ssl=1 1816w, https:\/\/i0.wp.com\/politicosaldesnudo.com.mx\/wp-content\/uploads\/2022\/11\/P-CONFERENCIA-MAGISTRAL-TUXPAN.png?w=1600&amp;ssl=1 1600w\" sizes=\"auto, (max-width: 800px) 100vw, 800px\" \/><\/p>\n<p>&nbsp;<\/p>\n<p class=\"p1\"><strong><span style=\"font-size: 18pt;\">Ser\u00e1 un d\u00eda en el que prevalecer\u00e1 el entusiasmo, la alegr\u00eda y el calor humano, porque adem\u00e1s se tendr\u00e1 la presencia del gobernador Cuitl\u00e1huac Garc\u00eda Jim\u00e9nez y de la secretaria de Energ\u00eda Roc\u00edo Nahle.\u00a0<\/span><\/strong><\/p>\n<p>&nbsp;<\/p>\n<p>&nbsp;<\/p>\n<p>&nbsp;<\/p>\n<p>&nbsp;<\/p>\n<p>&nbsp;<\/p>\n<p>&nbsp;<\/p>\n","protected":false},"excerpt":{"rendered":"<p>TUXPAN, VERACRUZ. Tuxpan est\u00e1 listo para recibir a la Jefa de Gobierno de la Ciudad de M\u00e9xico, Dra. Claudia Sheinbaum<\/p>\n","protected":false},"author":4,"featured_media":12465,"comment_status":"closed","ping_status":"closed","sticky":false,"template":"","format":"standard","meta":{"colormag_page_container_layout":"default_layout","colormag_page_sidebar_layout":"default_layout","_jetpack_memberships_contains_paid_content":false,"footnotes":"","jetpack_publicize_message":"","jetpack_publicize_feature_enabled":true,"jetpack_social_post_already_shared":false,"jetpack_social_options":{"image_generator_settings":{"template":"highway","default_image_id":0,"font":"","enabled":false},"version":2}},"categories":[1082],"tags":[640,576,70,100],"class_list":["post-12464","post","type-post","status-publish","format-standard","has-post-thumbnail","hentry","category-tuxpan","tag-claudia-sheinbaum","tag-jose-manuel-pozos","tag-tuxpan","tag-veracruz"],"jetpack_publicize_connections":[],"jetpack_featured_media_url":"https:\/\/i0.wp.com\/politicosaldesnudo.com.mx\/wp-content\/uploads\/2022\/11\/P-CLAUDIA-SHEINBAUM-TUXPAN-1.png?fit=1816%2C1016&ssl=1","jetpack-related-posts":[],"jetpack_sharing_enabled":true,"_links":{"self":[{"href":"https:\/\/politicosaldesnudo.com.mx\/index.php\/wp-json\/wp\/v2\/posts\/12464","targetHints":{"allow":["GET"]}}],"collection":[{"href":"https:\/\/politicosaldesnudo.com.mx\/index.php\/wp-json\/wp\/v2\/posts"}],"about":[{"href":"https:\/\/politicosaldesnudo.com.mx\/index.php\/wp-json\/wp\/v2\/types\/post"}],"author":[{"embeddable":true,"href":"https:\/\/politicosaldesnudo.com.mx\/index.php\/wp-json\/wp\/v2\/users\/4"}],"replies":[{"embeddable":true,"href":"https:\/\/politicosaldesnudo.com.mx\/index.php\/wp-json\/wp\/v2\/comments?post=12464"}],"version-history":[{"count":0,"href":"https:\/\/politicosaldesnudo.com.mx\/index.php\/wp-json\/wp\/v2\/posts\/12464\/revisions"}],"wp:featuredmedia":[{"embeddable":true,"href":"https:\/\/politicosaldesnudo.com.mx\/index.php\/wp-json\/wp\/v2\/media\/12465"}],"wp:attachment":[{"href":"https:\/\/politicosaldesnudo.com.mx\/index.php\/wp-json\/wp\/v2\/media?parent=12464"}],"wp:term":[{"taxonomy":"category","embeddable":true,"href":"https:\/\/politicosaldesnudo.com.mx\/index.php\/wp-json\/wp\/v2\/categories?post=12464"},{"taxonomy":"post_tag","embeddable":true,"href":"https:\/\/politicosaldesnudo.com.mx\/index.php\/wp-json\/wp\/v2\/tags?post=12464"}],"curies":[{"name":"wp","href":"https:\/\/api.w.org\/{rel}","templated":true}]}}