{"id":12470,"date":"2022-11-12T19:57:45","date_gmt":"2022-11-13T01:57:45","guid":{"rendered":"https:\/\/politicosaldesnudo.com.mx\/?p=12470"},"modified":"2022-11-12T19:57:45","modified_gmt":"2022-11-13T01:57:45","slug":"anuncia-ebrard-en-cop27-mexico-rumbo-a-2030-incrementara-a-35-recorte-de-emision-de-carbono","status":"publish","type":"post","link":"https:\/\/politicosaldesnudo.com.mx\/index.php\/2022\/11\/12\/anuncia-ebrard-en-cop27-mexico-rumbo-a-2030-incrementara-a-35-recorte-de-emision-de-carbono\/","title":{"rendered":"Anuncia Ebrard en COP27, M\u00e9xico rumbo a 2030 incrementar\u00e1 a 35% recorte de emisi\u00f3n de carbono"},"content":{"rendered":"<p class=\"p1\">\n<p class=\"p1\"><span style=\"font-size: 14pt;\"><em><strong>EL CAIRO, EGIPTO.<\/strong> <\/em><strong>M\u00e9xico incrementar\u00e1 de 22 a 35 por ciento su recorte de emisiones de gases de efecto invernadero de aqu\u00ed a 2030<\/strong>. Lo anterior se har\u00e1 en conjunto con Estados Unidos en un <strong>proyecto que representar\u00e1 inversiones por 48 mil millones de d\u00f3lares<\/strong>, anunci\u00f3 el <strong>canciller Marcelo Ebrard<\/strong>.<\/span><\/p>\n<p class=\"p1\"><span style=\"font-size: 18pt;\"><strong>En conferencia, acompa\u00f1ado del enviado especial para el clima de Estados Unidos, John Kerry, Ebrard dijo que \u201cel presidente Andr\u00e9s Manuel L\u00f3pez Obrador ha decidido expandir a\u00fan m\u00e1s las NDC (siglas en ingl\u00e9s de Contribuci\u00f3n Determinada a Nivel Naci\u00f3n) de <span style=\"color: #139eca;\">M\u00e9xico para pasar de 22 a 35 la reducci\u00f3n en la emisi\u00f3n de gases de efecto invernadero para acelerar la transici\u00f3n energ\u00e9tica en Am\u00e9rica del Norte\u201d.<\/span><\/strong><\/span><\/p>\n<p>&nbsp;<\/p>\n<p><img data-recalc-dims=\"1\" loading=\"lazy\" decoding=\"async\" class=\"aligncenter wp-image-12471 size-large\" src=\"https:\/\/i0.wp.com\/politicosaldesnudo.com.mx\/wp-content\/uploads\/2022\/11\/P-COP27-EBRARD-1-1024x573.png?resize=800%2C448&#038;ssl=1\" alt=\"\" width=\"800\" height=\"448\" srcset=\"https:\/\/i0.wp.com\/politicosaldesnudo.com.mx\/wp-content\/uploads\/2022\/11\/P-COP27-EBRARD-1.png?resize=1024%2C573&amp;ssl=1 1024w, https:\/\/i0.wp.com\/politicosaldesnudo.com.mx\/wp-content\/uploads\/2022\/11\/P-COP27-EBRARD-1.png?resize=300%2C168&amp;ssl=1 300w, https:\/\/i0.wp.com\/politicosaldesnudo.com.mx\/wp-content\/uploads\/2022\/11\/P-COP27-EBRARD-1.png?resize=768%2C430&amp;ssl=1 768w, https:\/\/i0.wp.com\/politicosaldesnudo.com.mx\/wp-content\/uploads\/2022\/11\/P-COP27-EBRARD-1.png?resize=1536%2C859&amp;ssl=1 1536w, https:\/\/i0.wp.com\/politicosaldesnudo.com.mx\/wp-content\/uploads\/2022\/11\/P-COP27-EBRARD-1.png?w=1816&amp;ssl=1 1816w, https:\/\/i0.wp.com\/politicosaldesnudo.com.mx\/wp-content\/uploads\/2022\/11\/P-COP27-EBRARD-1.png?w=1600&amp;ssl=1 1600w\" sizes=\"auto, (max-width: 800px) 100vw, 800px\" \/><\/p>\n<p>&nbsp;<\/p>\n<p class=\"p1\"><span style=\"font-size: 18pt;\"><strong>En la COP27 sobre Cambio Clim\u00e1tico, que se celebra en Egipto, Ebrard dijo que de acuerdo con informaci\u00f3n de la Canciller\u00eda, esto significa para M\u00e9xico \u201cduplicar los esfuerzos e inversiones en energ\u00eda limpia en nuestro pa\u00eds en los pr\u00f3ximos ocho a\u00f1os.<\/strong><\/span><\/p>\n<p>&nbsp;<\/p>\n<p><img data-recalc-dims=\"1\" loading=\"lazy\" decoding=\"async\" class=\"aligncenter wp-image-12472 size-large\" src=\"https:\/\/i0.wp.com\/politicosaldesnudo.com.mx\/wp-content\/uploads\/2022\/11\/P-COP27-EBRARD-3-1024x573.png?resize=800%2C448&#038;ssl=1\" alt=\"\" width=\"800\" height=\"448\" srcset=\"https:\/\/i0.wp.com\/politicosaldesnudo.com.mx\/wp-content\/uploads\/2022\/11\/P-COP27-EBRARD-3.png?resize=1024%2C573&amp;ssl=1 1024w, https:\/\/i0.wp.com\/politicosaldesnudo.com.mx\/wp-content\/uploads\/2022\/11\/P-COP27-EBRARD-3.png?resize=300%2C168&amp;ssl=1 300w, https:\/\/i0.wp.com\/politicosaldesnudo.com.mx\/wp-content\/uploads\/2022\/11\/P-COP27-EBRARD-3.png?resize=768%2C430&amp;ssl=1 768w, https:\/\/i0.wp.com\/politicosaldesnudo.com.mx\/wp-content\/uploads\/2022\/11\/P-COP27-EBRARD-3.png?resize=1536%2C859&amp;ssl=1 1536w, https:\/\/i0.wp.com\/politicosaldesnudo.com.mx\/wp-content\/uploads\/2022\/11\/P-COP27-EBRARD-3.png?w=1816&amp;ssl=1 1816w, https:\/\/i0.wp.com\/politicosaldesnudo.com.mx\/wp-content\/uploads\/2022\/11\/P-COP27-EBRARD-3.png?w=1600&amp;ssl=1 1600w\" sizes=\"auto, (max-width: 800px) 100vw, 800px\" \/><\/p>\n<p>&nbsp;<\/p>\n<p class=\"p1\"><span style=\"font-size: 18pt;\"><strong>Duplicar, en comparaci\u00f3n con los planes originales para esta d\u00e9cada. Entonces vamos a redoblar los esfuerzos en cuanto a fuentes de energ\u00eda hidroel\u00e9ctrica, solar, geot\u00e9rmica, e\u00f3lica. <span style=\"color: #139eca;\">Significa una expansi\u00f3n de 2 millones m\u00e1s de hect\u00e1reas de \u00e1reas naturales protegidas en nuestro pa\u00eds, proceso de reforestaci\u00f3n de un mill\u00f3n y medio de hect\u00e1reas con m\u00e1s de 1.1 mill\u00f3n de \u00e1rboles sembrados<\/span>, as\u00ed como acelerar la electromovilidad y la eficiencia energ\u00e9tica en nuestro pa\u00eds\u201d.<\/strong><\/span><\/p>\n<p>&nbsp;<\/p>\n<p><img data-recalc-dims=\"1\" loading=\"lazy\" decoding=\"async\" class=\"aligncenter wp-image-12474 size-large\" src=\"https:\/\/i0.wp.com\/politicosaldesnudo.com.mx\/wp-content\/uploads\/2022\/11\/P-COP27-EBRARD-6-1024x573.png?resize=800%2C448&#038;ssl=1\" alt=\"\" width=\"800\" height=\"448\" srcset=\"https:\/\/i0.wp.com\/politicosaldesnudo.com.mx\/wp-content\/uploads\/2022\/11\/P-COP27-EBRARD-6.png?resize=1024%2C573&amp;ssl=1 1024w, https:\/\/i0.wp.com\/politicosaldesnudo.com.mx\/wp-content\/uploads\/2022\/11\/P-COP27-EBRARD-6.png?resize=300%2C168&amp;ssl=1 300w, https:\/\/i0.wp.com\/politicosaldesnudo.com.mx\/wp-content\/uploads\/2022\/11\/P-COP27-EBRARD-6.png?resize=768%2C430&amp;ssl=1 768w, https:\/\/i0.wp.com\/politicosaldesnudo.com.mx\/wp-content\/uploads\/2022\/11\/P-COP27-EBRARD-6.png?resize=1536%2C859&amp;ssl=1 1536w, https:\/\/i0.wp.com\/politicosaldesnudo.com.mx\/wp-content\/uploads\/2022\/11\/P-COP27-EBRARD-6.png?w=1816&amp;ssl=1 1816w, https:\/\/i0.wp.com\/politicosaldesnudo.com.mx\/wp-content\/uploads\/2022\/11\/P-COP27-EBRARD-6.png?w=1600&amp;ssl=1 1600w\" sizes=\"auto, (max-width: 800px) 100vw, 800px\" \/><\/p>\n<p>&nbsp;<\/p>\n<p class=\"p1\"><span style=\"font-size: 18pt; color: #139eca;\"><strong>Con el apoyo de Estados Unidos se estima que de 2022 a 2030 se requerir\u00e1 una inversi\u00f3n adicional de alrededor de 48 mil millones de d\u00f3lares, agreg\u00f3.<\/strong><\/span><\/p>\n<p>&nbsp;<\/p>\n<blockquote>\n<p class=\"p1\"><span style=\"font-size: 14pt;\">Se movilizar\u00e1n desde el sector p\u00fablico y privado para duplicar la capacidad de generaci\u00f3n de energ\u00eda limpia en M\u00e9xico y reducir 52 millones de toneladas de carbono. Esta es, sin duda, una de las contribuciones m\u00e1s destacadas de los pa\u00edses del G20 durante esta d\u00e9cada a la acci\u00f3n clim\u00e1tica. Esta decisi\u00f3n ser\u00e1 uno de los temas principales de la Cumbre de L\u00edderes de Am\u00e9rica del Norte del pr\u00f3ximo mes. Permitir\u00e1, junto con los esfuerzos de Estados Unidos y Canad\u00e1, que la regi\u00f3n de Am\u00e9rica del Norte tenga una de las transiciones energ\u00e9ticas m\u00e1s eficientes del mundo\u201d<\/span><\/p>\n<\/blockquote>\n<p>&nbsp;<\/p>\n<p class=\"p1\"><span style=\"font-size: 18pt;\"><strong>Se estima que la decisi\u00f3n del presidente L\u00f3pez Obrador significar\u00e1 miles de nuevos empleos, acelerar\u00e1 la expansi\u00f3n de la econom\u00eda verde de M\u00e9xico y, sobre todo, garantizar\u00e1 las necesidades de energ\u00eda limpia para las exportaciones de nuestro pa\u00eds, la \u00fanica forma de satisfacer esas necesidades en el pr\u00f3ximo a\u00f1o, afirm\u00f3 el canciller.<\/strong><\/span><\/p>\n<p>&nbsp;<\/p>\n<p>&nbsp;<\/p>\n<p>&nbsp;<\/p>\n<p>&nbsp;<\/p>\n<p>&nbsp;<\/p>\n<p>&nbsp;<\/p>\n","protected":false},"excerpt":{"rendered":"<p>EL CAIRO, EGIPTO. M\u00e9xico incrementar\u00e1 de 22 a 35 por ciento su recorte de emisiones de gases de efecto invernadero<\/p>\n","protected":false},"author":4,"featured_media":12473,"comment_status":"closed","ping_status":"closed","sticky":false,"template":"","format":"standard","meta":{"colormag_page_container_layout":"default_layout","colormag_page_sidebar_layout":"default_layout","_jetpack_memberships_contains_paid_content":false,"footnotes":"","jetpack_publicize_message":"","jetpack_publicize_feature_enabled":true,"jetpack_social_post_already_shared":false,"jetpack_social_options":{"image_generator_settings":{"template":"highway","default_image_id":0,"font":"","enabled":false},"version":2}},"categories":[28],"tags":[1164,1774,269,1775,974,46,42],"class_list":["post-12470","post","type-post","status-publish","format-standard","has-post-thumbnail","hentry","category-internacional","tag-cambio-climatico","tag-cop27","tag-estados-unidos","tag-gases-de-invernadero","tag-john-kerry","tag-marcelo-ebrard","tag-mexico"],"jetpack_publicize_connections":[],"jetpack_featured_media_url":"https:\/\/i0.wp.com\/politicosaldesnudo.com.mx\/wp-content\/uploads\/2022\/11\/P-COP27-EBRARD-4.png?fit=1816%2C1016&ssl=1","jetpack-related-posts":[],"jetpack_sharing_enabled":true,"_links":{"self":[{"href":"https:\/\/politicosaldesnudo.com.mx\/index.php\/wp-json\/wp\/v2\/posts\/12470","targetHints":{"allow":["GET"]}}],"collection":[{"href":"https:\/\/politicosaldesnudo.com.mx\/index.php\/wp-json\/wp\/v2\/posts"}],"about":[{"href":"https:\/\/politicosaldesnudo.com.mx\/index.php\/wp-json\/wp\/v2\/types\/post"}],"author":[{"embeddable":true,"href":"https:\/\/politicosaldesnudo.com.mx\/index.php\/wp-json\/wp\/v2\/users\/4"}],"replies":[{"embeddable":true,"href":"https:\/\/politicosaldesnudo.com.mx\/index.php\/wp-json\/wp\/v2\/comments?post=12470"}],"version-history":[{"count":0,"href":"https:\/\/politicosaldesnudo.com.mx\/index.php\/wp-json\/wp\/v2\/posts\/12470\/revisions"}],"wp:featuredmedia":[{"embeddable":true,"href":"https:\/\/politicosaldesnudo.com.mx\/index.php\/wp-json\/wp\/v2\/media\/12473"}],"wp:attachment":[{"href":"https:\/\/politicosaldesnudo.com.mx\/index.php\/wp-json\/wp\/v2\/media?parent=12470"}],"wp:term":[{"taxonomy":"category","embeddable":true,"href":"https:\/\/politicosaldesnudo.com.mx\/index.php\/wp-json\/wp\/v2\/categories?post=12470"},{"taxonomy":"post_tag","embeddable":true,"href":"https:\/\/politicosaldesnudo.com.mx\/index.php\/wp-json\/wp\/v2\/tags?post=12470"}],"curies":[{"name":"wp","href":"https:\/\/api.w.org\/{rel}","templated":true}]}}