{"id":1251,"date":"2021-12-31T10:40:44","date_gmt":"2021-12-31T16:40:44","guid":{"rendered":"https:\/\/politicosaldesnudo.com.mx\/?p=1251"},"modified":"2023-03-24T20:16:57","modified_gmt":"2023-03-25T02:16:57","slug":"veracruz-sin-representacion","status":"publish","type":"post","link":"https:\/\/politicosaldesnudo.com.mx\/index.php\/2021\/12\/31\/veracruz-sin-representacion\/","title":{"rendered":"Veracruz sin representaci\u00f3n"},"content":{"rendered":"<p>&nbsp;<\/p>\n<h5>Por Camilo V\u00e1zquez<\/h5>\n<p><strong>CIUDAD DE M\u00c9XICO. La representaci\u00f3n de los gobiernos de los estados en la Ciudad de M\u00e9xico debe tener una actividad intensa, de un puente entre las relaciones que radican en la capital del pa\u00eds y el estado correspondiente que tengan que ver con la inversi\u00f3n privada y p\u00fablica, la difusi\u00f3n de la cultura del lugar, la promoci\u00f3n del arte, las artesan\u00edas y la cultura<\/strong>. La informaci\u00f3n de los puntos de inter\u00e9s de su estado, y la representaci\u00f3n del ejecutivo estatal en los eventos que suceden.<\/p>\n<blockquote><p>La Representaci\u00f3n del Gobierno del Estado de Veracruz en la Ciudad de M\u00e9xico, pareciera un sitio de extrema discreci\u00f3n, tanto que no se nota a pesar de ubicarse en una casona de gran belleza, en el coraz\u00f3n de la capital.<\/p><\/blockquote>\n<p><strong>Los veracruzanos que vivimos en la Ciudad de M\u00e9xico carecemos de un lugar a d\u00f3nde asistir para que nos informe sobre la realidad de nuestra tierra, que nos recuerde las ra\u00edces, que fortalezca nuestra identidad.<\/strong><\/p>\n<p>En esa casona de casi un siglo, nadie est\u00e1, <strong>nadie la vista con cinco o seis empleados parecen disimular no hacer nada,<\/strong> <strong>pero s\u00ed cobra el salario<\/strong>. Ni siquiera hay un folleto tur\u00edstico, ni una gu\u00eda de puntos de inter\u00e9s.<\/p>\n<p><strong>Este tal vez el punto m\u00e1s vulnerable de la administraci\u00f3n del gobernador Cuitl\u00e1huac Garc\u00eda Jim\u00e9nez, que se queda sin representaci\u00f3n, porque al ver el descuido en el que se encuentra en esas oficinas<\/strong>, ni siquiera la visita en sus viajes a la capital del pa\u00eds. <strong>Ni modo que pregunte qu\u00e9 hay de nuevo porque ni nuevo ni viejo pasa. Simplemente no pasa nada.<\/strong><\/p>\n<p>&nbsp;<\/p>\n<p><img data-recalc-dims=\"1\" loading=\"lazy\" decoding=\"async\" class=\"aligncenter wp-image-1253\" src=\"https:\/\/i0.wp.com\/politicosaldesnudo.com.mx\/wp-content\/uploads\/2021\/12\/REPRESENTACIO%CC%81N2-300x168.png?resize=600%2C336&#038;ssl=1\" alt=\"\" width=\"600\" height=\"336\" srcset=\"https:\/\/i0.wp.com\/politicosaldesnudo.com.mx\/wp-content\/uploads\/2021\/12\/REPRESENTACIO%CC%81N2.png?resize=300%2C168&amp;ssl=1 300w, https:\/\/i0.wp.com\/politicosaldesnudo.com.mx\/wp-content\/uploads\/2021\/12\/REPRESENTACIO%CC%81N2.png?resize=1024%2C573&amp;ssl=1 1024w, https:\/\/i0.wp.com\/politicosaldesnudo.com.mx\/wp-content\/uploads\/2021\/12\/REPRESENTACIO%CC%81N2.png?resize=768%2C430&amp;ssl=1 768w, https:\/\/i0.wp.com\/politicosaldesnudo.com.mx\/wp-content\/uploads\/2021\/12\/REPRESENTACIO%CC%81N2.png?resize=1536%2C859&amp;ssl=1 1536w, https:\/\/i0.wp.com\/politicosaldesnudo.com.mx\/wp-content\/uploads\/2021\/12\/REPRESENTACIO%CC%81N2.png?w=1816&amp;ssl=1 1816w, https:\/\/i0.wp.com\/politicosaldesnudo.com.mx\/wp-content\/uploads\/2021\/12\/REPRESENTACIO%CC%81N2.png?w=1600&amp;ssl=1 1600w\" sizes=\"auto, (max-width: 600px) 100vw, 600px\" \/><\/p>\n<p>&nbsp;<\/p>\n<p>Es un desperdicio de casa, de salarios, de tiempo, de posibilidades de darle fuerza a Veracruz en m\u00e1s de un sentido, <strong>pero la negligencia de las personas que ah\u00ed \u201ctrabajan\u201d, encabezados por Reyna Enith Dom\u00ednguez<\/strong>, pareciera ser el punto d\u00e9bil de la administraci\u00f3n actual de la entidad, <strong>porque sus empleados est\u00e1n m\u00e1s cerca de una aviadur\u00eda que de una responsabilidad precisa.<\/strong><\/p>\n<p>&nbsp;<\/p>\n<p><strong>\u00abNO HAY SISTEMA\u00bb<\/strong><\/p>\n<p><strong>No son momentos en que ning\u00fan gobierno, ning\u00fan partido, ninguna instancia del pa\u00eds pueda darse el lujo de tener un espacio sin actividades, con gente sin preparaci\u00f3n, sin objetivos claros y con una indiferencia hacia la responsabilidad social propia de ermita\u00f1os<\/strong>. Sin embargo, esto puede comprobarse cualquier d\u00eda en el n\u00famero 77 de la Calle de Marsella en la colonia Ju\u00e1rez de la alcald\u00eda Cuauht\u00e9moc.<\/p>\n<p><strong>Sus actividades se reducen expedir actas de nacimiento, pero cuando no tienen ganas de trabajar colocan un letrero en la puerta de \u201cNo hay sistema\u201d<\/strong>. Las pocas actividades que se realizan se llevan a cabo con torpeza y sin ning\u00fan inter\u00e9s de hacer un acto de relevancia, a la altura de la entidad que representa.<\/p>\n<p><strong>La representante, inexplicablemente designada para esta trascendente responsabilidad, Reyna Enith Dom\u00ednguez Wong, no hace nada<\/strong>. Absolutamente nada. Y cuando tiene que responder a las<strong> protestas sociales que le tocan la puerta, se esconde o simplemente desaparece<\/strong>. Su mano derecha, <strong>Karen Peralta Salda\u00f1a, o m\u00e1s bien su manipuladora es una maestra normalista que se autodenomina licenciada y firma como tal, usurpando funciones y manejando a su antojo la presentaci\u00f3n<\/strong> sin cultura ni conocimientos, y con cuentas contables poco claras que bien exigen una auditor\u00eda.<\/p>\n<p>&nbsp;<\/p>\n<p><img data-recalc-dims=\"1\" loading=\"lazy\" decoding=\"async\" class=\"aligncenter wp-image-1255\" src=\"https:\/\/i0.wp.com\/politicosaldesnudo.com.mx\/wp-content\/uploads\/2021\/12\/REPRESENTACIO%CC%81N4-300x168.png?resize=600%2C336&#038;ssl=1\" alt=\"\" width=\"600\" height=\"336\" srcset=\"https:\/\/i0.wp.com\/politicosaldesnudo.com.mx\/wp-content\/uploads\/2021\/12\/REPRESENTACIO%CC%81N4.png?resize=300%2C168&amp;ssl=1 300w, https:\/\/i0.wp.com\/politicosaldesnudo.com.mx\/wp-content\/uploads\/2021\/12\/REPRESENTACIO%CC%81N4.png?resize=1024%2C573&amp;ssl=1 1024w, https:\/\/i0.wp.com\/politicosaldesnudo.com.mx\/wp-content\/uploads\/2021\/12\/REPRESENTACIO%CC%81N4.png?resize=768%2C430&amp;ssl=1 768w, https:\/\/i0.wp.com\/politicosaldesnudo.com.mx\/wp-content\/uploads\/2021\/12\/REPRESENTACIO%CC%81N4.png?resize=1536%2C859&amp;ssl=1 1536w, https:\/\/i0.wp.com\/politicosaldesnudo.com.mx\/wp-content\/uploads\/2021\/12\/REPRESENTACIO%CC%81N4.png?w=1816&amp;ssl=1 1816w, https:\/\/i0.wp.com\/politicosaldesnudo.com.mx\/wp-content\/uploads\/2021\/12\/REPRESENTACIO%CC%81N4.png?w=1600&amp;ssl=1 1600w\" sizes=\"auto, (max-width: 600px) 100vw, 600px\" \/><\/p>\n<p>&nbsp;<\/p>\n<blockquote><p>Ya son tres veces en que hay manifestaciones a las puertas de la representaci\u00f3n del Estado de Veracruz y ella no se encuentra. La \u00faltima fue la que encabez\u00f3 la diputada de Movimiento Ciudadano, Julieta Garc\u00eda R\u00e1bano, quien con un grupo de personas protestaba contra el encarcelamiento del secretario t\u00e9cnico del Senado y amigo de Ricardo Monreal, pero la representante Dra. Reyna Enith estaba de vacaciones en Pueblo Viejo, haciendo labores propias del hogar, lugar donde pasa sus fines de semana y descuida su trabajo, cuando en realidad debe ser una tarea de siete d\u00edas, o por lo menos tener un representante en las oficinas, pero no se representa ni a ella sola.<\/p><\/blockquote>\n<p><strong>Los contrincantes del gobernador, saben que no hay nadie los fines de semana protestan, lanzan consignas, pintan las paredes, arrojan basura.<\/strong><\/p>\n<p>&nbsp;<\/p>\n<p><img data-recalc-dims=\"1\" loading=\"lazy\" decoding=\"async\" class=\"aligncenter wp-image-1254\" src=\"https:\/\/i0.wp.com\/politicosaldesnudo.com.mx\/wp-content\/uploads\/2021\/12\/REPRESENTACIO%CC%81N3-300x168.png?resize=600%2C336&#038;ssl=1\" alt=\"\" width=\"600\" height=\"336\" srcset=\"https:\/\/i0.wp.com\/politicosaldesnudo.com.mx\/wp-content\/uploads\/2021\/12\/REPRESENTACIO%CC%81N3.png?resize=300%2C168&amp;ssl=1 300w, https:\/\/i0.wp.com\/politicosaldesnudo.com.mx\/wp-content\/uploads\/2021\/12\/REPRESENTACIO%CC%81N3.png?resize=1024%2C573&amp;ssl=1 1024w, https:\/\/i0.wp.com\/politicosaldesnudo.com.mx\/wp-content\/uploads\/2021\/12\/REPRESENTACIO%CC%81N3.png?resize=768%2C430&amp;ssl=1 768w, https:\/\/i0.wp.com\/politicosaldesnudo.com.mx\/wp-content\/uploads\/2021\/12\/REPRESENTACIO%CC%81N3.png?resize=1536%2C859&amp;ssl=1 1536w, https:\/\/i0.wp.com\/politicosaldesnudo.com.mx\/wp-content\/uploads\/2021\/12\/REPRESENTACIO%CC%81N3.png?w=1816&amp;ssl=1 1816w, https:\/\/i0.wp.com\/politicosaldesnudo.com.mx\/wp-content\/uploads\/2021\/12\/REPRESENTACIO%CC%81N3.png?w=1600&amp;ssl=1 1600w\" sizes=\"auto, (max-width: 600px) 100vw, 600px\" \/><\/p>\n<p>&nbsp;<\/p>\n<p><strong>Desde afuera parece una casa abandonada,<\/strong> no existe la m\u00ednima preocupaci\u00f3n por darle vida a este espacio que bien podr\u00eda ser de gran utilidad a la comunidad, a los veracruzanos y al propio gobernador, quien seguramente no tendr\u00eda tantos problemas de tener a una persona responsable al frente de la representaci\u00f3n de su gobierno en la capital.<\/p>\n<p><strong>A pesar de que han pasado tres a\u00f1os de su nombramiento nunca ha sabido de qu\u00e9 se tratan sus atribuciones, debido en buena parte a su desconocimiento de la pol\u00edtica y a que ella todav\u00eda no se ha dado de baja en el PRD, por cuyo partido gan\u00f3 la presidencia municipal de Pueblo Viejo de 2005 a 2018. Ella no es militante de Morena.<\/strong><\/p>\n<p><strong>La ausencia de actividades en la representaci\u00f3n del gobierno veracruzano ha hecho que otras oficinas y hasta restaurantes rescaten las actividades que por derecho corresponden a esa casa, lugares que difunden la cultura de la entidad y hasta restaurantes tienen m\u00e1s actividad para promover el estado que la propia representaci\u00f3n.<\/strong> Tal es el caso de La embajada Jarocha, en la colonia Roma, donde se come bebe y baila como en la tierra veracruzana. Y se organizan excusiones a los diferentes lugares de la entidad.<\/p>\n<blockquote><p>Tambi\u00e9n tenemos un espacio muy confortable en el Centro Cultural y Social veracruzano, en Coyoac\u00e1n, entre otros muchos.<\/p><\/blockquote>\n<p>Sin embargo, el sitio oficial de la representaci\u00f3n del gobierno del estado de Veracruz, simplemente no existe.<\/p>\n<p>&nbsp;<\/p>\n<figure id=\"attachment_1257\" aria-describedby=\"caption-attachment-1257\" style=\"width: 600px\" class=\"wp-caption aligncenter\"><img data-recalc-dims=\"1\" loading=\"lazy\" decoding=\"async\" class=\"wp-image-1257\" src=\"https:\/\/i0.wp.com\/politicosaldesnudo.com.mx\/wp-content\/uploads\/2021\/12\/REPRESENTACIO%CC%81N6-300x168.png?resize=600%2C336&#038;ssl=1\" alt=\"\" width=\"600\" height=\"336\" srcset=\"https:\/\/i0.wp.com\/politicosaldesnudo.com.mx\/wp-content\/uploads\/2021\/12\/REPRESENTACIO%CC%81N6.png?resize=300%2C168&amp;ssl=1 300w, https:\/\/i0.wp.com\/politicosaldesnudo.com.mx\/wp-content\/uploads\/2021\/12\/REPRESENTACIO%CC%81N6.png?resize=1024%2C573&amp;ssl=1 1024w, https:\/\/i0.wp.com\/politicosaldesnudo.com.mx\/wp-content\/uploads\/2021\/12\/REPRESENTACIO%CC%81N6.png?resize=768%2C430&amp;ssl=1 768w, https:\/\/i0.wp.com\/politicosaldesnudo.com.mx\/wp-content\/uploads\/2021\/12\/REPRESENTACIO%CC%81N6.png?resize=1536%2C859&amp;ssl=1 1536w, https:\/\/i0.wp.com\/politicosaldesnudo.com.mx\/wp-content\/uploads\/2021\/12\/REPRESENTACIO%CC%81N6.png?w=1816&amp;ssl=1 1816w, https:\/\/i0.wp.com\/politicosaldesnudo.com.mx\/wp-content\/uploads\/2021\/12\/REPRESENTACIO%CC%81N6.png?w=1600&amp;ssl=1 1600w\" sizes=\"auto, (max-width: 600px) 100vw, 600px\" \/><figcaption id=\"caption-attachment-1257\" class=\"wp-caption-text\">La representante Reyna Enith Dom\u00ednguez excelente para posar frente a las c\u00e1maras, pero nada lista para responder por el gobernador Cuitl\u00e1huac Garc\u00eda.<\/figcaption><\/figure>\n<p>&nbsp;<\/p>\n<p><strong>Pero a la hora de alquilar la casa para telenovelas, pel\u00edculas o sesiones de fotograf\u00eda es la primera en cobrar los cheques por el servicio, desde luego firmado a su nombre.<\/strong><\/p>\n<blockquote><p>Ni el gobierno ni la sociedad mexicana puede soportar este tipo de pasividad que resulta fraudulenta en una representaci\u00f3n que deber\u00eda tener una din\u00e1mica econ\u00f3mica, pol\u00edtica, social y cultural. Veracruz es una entidad con cientos de atractivos para todas las, actividades; sin embargo, se reduce a nada cuando de trabajar se trata.<\/p><\/blockquote>\n<p>&nbsp;<\/p>\n<p><img data-recalc-dims=\"1\" loading=\"lazy\" decoding=\"async\" class=\"aligncenter wp-image-1259\" src=\"https:\/\/i0.wp.com\/politicosaldesnudo.com.mx\/wp-content\/uploads\/2021\/12\/1640791159_678875_1640791299_noticia_normal-300x174.jpeg?resize=600%2C348&#038;ssl=1\" alt=\"\" width=\"600\" height=\"348\" srcset=\"https:\/\/i0.wp.com\/politicosaldesnudo.com.mx\/wp-content\/uploads\/2021\/12\/1640791159_678875_1640791299_noticia_normal.jpeg?resize=300%2C174&amp;ssl=1 300w, https:\/\/i0.wp.com\/politicosaldesnudo.com.mx\/wp-content\/uploads\/2021\/12\/1640791159_678875_1640791299_noticia_normal.jpeg?resize=1024%2C594&amp;ssl=1 1024w, https:\/\/i0.wp.com\/politicosaldesnudo.com.mx\/wp-content\/uploads\/2021\/12\/1640791159_678875_1640791299_noticia_normal.jpeg?resize=768%2C445&amp;ssl=1 768w, https:\/\/i0.wp.com\/politicosaldesnudo.com.mx\/wp-content\/uploads\/2021\/12\/1640791159_678875_1640791299_noticia_normal.jpeg?w=1080&amp;ssl=1 1080w\" sizes=\"auto, (max-width: 600px) 100vw, 600px\" \/><\/p>\n<p>&nbsp;<\/p>\n<p>&nbsp;<\/p>\n<p>&nbsp;<\/p>\n<p>&nbsp;<\/p>\n<p>&nbsp;<\/p>\n<p>&nbsp;<\/p>\n<p>&nbsp;<\/p>\n","protected":false},"excerpt":{"rendered":"<p>&nbsp; Por Camilo V\u00e1zquez CIUDAD DE M\u00c9XICO. La representaci\u00f3n de los gobiernos de los estados en la Ciudad de M\u00e9xico<\/p>\n","protected":false},"author":1,"featured_media":1252,"comment_status":"closed","ping_status":"closed","sticky":false,"template":"","format":"standard","meta":{"colormag_page_container_layout":"default_layout","colormag_page_sidebar_layout":"default_layout","_jetpack_memberships_contains_paid_content":false,"footnotes":"","jetpack_publicize_message":"","jetpack_publicize_feature_enabled":true,"jetpack_social_post_already_shared":false,"jetpack_social_options":{"image_generator_settings":{"template":"highway","default_image_id":0,"font":"","enabled":false},"version":2}},"categories":[30],"tags":[124,255,256,100],"class_list":["post-1251","post","type-post","status-publish","format-standard","has-post-thumbnail","hentry","category-estados","tag-cuitlahuac-garcia-jimenez","tag-representacion-del-estado-de-veracruz","tag-reyna-enith-dominguez","tag-veracruz"],"jetpack_publicize_connections":[],"jetpack_featured_media_url":"https:\/\/i0.wp.com\/politicosaldesnudo.com.mx\/wp-content\/uploads\/2021\/12\/REPRESENTACIO%CC%81N1.png?fit=1816%2C1016&ssl=1","jetpack-related-posts":[],"jetpack_sharing_enabled":true,"_links":{"self":[{"href":"https:\/\/politicosaldesnudo.com.mx\/index.php\/wp-json\/wp\/v2\/posts\/1251","targetHints":{"allow":["GET"]}}],"collection":[{"href":"https:\/\/politicosaldesnudo.com.mx\/index.php\/wp-json\/wp\/v2\/posts"}],"about":[{"href":"https:\/\/politicosaldesnudo.com.mx\/index.php\/wp-json\/wp\/v2\/types\/post"}],"author":[{"embeddable":true,"href":"https:\/\/politicosaldesnudo.com.mx\/index.php\/wp-json\/wp\/v2\/users\/1"}],"replies":[{"embeddable":true,"href":"https:\/\/politicosaldesnudo.com.mx\/index.php\/wp-json\/wp\/v2\/comments?post=1251"}],"version-history":[{"count":0,"href":"https:\/\/politicosaldesnudo.com.mx\/index.php\/wp-json\/wp\/v2\/posts\/1251\/revisions"}],"wp:featuredmedia":[{"embeddable":true,"href":"https:\/\/politicosaldesnudo.com.mx\/index.php\/wp-json\/wp\/v2\/media\/1252"}],"wp:attachment":[{"href":"https:\/\/politicosaldesnudo.com.mx\/index.php\/wp-json\/wp\/v2\/media?parent=1251"}],"wp:term":[{"taxonomy":"category","embeddable":true,"href":"https:\/\/politicosaldesnudo.com.mx\/index.php\/wp-json\/wp\/v2\/categories?post=1251"},{"taxonomy":"post_tag","embeddable":true,"href":"https:\/\/politicosaldesnudo.com.mx\/index.php\/wp-json\/wp\/v2\/tags?post=1251"}],"curies":[{"name":"wp","href":"https:\/\/api.w.org\/{rel}","templated":true}]}}