{"id":12542,"date":"2022-11-14T00:40:03","date_gmt":"2022-11-14T06:40:03","guid":{"rendered":"https:\/\/politicosaldesnudo.com.mx\/?p=12542"},"modified":"2022-11-14T01:04:13","modified_gmt":"2022-11-14T07:04:13","slug":"la-marcha-medias-verdades-mentiras-completas","status":"publish","type":"post","link":"https:\/\/politicosaldesnudo.com.mx\/index.php\/2022\/11\/14\/la-marcha-medias-verdades-mentiras-completas\/","title":{"rendered":"La marcha: medias verdades, mentiras completas\u00a0"},"content":{"rendered":"<p>&nbsp;<\/p>\n<p class=\"p1\"><span style=\"font-size: 18pt;\"><b>Por Francisco Blanco Calder\u00f3n<\/b><\/span><\/p>\n<p class=\"p1\"><span style=\"font-size: 18pt;\">Tercera Parte<\/span><\/p>\n<p>&nbsp;<\/p>\n<p class=\"p1\"><span style=\"font-size: 14pt;\">La discusi\u00f3n que ha contaminado el proceso de Reforma Electoral, propuesto por el gobierno federal ha distorsionado el objetivo central de la reforma: reducir el n\u00famero de legisladores en ambas c\u00e1maras, anular los diputados plurinominales, ubicar en la racionalidad los recursos econ\u00f3micos a los partidos pol\u00edticos, centralizar las decisiones y ejecuci\u00f3n de los procesos electorales en una instituci\u00f3n nacional, no fragmentada en gubernaturas y alcald\u00edas, racionalizar el gasto operativo de la alta burocracia del instituto con ingresos excesivamente altos que rebasan los trescientos mil pesos mensuales y prestaciones irracionales, y sobre todo la designaci\u00f3n por ciudadanos, no partidos, de funcionarios, personal directivo, asesores y operadores de alto nivel.<\/span><\/p>\n<p>&nbsp;<\/p>\n<p class=\"p1\"><span style=\"font-size: 18pt; color: #139eca;\"><b>MEDIAS VERDADES CON FAKE NEWS<\/b><\/span><\/p>\n<p class=\"p1\"><span style=\"font-size: 14pt;\">Por un lado una oposici\u00f3n que defiende los privilegios a directivos y a partidos en el manejo de los procesos electorales ha insistido, medi\u00e1ticamente en<span class=\"Apple-converted-space\">\u00a0 <\/span>la no desaparici\u00f3n. Cosa que jam\u00e1s se ha planteado. Se ha recurrido a difundir noticias falsas, manejo oscuro<span class=\"Apple-converted-space\">\u00a0 <\/span>de la informaci\u00f3n, manipuleo de conciencias en una ciudadan\u00eda desinformada.<\/span><\/p>\n<p class=\"p1\"><span style=\"font-size: 14pt;\">Los fraudes electorales nacionales de 1988, 2006 y 2012, y estatales en Tabasco y Chiapas en tiempos de Zedillo,<span class=\"Apple-converted-space\">\u00a0 <\/span>dejan asentada la intervenci\u00f3n partidista de legisladores, altos funcionarios gubernamentales, medios de comunicaci\u00f3n y hasta la alta jerarqu\u00eda cat\u00f3lica.<\/span><\/p>\n<p class=\"p1\"><span style=\"font-size: 14pt;\">Los ingresos descomunales de directivos y funcionarios<span class=\"Apple-converted-space\">\u00a0 <\/span>representan no m\u00e1s del cinco por ciento del total del personal adscrito. Ya que el 95% restante no percibe sueldos mayores a los cinco salarios m\u00ednimos, carecen de prestaciones en salud, vivienda y educaci\u00f3n. Son los trabajadores que hacen la \u201ctalacha\u201d operativa en todos los procesos electorales.<span class=\"Apple-converted-space\">\u00a0<\/span><\/span><\/p>\n<p class=\"p1\"><span style=\"font-size: 14pt;\">El manejo informativo se ha centrado en que se realizar\u00e1 en la CdMx<span class=\"Apple-converted-space\">\u00a0 <\/span>y varias entidades federativas. El manejo de las redes sociales principalmente Twitter, Instagram, Facebook se ha desbordado en forma alarmante. Excesos se detectan en columnas pol\u00edticas y art\u00edculos de analistas maiceados por los grandes intereses pol\u00edtico, empresarial y religioso que est\u00e1n en juego.<\/span><\/p>\n<p><img data-recalc-dims=\"1\" loading=\"lazy\" decoding=\"async\" class=\"aligncenter wp-image-12553 size-large\" src=\"https:\/\/i0.wp.com\/politicosaldesnudo.com.mx\/wp-content\/uploads\/2022\/11\/P-JOSE-WOLDENBERG-1-1024x573.png?resize=800%2C448&#038;ssl=1\" alt=\"\" width=\"800\" height=\"448\" srcset=\"https:\/\/i0.wp.com\/politicosaldesnudo.com.mx\/wp-content\/uploads\/2022\/11\/P-JOSE-WOLDENBERG-1.png?resize=1024%2C573&amp;ssl=1 1024w, https:\/\/i0.wp.com\/politicosaldesnudo.com.mx\/wp-content\/uploads\/2022\/11\/P-JOSE-WOLDENBERG-1.png?resize=300%2C168&amp;ssl=1 300w, https:\/\/i0.wp.com\/politicosaldesnudo.com.mx\/wp-content\/uploads\/2022\/11\/P-JOSE-WOLDENBERG-1.png?resize=768%2C430&amp;ssl=1 768w, https:\/\/i0.wp.com\/politicosaldesnudo.com.mx\/wp-content\/uploads\/2022\/11\/P-JOSE-WOLDENBERG-1.png?resize=1536%2C859&amp;ssl=1 1536w, https:\/\/i0.wp.com\/politicosaldesnudo.com.mx\/wp-content\/uploads\/2022\/11\/P-JOSE-WOLDENBERG-1.png?w=1816&amp;ssl=1 1816w, https:\/\/i0.wp.com\/politicosaldesnudo.com.mx\/wp-content\/uploads\/2022\/11\/P-JOSE-WOLDENBERG-1.png?w=1600&amp;ssl=1 1600w\" sizes=\"auto, (max-width: 800px) 100vw, 800px\" \/><\/p>\n<p>&nbsp;<\/p>\n<p class=\"p1\"><span style=\"font-size: 14pt;\">Trabajadores de Twitter en M\u00e9xico fueron despedidos, luego de que el nuevo due\u00f1o de la red social, anunci\u00f3 el recorte de la mitad de la plantilla de empleados que tiene a nivel global la firma. Entre el personal despedido est\u00e1<span class=\"Apple-converted-space\">\u00a0 <\/span>Hugo Rodr\u00edguez Nicolat, quien ocupaba el cargo de director de pol\u00edticas p\u00fablicas para M\u00e9xico y Latinoam\u00e9rica. El directivo Rodr\u00edguez Nicolat<span class=\"Apple-converted-space\">\u00a0 <\/span>se desempe\u00f1\u00f3 como coordinador de asesores del PAN en el Senado y tambi\u00e9n labor\u00f3 como coordinador de proyecci\u00f3n internacional en el mismo partido pol\u00edtico. Adem\u00e1s se le vincula con Diego Fern\u00e1ndez de Cevallos y Felipe Calder\u00f3n Hinojosa. Asimismo se dio de baja a<span class=\"Apple-converted-space\">\u00a0 <\/span>gran parte del personal en M\u00e9xico, muchos de ellos panistas.<\/span><\/p>\n<p class=\"p1\"><span style=\"font-size: 14pt;\">Por otro lado la Conferencia del Episcopado Mexicano (CEM) se uni\u00f3 a la defensa del Instituto Nacional Electoral (INE) al se\u00f1alar que la propuesta de Reforma Electoral es claramente regresiva. La CEM resalt\u00f3 que \u201cning\u00fan poder tiene derecho a impulsar reformas que comprometan las fortalezas de las instituciones, y tanto el INE, como el Tribunal Electoral del Poder Judicial de la Federaci\u00f3n (TEPJ) haciendo a un lado intereses ideol\u00f3gicos particulares e inapropiados para el bien com\u00fan\u201d. (Universal, Financiero, Reforma).<\/span><\/p>\n<p class=\"p1\"><span style=\"font-size: 14pt;\">El empresario m\u00e1s visible en el manejo y control de la marcha es Claudio equis, qui\u00e9n ha financiado diversos grupos y organismos opositores sin \u00e9xito, hasta la de<span class=\"Apple-converted-space\">\u00a0 <\/span>su \u00faltima versi\u00f3n opositora en Unid@s. Junto a el, se ubica tambi\u00e9n al ex dirigente de la Coparmex, Gustavo de Hoyos, ambos encabezan la segunda etapa de lo que se definido como golpe blando o suave, que se desarrolla en intensas campa\u00f1as en supuesta defensa de la libertad de prensa y los DH acompa\u00f1ados de acusaciones de totalitarismo contra el gobierno progresista que se busca derrocar\u201d.<\/span><\/p>\n<p class=\"p1\"><span style=\"font-size: 14pt;\">Originalmente la marcha se iba a realizar del Angel de la Independencia al Hemiciclo a Juarez, despu\u00e9s se modific\u00f3 en el Monumento a la Revoluci\u00f3n y ahora que AMLO ha acordado con la jefa de gobierno de la CdMx, Claudia Sheinbaum, de despejar el Z\u00f3calo para este domingo a fin de proponer a los organizadores la concentraci\u00f3n de los marchistas en la plaza mayor de la ciudad de M\u00e9xico<span class=\"Apple-converted-space\">\u00a0 <\/span>\u00bftendr\u00e1n miedo de no llenarla?<\/span><\/p>\n<p>&nbsp;<\/p>\n<p class=\"p1\"><span style=\"font-size: 18pt; color: #139eca;\"><b>MENTIRAS COMPLETAS, HOMBRO CON HOMBRO:<\/b><\/span><\/p>\n<p class=\"p1\"><span style=\"font-size: 14pt;\">Los intereses en juego por recuperar el pa\u00eds, que se<span class=\"Apple-converted-space\">\u00a0 <\/span>ha modificado desde el 2018 y se mantuvo durante seis sexenios, con el modelo neoliberal, con la debacle mas escandalosa de privatizaciones, saqueo de los recursos energ\u00e9ticos y naturales del pa\u00eds, aniquilamiento de los sistemas de salud y educaci\u00f3n p\u00fablica nacional y sobre todo el empobrecimiento de la sociedad mexicana hasta llegar a cerca del 90 por ciento del total. Marcha que pretende inmovilizar nuevamente al \u201celefante dormido\u201d. Concentraci\u00f3n ciudadana que pretende frenar la reforma electoral,<span class=\"Apple-converted-space\">\u00a0 <\/span>que se discutir\u00e1 en diciembre de este a\u00f1o.<\/span><\/p>\n<p class=\"p1\"><span style=\"font-size: 14pt;\">Marchar\u00e1n hombro con hombro Roberto Madrazo, autor del fraude en Tabasco en 1994 y Santiago Creel, Secretario de Gobernaci\u00f3n, quien denunci\u00f3 dicho fraude. Tambi\u00e9n lo har\u00e1 Enrique de la Madrid, hijo del finado Miguel de la Madrid, quien orquest\u00f3 el fraude de 1988, asimismo la sobrina de Salinas de Gortari hoy senadora. Al mismo tiempo recordamos siendo presidente Ernesto Zedillo se propici\u00f3 la entrega de recursos descomunales de Pemex a la campa\u00f1a frustrada de Francisco Labastida Ochoa. Como tambi\u00e9n marchar\u00e1n juntitos Vicent Fox y Felipe Calder\u00f3n,<span class=\"Apple-converted-space\">\u00a0 <\/span>que orquestaron el fraude del 2006, al lado de Porfirio Mu\u00f1oz Ledo<span class=\"Apple-converted-space\">\u00a0 <\/span>y Elba Esther Gordillo, siendo definitivamente orador Jos\u00e9 Woldenberg ex titular del IFE y desde Estrasburgo ver\u00e1 la marcha, en hotel de lujo, el vacacionista Lorenzo Cordova qui\u00e9n disfrutar\u00e1 hasta del 2025 de seguro m\u00e9dico de gastos mayores, de cerca de 300 millones de pesos pagados con gasto p\u00fablico,<span class=\"Apple-converted-space\">\u00a0 <\/span>cuando dejar\u00e1 el INE en abril del 2023. C\u00f3rdoba presidente del INE desde 2014, quien limpi\u00f3 el cochinero de la elecci\u00f3n del 2012. Tambi\u00e9n sin olvidar a Luis Carlos Ugalde expresidente del IFE en el fraude del 2006 y c\u00f3mplice del 2012. No cabe duda ir\u00e1n hombro con hombro los \u201cdem\u00f3cratas\u201d que traicionaron a la democracia. Haciendo gala del acarreo descomunal y compra de asistencia.<\/span><\/p>\n<p class=\"p1\"><span style=\"font-size: 14pt;\">El pa\u00eds ser\u00e1 testigo este domingo del manipuleo desmedido para lograr \u201cel retorno de los brujos\u201d.<\/span><\/p>\n<p>&nbsp;<\/p>\n<p>&nbsp;<\/p>\n<p><span style=\"font-size: 18pt; color: #319eca;\"><em><strong>**Las columnas firmadas en este medio son responsabilidad de quienes las firman**<\/strong><\/em><\/span><\/p>\n<p>&nbsp;<\/p>\n<p>&nbsp;<\/p>\n<p>&nbsp;<\/p>\n<p>&nbsp;<\/p>\n<p>&nbsp;<\/p>\n<p>&nbsp;<\/p>\n<p>&nbsp;<\/p>\n","protected":false},"excerpt":{"rendered":"<p>&nbsp; Por Francisco Blanco Calder\u00f3n Tercera Parte &nbsp; La discusi\u00f3n que ha contaminado el proceso de Reforma Electoral, propuesto por<\/p>\n","protected":false},"author":4,"featured_media":4384,"comment_status":"closed","ping_status":"closed","sticky":false,"template":"","format":"standard","meta":{"colormag_page_container_layout":"default_layout","colormag_page_sidebar_layout":"default_layout","_jetpack_memberships_contains_paid_content":false,"footnotes":"","jetpack_publicize_message":"","jetpack_publicize_feature_enabled":true,"jetpack_social_post_already_shared":false,"jetpack_social_options":{"image_generator_settings":{"template":"highway","default_image_id":0,"font":"","enabled":false},"version":2}},"categories":[26],"tags":[45,162,561],"class_list":["post-12542","post","type-post","status-publish","format-standard","has-post-thumbnail","hentry","category-columnistas","tag-amlo","tag-marcha","tag-reforma-electoral"],"jetpack_publicize_connections":[],"jetpack_featured_media_url":"https:\/\/i0.wp.com\/politicosaldesnudo.com.mx\/wp-content\/uploads\/2022\/04\/FRANCISCO-BLANCO-CALDERO%CC%81N.png?fit=1816%2C1016&ssl=1","jetpack-related-posts":[],"jetpack_sharing_enabled":true,"_links":{"self":[{"href":"https:\/\/politicosaldesnudo.com.mx\/index.php\/wp-json\/wp\/v2\/posts\/12542","targetHints":{"allow":["GET"]}}],"collection":[{"href":"https:\/\/politicosaldesnudo.com.mx\/index.php\/wp-json\/wp\/v2\/posts"}],"about":[{"href":"https:\/\/politicosaldesnudo.com.mx\/index.php\/wp-json\/wp\/v2\/types\/post"}],"author":[{"embeddable":true,"href":"https:\/\/politicosaldesnudo.com.mx\/index.php\/wp-json\/wp\/v2\/users\/4"}],"replies":[{"embeddable":true,"href":"https:\/\/politicosaldesnudo.com.mx\/index.php\/wp-json\/wp\/v2\/comments?post=12542"}],"version-history":[{"count":0,"href":"https:\/\/politicosaldesnudo.com.mx\/index.php\/wp-json\/wp\/v2\/posts\/12542\/revisions"}],"wp:featuredmedia":[{"embeddable":true,"href":"https:\/\/politicosaldesnudo.com.mx\/index.php\/wp-json\/wp\/v2\/media\/4384"}],"wp:attachment":[{"href":"https:\/\/politicosaldesnudo.com.mx\/index.php\/wp-json\/wp\/v2\/media?parent=12542"}],"wp:term":[{"taxonomy":"category","embeddable":true,"href":"https:\/\/politicosaldesnudo.com.mx\/index.php\/wp-json\/wp\/v2\/categories?post=12542"},{"taxonomy":"post_tag","embeddable":true,"href":"https:\/\/politicosaldesnudo.com.mx\/index.php\/wp-json\/wp\/v2\/tags?post=12542"}],"curies":[{"name":"wp","href":"https:\/\/api.w.org\/{rel}","templated":true}]}}