{"id":12544,"date":"2022-11-14T00:45:09","date_gmt":"2022-11-14T06:45:09","guid":{"rendered":"https:\/\/politicosaldesnudo.com.mx\/?p=12544"},"modified":"2022-11-14T00:25:20","modified_gmt":"2022-11-14T06:25:20","slug":"barzon-lucha-zapatista","status":"publish","type":"post","link":"https:\/\/politicosaldesnudo.com.mx\/index.php\/2022\/11\/14\/barzon-lucha-zapatista\/","title":{"rendered":"Barz\u00f3n, lucha zapatista"},"content":{"rendered":"<p class=\"p1\">\n<p>&nbsp;<\/p>\n<p class=\"p1\"><span style=\"font-size: 18pt;\"><b>Por Jos\u00e9 P\u00e1ramo Castro<\/b><\/span><\/p>\n<p class=\"p1\"><span style=\"font-size: 18pt;\"><strong>Entre los grupos que acompa\u00f1as nuestra historia sin olvidarla es <span style=\"color: #139eca;\">El Barz\u00f3n Popular<\/span>, cuyo dirigente <span style=\"color: #139eca;\">Crescencio Morales \u00c1vila<\/span> da la pauta para defender las causas populares, que por muchos a\u00f1os y a pesar de una revoluci\u00f3n se les ha arrebatada. No es gratuito el hecho de que sea <span style=\"color: #139eca;\">la figura de Emiliano Zapata<\/span> la que se muestra en su quehacer cotidiano.<\/strong><\/span><\/p>\n<p class=\"p1\"><span style=\"font-size: 14pt;\">En d\u00edas pasados se tom\u00f3 protesta de la Mesa Directiva de la Confederaci\u00f3n Estatal de la Confederaci\u00f3n Nacional de Trabajadores Emiliano Zapata El Barz\u00f3n Popular, donde se reiter\u00f3 la defensa de las causas populares, y su participaci\u00f3n directa y contundente de los factores de la producci\u00f3n, a trav\u00e9s de Diversas Cooperativas de Productores, Sindicatos, Confederaciones Estatales y una Confederaci\u00f3n Sindical Nacional, es una fuerza productiva que impulsa, desde su inicio, el proceso productivo, con la representaci\u00f3n de los trabajadores.<\/span><\/p>\n<p>&nbsp;<\/p>\n<p><img data-recalc-dims=\"1\" loading=\"lazy\" decoding=\"async\" class=\"aligncenter wp-image-12547 size-large\" src=\"https:\/\/i0.wp.com\/politicosaldesnudo.com.mx\/wp-content\/uploads\/2022\/11\/P-BARZON-POPULAR-3-1024x573.png?resize=800%2C448&#038;ssl=1\" alt=\"\" width=\"800\" height=\"448\" srcset=\"https:\/\/i0.wp.com\/politicosaldesnudo.com.mx\/wp-content\/uploads\/2022\/11\/P-BARZON-POPULAR-3.png?resize=1024%2C573&amp;ssl=1 1024w, https:\/\/i0.wp.com\/politicosaldesnudo.com.mx\/wp-content\/uploads\/2022\/11\/P-BARZON-POPULAR-3.png?resize=300%2C168&amp;ssl=1 300w, https:\/\/i0.wp.com\/politicosaldesnudo.com.mx\/wp-content\/uploads\/2022\/11\/P-BARZON-POPULAR-3.png?resize=768%2C430&amp;ssl=1 768w, https:\/\/i0.wp.com\/politicosaldesnudo.com.mx\/wp-content\/uploads\/2022\/11\/P-BARZON-POPULAR-3.png?resize=1536%2C859&amp;ssl=1 1536w, https:\/\/i0.wp.com\/politicosaldesnudo.com.mx\/wp-content\/uploads\/2022\/11\/P-BARZON-POPULAR-3.png?w=1816&amp;ssl=1 1816w, https:\/\/i0.wp.com\/politicosaldesnudo.com.mx\/wp-content\/uploads\/2022\/11\/P-BARZON-POPULAR-3.png?w=1600&amp;ssl=1 1600w\" sizes=\"auto, (max-width: 800px) 100vw, 800px\" \/><\/p>\n<p>&nbsp;<\/p>\n<p class=\"p1\"><span style=\"font-size: 18pt;\"><strong><span style=\"color: #139eca;\">Las esferas conservadoras han tratado de polarizar el pa\u00eds, la propia marcha en defensa del INE, indefendible por el lado que quieran verlo, fue una provocaci\u00f3n que quer\u00eda consolidar como evidencia de la violencia en una sociedad que tiene diversas \u00f3pticas pol\u00edticas.<\/span> Como antes las alternativas pol\u00edticas eran s\u00f3lo PRI o PAN y sabemos que son lo mismo, la irrupci\u00f3n en el poder de un partido diferente les parece polarizaci\u00f3n, y peligro para sus privilegios; cuando, en realidad, la situaci\u00f3n actual del pa\u00eds es resultado de la diversidad de pensamiento basado en la conformaci\u00f3n de la conciencia social, cuyo desarrollo trataron de impedir por muchos a\u00f1os las fuerzas convencionales de la pol\u00edtica.<\/strong><\/span><\/p>\n<p>&nbsp;<\/p>\n<p class=\"p1\"><span style=\"font-size: 18pt; color: #139eca;\"><b>SU PROYECTO SOCIAL<span class=\"Apple-converted-space\">\u00a0<\/span><\/b><\/span><\/p>\n<p class=\"p1\"><span style=\"font-size: 18pt;\"><strong>El Barz\u00f3n Popular tiene su propio proyecto social, como considerar que no es suficiente aplicar una pol\u00edtica social asistencialista porque a la larga no va a solucionar el problema de una mejor distribuci\u00f3n de la riqueza. Tiene claro que el sentido de la vida, es la uni\u00f3n de los seres humanos por una misma causa, lo que nos une, es un profundo amor por M\u00e9xico.<\/strong><\/span><\/p>\n<p class=\"p1\"><span style=\"font-size: 14pt;\">Es as\u00ed como en cada evento, en cada acto se reivindican los ideales de Emiliano Zapata, como ejemplo vivo de \u201camor por la Madre Tierra y su compromiso con los campesinos y la clase trabajadora\u201d. Entre los miembros distinguidos que acompa\u00f1aron esta toma de protesta estuvo presente el bisnieto del revolucionario, Benjam\u00edn Zapata Amaro, cuya presencia es muestra de la vigencia de los postulados del Zapatismo que inspiran todas las actividades de El Barz\u00f3n Popular, porque aseguran que Emiliano Zapata Salazar representa la dignidad del pueblo mexicano, porque su legado renace en cada luchador social, en las luchas agrarias, sindicales, sociales.<\/span><\/p>\n<p>&nbsp;<\/p>\n<p><img data-recalc-dims=\"1\" loading=\"lazy\" decoding=\"async\" class=\"aligncenter wp-image-12546 size-large\" src=\"https:\/\/i0.wp.com\/politicosaldesnudo.com.mx\/wp-content\/uploads\/2022\/11\/P-BARZON-POPULAR-2-1024x573.png?resize=800%2C448&#038;ssl=1\" alt=\"\" width=\"800\" height=\"448\" srcset=\"https:\/\/i0.wp.com\/politicosaldesnudo.com.mx\/wp-content\/uploads\/2022\/11\/P-BARZON-POPULAR-2.png?resize=1024%2C573&amp;ssl=1 1024w, https:\/\/i0.wp.com\/politicosaldesnudo.com.mx\/wp-content\/uploads\/2022\/11\/P-BARZON-POPULAR-2.png?resize=300%2C168&amp;ssl=1 300w, https:\/\/i0.wp.com\/politicosaldesnudo.com.mx\/wp-content\/uploads\/2022\/11\/P-BARZON-POPULAR-2.png?resize=768%2C430&amp;ssl=1 768w, https:\/\/i0.wp.com\/politicosaldesnudo.com.mx\/wp-content\/uploads\/2022\/11\/P-BARZON-POPULAR-2.png?resize=1536%2C859&amp;ssl=1 1536w, https:\/\/i0.wp.com\/politicosaldesnudo.com.mx\/wp-content\/uploads\/2022\/11\/P-BARZON-POPULAR-2.png?w=1816&amp;ssl=1 1816w, https:\/\/i0.wp.com\/politicosaldesnudo.com.mx\/wp-content\/uploads\/2022\/11\/P-BARZON-POPULAR-2.png?w=1600&amp;ssl=1 1600w\" sizes=\"auto, (max-width: 800px) 100vw, 800px\" \/><\/p>\n<p>&nbsp;<\/p>\n<p class=\"p1\"><span style=\"font-size: 18pt; color: #139eca;\"><b>LUCHA POR LA JUSTICIA<\/b><\/span><\/p>\n<p class=\"p1\"><span style=\"font-size: 14pt;\">El Barz\u00f3n Popular considera que objetivos comunes, crea proyectos comunes y unidad social, de tal manera que esa cohesi\u00f3n social, que tratan de desbaratar los conservadores debe restaurarse. Es decir, no s\u00f3lo impulsa El Barz\u00f3n Popular la lucha por la justicia, sino que busca coincidencias con grupos de actividades afines con metas inmediatas que van super\u00e1ndose constantemente. <\/span><\/p>\n<p class=\"p1\"><span style=\"font-size: 18pt;\"><strong>Comulgan en sus ideales con diferentes grupos organizados de campesinos, peque\u00f1os productores, trabajadores, empresarios y pueblo en general, en la necesidad de generar alternativas viables desde lo local, que permitan la reactivaci\u00f3n econ\u00f3mica desde abajo, lo que permitir\u00e1 al mismo tiempo ir generando una cultura para la paz.<\/strong><\/span><\/p>\n<p class=\"p1\"><span style=\"font-size: 14pt;\">La tarea no por novedosa es f\u00e1cil, y no por innovadora puede lograrse pronto, de tal suerte que cada momento es parte del trabajo de los miembros de esta organizaci\u00f3n, que avanza paso a paso con un proyecto social, que parte de la base de poblaci\u00f3n para dar resultados concretos.<\/span><\/p>\n<p>&nbsp;<\/p>\n<p>&nbsp;<\/p>\n<p><span style=\"font-size: 18pt; color: #319eca;\"><em><strong>**Las columnas firmadas en este medio son responsabilidad de quienes las firman**<\/strong><\/em><\/span><\/p>\n<p>&nbsp;<\/p>\n<p>&nbsp;<\/p>\n<p>&nbsp;<\/p>\n","protected":false},"excerpt":{"rendered":"<p>&nbsp; Por Jos\u00e9 P\u00e1ramo Castro Entre los grupos que acompa\u00f1as nuestra historia sin olvidarla es El Barz\u00f3n Popular, cuyo dirigente<\/p>\n","protected":false},"author":4,"featured_media":4387,"comment_status":"closed","ping_status":"closed","sticky":false,"template":"","format":"standard","meta":{"colormag_page_container_layout":"default_layout","colormag_page_sidebar_layout":"default_layout","_jetpack_memberships_contains_paid_content":false,"footnotes":"","jetpack_publicize_message":"","jetpack_publicize_feature_enabled":true,"jetpack_social_post_already_shared":false,"jetpack_social_options":{"image_generator_settings":{"template":"highway","default_image_id":0,"font":"","enabled":false},"version":2}},"categories":[26],"tags":[1780,1781,1783,43,1782],"class_list":["post-12544","post","type-post","status-publish","format-standard","has-post-thumbnail","hentry","category-columnistas","tag-barzon-popular","tag-crecencio-morales","tag-emiliano-zapata","tag-ine","tag-justicia-social"],"jetpack_publicize_connections":[],"jetpack_featured_media_url":"https:\/\/i0.wp.com\/politicosaldesnudo.com.mx\/wp-content\/uploads\/2022\/04\/JOSE%CC%81-PA%CC%81RAMO-CASTRO.png?fit=1816%2C1016&ssl=1","jetpack-related-posts":[],"jetpack_sharing_enabled":true,"_links":{"self":[{"href":"https:\/\/politicosaldesnudo.com.mx\/index.php\/wp-json\/wp\/v2\/posts\/12544","targetHints":{"allow":["GET"]}}],"collection":[{"href":"https:\/\/politicosaldesnudo.com.mx\/index.php\/wp-json\/wp\/v2\/posts"}],"about":[{"href":"https:\/\/politicosaldesnudo.com.mx\/index.php\/wp-json\/wp\/v2\/types\/post"}],"author":[{"embeddable":true,"href":"https:\/\/politicosaldesnudo.com.mx\/index.php\/wp-json\/wp\/v2\/users\/4"}],"replies":[{"embeddable":true,"href":"https:\/\/politicosaldesnudo.com.mx\/index.php\/wp-json\/wp\/v2\/comments?post=12544"}],"version-history":[{"count":0,"href":"https:\/\/politicosaldesnudo.com.mx\/index.php\/wp-json\/wp\/v2\/posts\/12544\/revisions"}],"wp:featuredmedia":[{"embeddable":true,"href":"https:\/\/politicosaldesnudo.com.mx\/index.php\/wp-json\/wp\/v2\/media\/4387"}],"wp:attachment":[{"href":"https:\/\/politicosaldesnudo.com.mx\/index.php\/wp-json\/wp\/v2\/media?parent=12544"}],"wp:term":[{"taxonomy":"category","embeddable":true,"href":"https:\/\/politicosaldesnudo.com.mx\/index.php\/wp-json\/wp\/v2\/categories?post=12544"},{"taxonomy":"post_tag","embeddable":true,"href":"https:\/\/politicosaldesnudo.com.mx\/index.php\/wp-json\/wp\/v2\/tags?post=12544"}],"curies":[{"name":"wp","href":"https:\/\/api.w.org\/{rel}","templated":true}]}}