{"id":12549,"date":"2022-11-14T01:00:41","date_gmt":"2022-11-14T07:00:41","guid":{"rendered":"https:\/\/politicosaldesnudo.com.mx\/?p=12549"},"modified":"2022-11-14T01:00:53","modified_gmt":"2022-11-14T07:00:53","slug":"una-marcha-con-clase","status":"publish","type":"post","link":"https:\/\/politicosaldesnudo.com.mx\/index.php\/2022\/11\/14\/una-marcha-con-clase\/","title":{"rendered":"Una marcha con clase"},"content":{"rendered":"<p class=\"p1\">\n<p>&nbsp;<\/p>\n<p class=\"p1\"><span style=\"font-size: 18pt;\"><b>Por \u00c1ngel \u00c1lvaro Pe\u00f1a<\/b><\/span><\/p>\n<p class=\"p1\"><span style=\"font-size: 14pt;\">La marcha de la ciudad de M\u00e9xico y 14 ciudades del pa\u00eds, m\u00e1s all\u00e1 de la guerra de cifras sobre el n\u00fameros de asistentes, debe verse c\u00f3mo la expresi\u00f3n de inconformidad de una clase social definida como tal, aunque diversa en su interior. Es decir, sali\u00f3 a la calle una clase media que ni es rica ni es pobre, ni est\u00e1 lo suficientemente informada ni est\u00e1 completamente manipulada. Es decir, una media clase social.<\/span><\/p>\n<p class=\"p1\"><span style=\"font-size: 18pt;\"><strong><span style=\"color: #139eca;\">Esa clase social no es representativa del pa\u00eds, s\u00f3lo se representa a s\u00ed misma, y no s\u00f3lo por sus caracter\u00edsticas propias sino por su individualismo<\/span>, que en algunos casos le dicen aspiracionismo y es, por lo regular, la clientela de los partidos de derecha, como el PAN, que sin propuestas concretas convence de la ineficacia de otros partidos, pero oculta muy bien sus eficacias.<\/strong><\/span><\/p>\n<p class=\"p1\"><span style=\"font-size: 14pt;\">Si esa misma clase media hubiera conocido el hecho de que el Presidente de la Rep\u00fablica adquiriera, con dinero p\u00fablico, un seguro de gastos m\u00e9dicos hasta 2026, siendo que \u00e9l abandona el cargo en 2024, ya hubiera puesto el grito en el cielo: es exactamente lo que hizo Lorenzo C\u00f3rdova, presidente consejero del INE, pero nadie se lo reclama; al contrario, lo festejan, lo defienden y lo cobijan en sus consignas callejeras.<\/span><\/p>\n<p>&nbsp;<\/p>\n<p><img data-recalc-dims=\"1\" loading=\"lazy\" decoding=\"async\" class=\"aligncenter wp-image-12551 size-large\" src=\"https:\/\/i0.wp.com\/politicosaldesnudo.com.mx\/wp-content\/uploads\/2022\/11\/P-MARCHA-INE-2-1024x573.png?resize=800%2C448&#038;ssl=1\" alt=\"\" width=\"800\" height=\"448\" srcset=\"https:\/\/i0.wp.com\/politicosaldesnudo.com.mx\/wp-content\/uploads\/2022\/11\/P-MARCHA-INE-2.png?resize=1024%2C573&amp;ssl=1 1024w, https:\/\/i0.wp.com\/politicosaldesnudo.com.mx\/wp-content\/uploads\/2022\/11\/P-MARCHA-INE-2.png?resize=300%2C168&amp;ssl=1 300w, https:\/\/i0.wp.com\/politicosaldesnudo.com.mx\/wp-content\/uploads\/2022\/11\/P-MARCHA-INE-2.png?resize=768%2C430&amp;ssl=1 768w, https:\/\/i0.wp.com\/politicosaldesnudo.com.mx\/wp-content\/uploads\/2022\/11\/P-MARCHA-INE-2.png?resize=1536%2C859&amp;ssl=1 1536w, https:\/\/i0.wp.com\/politicosaldesnudo.com.mx\/wp-content\/uploads\/2022\/11\/P-MARCHA-INE-2.png?w=1816&amp;ssl=1 1816w, https:\/\/i0.wp.com\/politicosaldesnudo.com.mx\/wp-content\/uploads\/2022\/11\/P-MARCHA-INE-2.png?w=1600&amp;ssl=1 1600w\" sizes=\"auto, (max-width: 800px) 100vw, 800px\" \/><\/p>\n<p>&nbsp;<\/p>\n<p class=\"p1\"><span style=\"font-size: 18pt;\"><strong>M\u00e1s de la mitad de los manifestantes gana menos de 300 mil pesos al mes; sin embargo, defienden el salario de los consejeros electorales, que supera esa cantidad, m\u00e1s otras canonj\u00edas como 15 mil pesos mensuales para comidas, cantidad \u00e9sta, que buena parte de los mexicanos no la gana.<\/strong><\/span><\/p>\n<p class=\"p1\"><span style=\"font-size: 14pt;\">Esto quiere decir que quienes salieron a las calles a defender al INE del fantasma del comunismo, de la proximidad con Venezuela o Cuba ten\u00edan poca informaci\u00f3n sobre lo que hac\u00edan. Porque ellos salieron a las calles en defensa de un INE que nadie quiere desaparecer. El INE ha tenido muchas reformas y nadie ha dicho nada.<\/span><\/p>\n<p class=\"p1\"><span style=\"font-size: 18pt;\"><strong>As\u00ed, en los \u00faltimos a\u00f1os hubo reforma a las llamadas reformas estructurales, como la energ\u00e9tica y ninguno de ellos sali\u00f3 a las calles a defender a Pemex, empresa que cost\u00f3 mucho trabajo, sacrificio, muertes y detenciones sacar adelante. Tampoco salieron a las calles a defender a la Secretar\u00eda de Educaci\u00f3n P\u00fablica, cuando se trat\u00f3 de hacer una reforma educativa en el sexenio pasado, a pesar de que en la historia de esa instituci\u00f3n estuvieron presentes personajes de derecha como Jos\u00e9 Vasconcelos y Justo Sierra. <span style=\"color: #139eca;\">Nadie sali\u00f3 en defensa de los bancos cuando se privatizaron.<\/span><\/strong><\/span><\/p>\n<p>&nbsp;<\/p>\n<p><span style=\"font-size: 18pt; color: #139eca;\"><strong>LA MANIPULACI\u00d3N\u00a0<\/strong><\/span><\/p>\n<p class=\"p1\"><span style=\"font-size: 18pt;\"><strong><span style=\"color: #139eca;\">Aqu\u00ed estamos hablando de manipulaci\u00f3n. De verdades a medias y mentiras bien planeadas, porque quienes marcharon lo hicieron pensando que salvaban la democracia cuando en realidad lo que hicieron fue fortalecer una burocracia dorada<\/span> que vive como monarca en un pa\u00eds cuya pobreza ha sido un problema de siglos y cuando se trata de reducirle sus privilegios inventan que quieren destruir al INE y acabar con la democracia. Lo peor es que hay gente que les cree.<\/strong><\/span><\/p>\n<p class=\"p1\"><span style=\"font-size: 14pt;\">Quienes marcharon en las calles no representan a la sociedad mexicana, se representan a s\u00ed mismos y le hacen el juego a los oligarcas dela burocracia apoyando que no se realice al reforma electoral que nada tiene que ver con la desaparici\u00f3n de la democracia ni la destrucci\u00f3n del INE. Si a esto acumulamos un c\u00e1lculo, que arroje un porcentaje de ellas que hayan le\u00eddo la iniciativa de reforma encontramos que ni siquiera llega al cinco por ciento de los asistentes.<\/span><\/p>\n<p class=\"p1\"><span style=\"font-size: 18pt;\"><strong>Aqu\u00ed cabe destacar que no fue la sociedad la que se manifest\u00f3, sino un fragmento de la comunidad mexicana que fue usada, enga\u00f1ada y hasta manipulada ante la carencia de un conocimiento m\u00e1s profundo de la realidad pol\u00edtica del pa\u00eds.<\/strong><\/span><\/p>\n<p>&nbsp;<\/p>\n<p><img data-recalc-dims=\"1\" loading=\"lazy\" decoding=\"async\" class=\"aligncenter wp-image-12550 size-large\" src=\"https:\/\/i0.wp.com\/politicosaldesnudo.com.mx\/wp-content\/uploads\/2022\/11\/P-MARCHA-INE-1-1024x573.png?resize=800%2C448&#038;ssl=1\" alt=\"\" width=\"800\" height=\"448\" srcset=\"https:\/\/i0.wp.com\/politicosaldesnudo.com.mx\/wp-content\/uploads\/2022\/11\/P-MARCHA-INE-1.png?resize=1024%2C573&amp;ssl=1 1024w, https:\/\/i0.wp.com\/politicosaldesnudo.com.mx\/wp-content\/uploads\/2022\/11\/P-MARCHA-INE-1.png?resize=300%2C168&amp;ssl=1 300w, https:\/\/i0.wp.com\/politicosaldesnudo.com.mx\/wp-content\/uploads\/2022\/11\/P-MARCHA-INE-1.png?resize=768%2C430&amp;ssl=1 768w, https:\/\/i0.wp.com\/politicosaldesnudo.com.mx\/wp-content\/uploads\/2022\/11\/P-MARCHA-INE-1.png?resize=1536%2C859&amp;ssl=1 1536w, https:\/\/i0.wp.com\/politicosaldesnudo.com.mx\/wp-content\/uploads\/2022\/11\/P-MARCHA-INE-1.png?w=1816&amp;ssl=1 1816w, https:\/\/i0.wp.com\/politicosaldesnudo.com.mx\/wp-content\/uploads\/2022\/11\/P-MARCHA-INE-1.png?w=1600&amp;ssl=1 1600w\" sizes=\"auto, (max-width: 800px) 100vw, 800px\" \/><\/p>\n<p>&nbsp;<\/p>\n<p class=\"p1\"><span style=\"font-size: 14pt;\">Si algo tuvo de positivo esa marcha fue que una clase social que no estaba acostumbrada a levantar la voz, tom\u00f3 las calles y empieza el proceso de concientizaci\u00f3n sobre una realidad en la que siempre debi\u00f3 haber participado porque es parte de su vida. Esa clase pol\u00edtica que anteriormente se mostraba ap\u00e1tica a la pol\u00edtica ahora sabe, aunque sea por rumores o mentiras, que es necesario que se incorpore al ejercicio pol\u00edtico porque de su participaci\u00f3n depende la democracia.<\/span><\/p>\n<p class=\"p1\"><span style=\"font-size: 14pt;\">Aunque nadie puede negar que a la expresi\u00f3n limpia de una clase media que se estrenaba en las calles para dar a conocer su s inquietudes, se sumaron los que en realidad organizaron dicha manifestaci\u00f3n que fueron los partidos pol\u00edticos, porque ah\u00ed estuvieron Vicente Fox, Alito Moreno, Carolina Viggiano, Marco Cort\u00e9s, as\u00ed como legisladores y l\u00edderes de partidos pol\u00edticos, aunque la presencia de ninguno de los once consejeros electorales brill\u00f3 por su ausencia, tal vez por temor a no ser tan bien revividos como ellos esperaban.<\/span><\/p>\n<p class=\"p1\"><span style=\"font-size: 18pt; color: #139eca;\"><strong>Qu\u00e9 mejor defensa de la democracia que participando en la vida pol\u00edtica m\u00e1s all\u00e1 del voto que es la m\u00ednima expresi\u00f3n de la vida pol\u00edtica de los mexicanos. Salir a las calles signific\u00f3 darle aire a las ideas y pensamientos que se quedaban en los caf\u00e9s y en las sobremesas familiares.<\/strong><\/span><\/p>\n<p class=\"p1\"><span style=\"font-size: 14pt;\">Esa clase media que sali\u00f3 por primera vez a las calles fortaleci\u00f3 la democracia desde el momento en que sus pies tocaron las banquetas, esa fue la mejor defensa a una democracia que todos los d\u00edas cambia, se transforma sistem\u00e1ticamente, y que es la raz\u00f3n por lo que debe haber reformas electorales siempre. Nunca las leyes de ning\u00fan pa\u00eds inamovibles, y menos a\u00fan las leyes electorales que precisan el ejercicio democr\u00e1tico de un pa\u00eds. Las reformas no se hacen para volver al pasado sino para hacer m\u00e1s legal el futuro.<\/span><\/p>\n<p class=\"p1\"><span style=\"font-size: 18pt;\"><strong>La aparici\u00f3n de la clase media en las calles es un factor pol\u00edtico-electoral nuevo en la historia de M\u00e9xico, surgido de una informidad que real o ficticia se expresa, raz\u00f3n por la cual es necesario tomarla en cuenta en la reforma electoral. La simple presencia en las calles de este sector de la poblaci\u00f3n es motivo suficiente para una Reforma Electoral.<\/strong><\/span><\/p>\n<p>&nbsp;<\/p>\n<p class=\"p1\"><span style=\"font-size: 18pt; color: #139eca;\"><b>PEGA Y CORRE<\/b><\/span><\/p>\n<p class=\"p1\"><span style=\"font-size: 14pt;\">La derrota electoral en el Edomex es percibida como una desaparici\u00f3n de la entidad, de tal suerte que el PRI anunci\u00f3 que crear\u00e1 un movimiento incluyente para defender el estado, luego de que un diario de circulaci\u00f3n nacional diera a conocer que las encuestas est\u00e1n a favor de Morena en dos a uno.<\/span><\/p>\n<p>&nbsp;<\/p>\n<p>&nbsp;<\/p>\n<p class=\"p1\"><span style=\"font-size: 18pt;\"><strong>Esta columna se publica los lunes, mi\u00e9rcoles y viernes<\/strong><\/span><\/p>\n<p>&nbsp;<\/p>\n<p><span style=\"font-size: 18pt; color: #319eca;\"><em><strong>**Las columnas firmadas en este medio son responsabilidad de quienes las firman**<\/strong><\/em><\/span><\/p>\n<p>&nbsp;<\/p>\n<p>&nbsp;<\/p>\n<p>&nbsp;<\/p>\n<p>&nbsp;<\/p>\n","protected":false},"excerpt":{"rendered":"<p>&nbsp; Por \u00c1ngel \u00c1lvaro Pe\u00f1a La marcha de la ciudad de M\u00e9xico y 14 ciudades del pa\u00eds, m\u00e1s all\u00e1 de<\/p>\n","protected":false},"author":4,"featured_media":3775,"comment_status":"closed","ping_status":"closed","sticky":false,"template":"","format":"standard","meta":{"colormag_page_container_layout":"default_layout","colormag_page_sidebar_layout":"default_layout","_jetpack_memberships_contains_paid_content":false,"footnotes":"","jetpack_publicize_message":"","jetpack_publicize_feature_enabled":true,"jetpack_social_post_already_shared":false,"jetpack_social_options":{"image_generator_settings":{"template":"highway","default_image_id":0,"font":"","enabled":false},"version":2}},"categories":[26],"tags":[184,43,162,561],"class_list":["post-12549","post","type-post","status-publish","format-standard","has-post-thumbnail","hentry","category-columnistas","tag-democracia","tag-ine","tag-marcha","tag-reforma-electoral"],"jetpack_publicize_connections":[],"jetpack_featured_media_url":"https:\/\/i0.wp.com\/politicosaldesnudo.com.mx\/wp-content\/uploads\/2022\/04\/A%CC%81NGEL-A%CC%81LVARO-PEN%CC%83A1.png?fit=1816%2C1016&ssl=1","jetpack-related-posts":[],"jetpack_sharing_enabled":true,"_links":{"self":[{"href":"https:\/\/politicosaldesnudo.com.mx\/index.php\/wp-json\/wp\/v2\/posts\/12549","targetHints":{"allow":["GET"]}}],"collection":[{"href":"https:\/\/politicosaldesnudo.com.mx\/index.php\/wp-json\/wp\/v2\/posts"}],"about":[{"href":"https:\/\/politicosaldesnudo.com.mx\/index.php\/wp-json\/wp\/v2\/types\/post"}],"author":[{"embeddable":true,"href":"https:\/\/politicosaldesnudo.com.mx\/index.php\/wp-json\/wp\/v2\/users\/4"}],"replies":[{"embeddable":true,"href":"https:\/\/politicosaldesnudo.com.mx\/index.php\/wp-json\/wp\/v2\/comments?post=12549"}],"version-history":[{"count":0,"href":"https:\/\/politicosaldesnudo.com.mx\/index.php\/wp-json\/wp\/v2\/posts\/12549\/revisions"}],"wp:featuredmedia":[{"embeddable":true,"href":"https:\/\/politicosaldesnudo.com.mx\/index.php\/wp-json\/wp\/v2\/media\/3775"}],"wp:attachment":[{"href":"https:\/\/politicosaldesnudo.com.mx\/index.php\/wp-json\/wp\/v2\/media?parent=12549"}],"wp:term":[{"taxonomy":"category","embeddable":true,"href":"https:\/\/politicosaldesnudo.com.mx\/index.php\/wp-json\/wp\/v2\/categories?post=12549"},{"taxonomy":"post_tag","embeddable":true,"href":"https:\/\/politicosaldesnudo.com.mx\/index.php\/wp-json\/wp\/v2\/tags?post=12549"}],"curies":[{"name":"wp","href":"https:\/\/api.w.org\/{rel}","templated":true}]}}