{"id":12610,"date":"2022-11-15T19:00:12","date_gmt":"2022-11-16T01:00:12","guid":{"rendered":"https:\/\/politicosaldesnudo.com.mx\/?p=12610"},"modified":"2022-11-15T20:01:33","modified_gmt":"2022-11-16T02:01:33","slug":"jorge-nuno-es-el-nuevo-secretario-de-infraestructura-comunicaciones-y-transportes","status":"publish","type":"post","link":"https:\/\/politicosaldesnudo.com.mx\/index.php\/2022\/11\/15\/jorge-nuno-es-el-nuevo-secretario-de-infraestructura-comunicaciones-y-transportes\/","title":{"rendered":"Jorge Nu\u00f1o es el nuevo secretario de Infraestructura, Comunicaciones y Transportes"},"content":{"rendered":"<p>&nbsp;<\/p>\n<p class=\"p1\"><span style=\"font-size: 14pt;\"><em><strong>CIUDAD DE M\u00c9XICO.\u00a0<\/strong><\/em> <strong>Jorge Nu\u00f1o Lara es ya titular de la Secretar\u00eda de Infraestructura, Comunicaciones y Transportes<\/strong> (SICT), luego de haberse quedado como encargado de despacho por m\u00e1s de dos meses en <strong>sustituci\u00f3n de Jorge Arganis D\u00edaz Leal<\/strong>.<\/span><\/p>\n<p class=\"p1\"><span style=\"font-size: 18pt;\"><strong>Al asumir el cargo, del que le dio posesi\u00f3n Ad\u00e1n Augusto L\u00f3pez, secretario de Gobernaci\u00f3n, Nu\u00f1o Lara destac\u00f3 que el sector es vital para el avance de la econom\u00eda y estrat\u00e9gico para la consolidaci\u00f3n de la transformaci\u00f3n de M\u00e9xico, bajo la perspectiva de la inclusi\u00f3n y la justicia social, consign\u00f3 la SICT.<\/strong><\/span><\/p>\n<p class=\"p1\"><span style=\"font-size: 14pt;\">La dependencia detall\u00f3 que Nu\u00f1o Lara, en su pasado cargo en la SICT, como subsecretario de Infraestructura, promovi\u00f3 y ejecut\u00f3 46 proyectos carreteros con inversi\u00f3n de 318 mil 468 millones de pesos y la generaci\u00f3n de 215 mil 028 empleos.<\/span><\/p>\n<p class=\"p1\"><span style=\"font-size: 18pt;\"><strong>Durante su gesti\u00f3n como subsecretario se iniciaron los trabajos de 29 autopistas con inversi\u00f3n de 130 mil 826 millones de pesos que significan 128 mil 933 empleos, lo que representa 0.26 por ciento del Producto Interno Bruto (PIB).<\/strong><\/span><\/p>\n<p class=\"p1\"><span style=\"font-size: 14pt;\">Como subsecretario de Infraestructura, \u201cconsolid\u00f3 la conclusi\u00f3n de la L\u00ednea 3 del Tren El\u00e9ctrico Urbano de Guadalajara con inversi\u00f3n de 34 mil millones de pesos para beneficio de tres millones de personas. Asimismo, impulsa la conclusi\u00f3n del Tren Interurbano M\u00e9xico-Toluca, con inversi\u00f3n de 90 mil millones de pesos y que beneficiar\u00e1 a cinco millones de personas, as\u00ed como el ramal suburbano Lecher\u00eda-AIFA, el cual representa la inversi\u00f3n mixta de 25 mil millones de pesos para dar servicio a tres millones de personas\u201d, entre otros proyectos que ha encabezado.<\/span><\/p>\n<p class=\"p1\"><span style=\"font-size: 18pt;\"><strong>El 7 de septiembre Nu\u00f1o Lara qued\u00f3 como encargado del despacho en la SICT debido a que D\u00edaz-Leal pidi\u00f3 un permiso de salud. El 9 de noviembre el presidente Andr\u00e9s Manuel L\u00f3pez Obrador confirm\u00f3 que el antes subsecretario de Infraestructura quedar\u00eda como titular de toda la dependencia.<\/strong><\/span><\/p>\n","protected":false},"excerpt":{"rendered":"<p>&nbsp; CIUDAD DE M\u00c9XICO.\u00a0 Jorge Nu\u00f1o Lara es ya titular de la Secretar\u00eda de Infraestructura, Comunicaciones y Transportes (SICT), luego<\/p>\n","protected":false},"author":4,"featured_media":12611,"comment_status":"closed","ping_status":"closed","sticky":false,"template":"","format":"standard","meta":{"colormag_page_container_layout":"default_layout","colormag_page_sidebar_layout":"default_layout","_jetpack_memberships_contains_paid_content":false,"footnotes":"","jetpack_publicize_message":"","jetpack_publicize_feature_enabled":true,"jetpack_social_post_already_shared":false,"jetpack_social_options":{"image_generator_settings":{"template":"highway","default_image_id":0,"font":"","enabled":false},"version":2}},"categories":[33],"tags":[1793,1091],"class_list":["post-12610","post","type-post","status-publish","format-standard","has-post-thumbnail","hentry","category-nacional","tag-jorge-nuno","tag-sict"],"jetpack_publicize_connections":[],"jetpack_featured_media_url":"https:\/\/i0.wp.com\/politicosaldesnudo.com.mx\/wp-content\/uploads\/2022\/11\/P-JORGE-NUNO-SICT.png?fit=1816%2C1016&ssl=1","jetpack-related-posts":[],"jetpack_sharing_enabled":true,"_links":{"self":[{"href":"https:\/\/politicosaldesnudo.com.mx\/index.php\/wp-json\/wp\/v2\/posts\/12610","targetHints":{"allow":["GET"]}}],"collection":[{"href":"https:\/\/politicosaldesnudo.com.mx\/index.php\/wp-json\/wp\/v2\/posts"}],"about":[{"href":"https:\/\/politicosaldesnudo.com.mx\/index.php\/wp-json\/wp\/v2\/types\/post"}],"author":[{"embeddable":true,"href":"https:\/\/politicosaldesnudo.com.mx\/index.php\/wp-json\/wp\/v2\/users\/4"}],"replies":[{"embeddable":true,"href":"https:\/\/politicosaldesnudo.com.mx\/index.php\/wp-json\/wp\/v2\/comments?post=12610"}],"version-history":[{"count":0,"href":"https:\/\/politicosaldesnudo.com.mx\/index.php\/wp-json\/wp\/v2\/posts\/12610\/revisions"}],"wp:featuredmedia":[{"embeddable":true,"href":"https:\/\/politicosaldesnudo.com.mx\/index.php\/wp-json\/wp\/v2\/media\/12611"}],"wp:attachment":[{"href":"https:\/\/politicosaldesnudo.com.mx\/index.php\/wp-json\/wp\/v2\/media?parent=12610"}],"wp:term":[{"taxonomy":"category","embeddable":true,"href":"https:\/\/politicosaldesnudo.com.mx\/index.php\/wp-json\/wp\/v2\/categories?post=12610"},{"taxonomy":"post_tag","embeddable":true,"href":"https:\/\/politicosaldesnudo.com.mx\/index.php\/wp-json\/wp\/v2\/tags?post=12610"}],"curies":[{"name":"wp","href":"https:\/\/api.w.org\/{rel}","templated":true}]}}