{"id":12662,"date":"2022-11-17T06:54:38","date_gmt":"2022-11-17T12:54:38","guid":{"rendered":"https:\/\/politicosaldesnudo.com.mx\/?p=12662"},"modified":"2022-11-17T06:55:06","modified_gmt":"2022-11-17T12:55:06","slug":"calo-hondo-la-defensa-del-ine","status":"publish","type":"post","link":"https:\/\/politicosaldesnudo.com.mx\/index.php\/2022\/11\/17\/calo-hondo-la-defensa-del-ine\/","title":{"rendered":"Cal\u00f3 hondo la defensa del INE"},"content":{"rendered":"<p>&nbsp;<\/p>\n<p>&nbsp;<\/p>\n<p class=\"p1\"><span style=\"font-size: 18pt;\"><strong>Por Luis Ram\u00edrez Baqueiro<\/strong><\/span><\/p>\n<p>&nbsp;<\/p>\n<p>&nbsp;<\/p>\n<p class=\"p1\" style=\"text-align: center;\"><em><span style=\"font-size: 18pt;\"><strong>\u201cCuando el dolor es insoportable, nos destruye; cuando no nos destruye, es que es soportable\u201d <\/strong><\/span><\/em><\/p>\n<p class=\"p1\" style=\"text-align: center;\"><span style=\"font-size: 18pt;\">\u2013\u00a0Marco Aurelio \u2013<\/span><\/p>\n<p>&nbsp;<\/p>\n<p>&nbsp;<\/p>\n<p class=\"p1\"><span style=\"font-size: 14pt;\">Duele el amor, duele el desprecio, pero debe doler m\u00e1s tener el poder y no recibir del pueblo el afecto o cari\u00f1o que pensabas tener.<\/span><\/p>\n<p class=\"p1\"><span style=\"font-size: 14pt;\">Se hace evidente que tras la movilizaci\u00f3n del pasado domingo en defensa del Instituto Nacional Electoral (INE), cal\u00f3 hondo en el coraz\u00f3n ya de por s\u00ed apachurrado del presidente Andr\u00e9s Manuel L\u00f3pez Obrador.<\/span><\/p>\n<p class=\"p1\"><span style=\"font-size: 14pt;\">Y ahora anuncia que no habr\u00e1 informe de Gobierno este pr\u00f3ximo 1 de diciembre, mejor vamos desde su monstruosa capacidad a medir fuerzas, vamos a medir m\u00fasculo, y claro que la movilizaci\u00f3n con cargo al erario estar\u00e1 puesta y a la orden del d\u00eda el pr\u00f3ximo 27 de noviembre.<\/span><\/p>\n<p class=\"p1\"><span style=\"font-size: 14pt;\">Cu\u00e1ntas unidades habr\u00e1 de enviar Veracruz para la megamarcha que ahora quiere el oriundo de Macuspana encabezar, solo porque sus 10 mil o 12 mil \u2013seg\u00fan los c\u00e1lculos del Secretario de Gobierno, Mart\u00ed Batres Guadarrama- si le pudo.<\/span><\/p>\n<p class=\"p1\"><span style=\"font-size: 14pt;\">Pero constre\u00f1ir la pol\u00edtica nacional a la medici\u00f3n de fuerzas y concentraci\u00f3n masiva de personas es por mucho un constructo que puede generar consecuencias peligrosas, pues a la primera provocaci\u00f3n, las cosas se pudieran salir de control y despu\u00e9s ya ni le platico.<\/span><\/p>\n<p class=\"p1\"><span style=\"font-size: 14pt;\">La realidad es otra, es la de valorar una pol\u00edtica constante que durante los \u00faltimos cuatro a\u00f1os el gobierno federal ha provocado, dividir y provocar encon\u00f3 entre mexicanos, por el simple placer de hacer del discurso el arma perfecta de divisi\u00f3n.<\/span><\/p>\n<p class=\"p1\"><span style=\"font-size: 14pt;\">Que nos queda, la l\u00f3gica indicar\u00eda que la prudencia impere, pero teniendo en cuenta que de aquel lado existe un azuzador profesional, lo m\u00e1s seguro es que el encono y el rencor prolifere.<\/span><\/p>\n<p class=\"p1\"><span style=\"font-size: 14pt;\">Por el bien de M\u00e9xico, alto ya a la violencia provocada por el propio mandatario federal, que, con su llamada a marchar por las calles, es una insinuaci\u00f3n a la misma violencia.<\/span><\/p>\n<p class=\"p1\"><span style=\"font-size: 14pt;\">Si en solo 4 a\u00f1os una peque\u00f1a muestra en defensa del INE, lo puso tan nervioso, que ser\u00e1 el d\u00eda que se llegue la verdadera elecci\u00f3n.<\/span><\/p>\n<p>&nbsp;<\/p>\n<p>&nbsp;<\/p>\n<p class=\"p1\"><strong><span style=\"font-size: 18pt;\">Al tiempo.<\/span><\/strong><\/p>\n<p>&nbsp;<\/p>\n<p class=\"p1\"><span style=\"font-size: 18pt;\"><strong>Correo: <a href=\"mailto:astrolabiopoliticomx@gmail.com\">astrolabiopoliticomx@gmail.com<\/a><\/strong><\/span><\/p>\n<p class=\"p1\"><span style=\"font-size: 18pt;\"><strong>Twitter: <a href=\"http:\/\/www.twitter.com\/LuisBaqueiro_mx\">@LuisBaqueiro_mx<\/a><\/strong><\/span><\/p>\n<p>&nbsp;<\/p>\n<p><span style=\"font-size: 18pt; color: #319eca;\"><em><strong>**Las columnas firmadas en este medio son responsabilidad de quienes las firman**<\/strong><\/em><\/span><\/p>\n<p>&nbsp;<\/p>\n<p>&nbsp;<\/p>\n<p>&nbsp;<\/p>\n<p>&nbsp;<\/p>\n<p>&nbsp;<\/p>\n","protected":false},"excerpt":{"rendered":"<p>&nbsp; &nbsp; Por Luis Ram\u00edrez Baqueiro &nbsp; &nbsp; \u201cCuando el dolor es insoportable, nos destruye; cuando no nos destruye, es [&hellip;]<\/p>\n","protected":false},"author":4,"featured_media":4390,"comment_status":"closed","ping_status":"closed","sticky":false,"template":"","format":"standard","meta":{"site-sidebar-layout":"default","site-content-layout":"","ast-site-content-layout":"default","site-content-style":"default","site-sidebar-style":"default","ast-global-header-display":"","ast-banner-title-visibility":"","ast-main-header-display":"","ast-hfb-above-header-display":"","ast-hfb-below-header-display":"","ast-hfb-mobile-header-display":"","site-post-title":"","ast-breadcrumbs-content":"","ast-featured-img":"","footer-sml-layout":"","ast-disable-related-posts":"","theme-transparent-header-meta":"","adv-header-id-meta":"","stick-header-meta":"","header-above-stick-meta":"","header-main-stick-meta":"","header-below-stick-meta":"","astra-migrate-meta-layouts":"default","ast-page-background-enabled":"default","ast-page-background-meta":{"desktop":{"background-color":"var(--ast-global-color-5)","background-image":"","background-repeat":"repeat","background-position":"center center","background-size":"auto","background-attachment":"scroll","background-type":"","background-media":"","overlay-type":"","overlay-color":"","overlay-opacity":"","overlay-gradient":""},"tablet":{"background-color":"","background-image":"","background-repeat":"repeat","background-position":"center center","background-size":"auto","background-attachment":"scroll","background-type":"","background-media":"","overlay-type":"","overlay-color":"","overlay-opacity":"","overlay-gradient":""},"mobile":{"background-color":"","background-image":"","background-repeat":"repeat","background-position":"center center","background-size":"auto","background-attachment":"scroll","background-type":"","background-media":"","overlay-type":"","overlay-color":"","overlay-opacity":"","overlay-gradient":""}},"ast-content-background-meta":{"desktop":{"background-color":"var(--ast-global-color-4)","background-image":"","background-repeat":"repeat","background-position":"center center","background-size":"auto","background-attachment":"scroll","background-type":"","background-media":"","overlay-type":"","overlay-color":"","overlay-opacity":"","overlay-gradient":""},"tablet":{"background-color":"var(--ast-global-color-4)","background-image":"","background-repeat":"repeat","background-position":"center center","background-size":"auto","background-attachment":"scroll","background-type":"","background-media":"","overlay-type":"","overlay-color":"","overlay-opacity":"","overlay-gradient":""},"mobile":{"background-color":"var(--ast-global-color-4)","background-image":"","background-repeat":"repeat","background-position":"center center","background-size":"auto","background-attachment":"scroll","background-type":"","background-media":"","overlay-type":"","overlay-color":"","overlay-opacity":"","overlay-gradient":""}},"_jetpack_newsletter_access":"","_jetpack_dont_email_post_to_subs":false,"_jetpack_newsletter_tier_id":0,"_jetpack_memberships_contains_paywalled_content":false,"_jetpack_feature_clip_id":0,"_jetpack_memberships_contains_paid_content":false,"footnotes":"","jetpack_publicize_message":"","jetpack_publicize_feature_enabled":true,"jetpack_social_post_already_shared":false,"jetpack_social_options":{"image_generator_settings":{"template":"highway","default_image_id":0,"font":"","enabled":false},"version":2},"jetpack_post_was_ever_published":false},"categories":[26],"tags":[],"class_list":["post-12662","post","type-post","status-publish","format-standard","has-post-thumbnail","hentry","category-columnistas"],"yoast_head":"<!-- This site is optimized with the Yoast SEO plugin v28.3 - https:\/\/yoast.com\/product\/yoast-seo-wordpress\/ -->\n<title>Cal\u00f3 hondo la defensa del INE - Pol\u00edticos al Desnudo<\/title>\n<meta name=\"robots\" content=\"index, follow, max-snippet:-1, max-image-preview:large, max-video-preview:-1\" \/>\n<link rel=\"canonical\" href=\"https:\/\/politicosaldesnudo.com.mx\/index.php\/2022\/11\/17\/calo-hondo-la-defensa-del-ine\/\" \/>\n<meta property=\"og:locale\" content=\"es_ES\" \/>\n<meta property=\"og:type\" content=\"article\" \/>\n<meta property=\"og:title\" content=\"Cal\u00f3 hondo la defensa del INE - Pol\u00edticos al Desnudo\" \/>\n<meta property=\"og:description\" content=\"&nbsp; &nbsp; Por Luis Ram\u00edrez Baqueiro &nbsp; &nbsp; \u201cCuando el dolor es insoportable, nos destruye; cuando no nos destruye, es [&hellip;]\" \/>\n<meta property=\"og:url\" content=\"https:\/\/politicosaldesnudo.com.mx\/index.php\/2022\/11\/17\/calo-hondo-la-defensa-del-ine\/\" \/>\n<meta property=\"og:site_name\" content=\"Pol\u00edticos al Desnudo\" \/>\n<meta property=\"article:publisher\" content=\"https:\/\/www.facebook.com\/PoliticosAD\" \/>\n<meta property=\"article:published_time\" content=\"2022-11-17T12:54:38+00:00\" \/>\n<meta property=\"article:modified_time\" content=\"2022-11-17T12:55:06+00:00\" \/>\n<meta property=\"og:image\" content=\"https:\/\/i0.wp.com\/politicosaldesnudo.com.mx\/wp-content\/uploads\/2022\/04\/LUIS-RAMI%CC%81REZ-BAQUEIRO.png?fit=1816%2C1016&ssl=1\" \/>\n\t<meta property=\"og:image:width\" content=\"1816\" \/>\n\t<meta property=\"og:image:height\" content=\"1016\" \/>\n\t<meta property=\"og:image:type\" content=\"image\/png\" \/>\n<meta name=\"author\" content=\"Redacci\u00f3n Pol\u00edticos\" \/>\n<meta name=\"twitter:card\" content=\"summary_large_image\" \/>\n<meta name=\"twitter:label1\" content=\"Escrito por\" \/>\n\t<meta name=\"twitter:data1\" content=\"Redacci\u00f3n Pol\u00edticos\" \/>\n\t<meta name=\"twitter:label2\" content=\"Tiempo de lectura\" \/>\n\t<meta name=\"twitter:data2\" content=\"2 minutos\" \/>\n<script type=\"application\/ld+json\" class=\"yoast-schema-graph\">{\"@context\":\"https:\\\/\\\/schema.org\",\"@graph\":[{\"@type\":\"Article\",\"@id\":\"https:\\\/\\\/politicosaldesnudo.com.mx\\\/index.php\\\/2022\\\/11\\\/17\\\/calo-hondo-la-defensa-del-ine\\\/#article\",\"isPartOf\":{\"@id\":\"https:\\\/\\\/politicosaldesnudo.com.mx\\\/index.php\\\/2022\\\/11\\\/17\\\/calo-hondo-la-defensa-del-ine\\\/\"},\"author\":{\"name\":\"Redacci\u00f3n Pol\u00edticos\",\"@id\":\"https:\\\/\\\/politicosaldesnudo.com.mx\\\/#\\\/schema\\\/person\\\/ef3a64e561cc3f3f5dc52fab81adde7e\"},\"headline\":\"Cal\u00f3 hondo la defensa del INE\",\"datePublished\":\"2022-11-17T12:54:38+00:00\",\"dateModified\":\"2022-11-17T12:55:06+00:00\",\"mainEntityOfPage\":{\"@id\":\"https:\\\/\\\/politicosaldesnudo.com.mx\\\/index.php\\\/2022\\\/11\\\/17\\\/calo-hondo-la-defensa-del-ine\\\/\"},\"wordCount\":411,\"publisher\":{\"@id\":\"https:\\\/\\\/politicosaldesnudo.com.mx\\\/#organization\"},\"image\":{\"@id\":\"https:\\\/\\\/politicosaldesnudo.com.mx\\\/index.php\\\/2022\\\/11\\\/17\\\/calo-hondo-la-defensa-del-ine\\\/#primaryimage\"},\"thumbnailUrl\":\"https:\\\/\\\/i0.wp.com\\\/politicosaldesnudo.com.mx\\\/wp-content\\\/uploads\\\/2022\\\/04\\\/LUIS-RAMI%CC%81REZ-BAQUEIRO.png?fit=1816%2C1016&ssl=1\",\"articleSection\":[\"OPINI\u00d3N\"],\"inLanguage\":\"es\"},{\"@type\":\"WebPage\",\"@id\":\"https:\\\/\\\/politicosaldesnudo.com.mx\\\/index.php\\\/2022\\\/11\\\/17\\\/calo-hondo-la-defensa-del-ine\\\/\",\"url\":\"https:\\\/\\\/politicosaldesnudo.com.mx\\\/index.php\\\/2022\\\/11\\\/17\\\/calo-hondo-la-defensa-del-ine\\\/\",\"name\":\"Cal\u00f3 hondo la defensa del INE - Pol\u00edticos al Desnudo\",\"isPartOf\":{\"@id\":\"https:\\\/\\\/politicosaldesnudo.com.mx\\\/#website\"},\"primaryImageOfPage\":{\"@id\":\"https:\\\/\\\/politicosaldesnudo.com.mx\\\/index.php\\\/2022\\\/11\\\/17\\\/calo-hondo-la-defensa-del-ine\\\/#primaryimage\"},\"image\":{\"@id\":\"https:\\\/\\\/politicosaldesnudo.com.mx\\\/index.php\\\/2022\\\/11\\\/17\\\/calo-hondo-la-defensa-del-ine\\\/#primaryimage\"},\"thumbnailUrl\":\"https:\\\/\\\/i0.wp.com\\\/politicosaldesnudo.com.mx\\\/wp-content\\\/uploads\\\/2022\\\/04\\\/LUIS-RAMI%CC%81REZ-BAQUEIRO.png?fit=1816%2C1016&ssl=1\",\"datePublished\":\"2022-11-17T12:54:38+00:00\",\"dateModified\":\"2022-11-17T12:55:06+00:00\",\"breadcrumb\":{\"@id\":\"https:\\\/\\\/politicosaldesnudo.com.mx\\\/index.php\\\/2022\\\/11\\\/17\\\/calo-hondo-la-defensa-del-ine\\\/#breadcrumb\"},\"inLanguage\":\"es\",\"potentialAction\":[{\"@type\":\"ReadAction\",\"target\":[\"https:\\\/\\\/politicosaldesnudo.com.mx\\\/index.php\\\/2022\\\/11\\\/17\\\/calo-hondo-la-defensa-del-ine\\\/\"]}]},{\"@type\":\"ImageObject\",\"inLanguage\":\"es\",\"@id\":\"https:\\\/\\\/politicosaldesnudo.com.mx\\\/index.php\\\/2022\\\/11\\\/17\\\/calo-hondo-la-defensa-del-ine\\\/#primaryimage\",\"url\":\"https:\\\/\\\/i0.wp.com\\\/politicosaldesnudo.com.mx\\\/wp-content\\\/uploads\\\/2022\\\/04\\\/LUIS-RAMI%CC%81REZ-BAQUEIRO.png?fit=1816%2C1016&ssl=1\",\"contentUrl\":\"https:\\\/\\\/i0.wp.com\\\/politicosaldesnudo.com.mx\\\/wp-content\\\/uploads\\\/2022\\\/04\\\/LUIS-RAMI%CC%81REZ-BAQUEIRO.png?fit=1816%2C1016&ssl=1\",\"width\":1816,\"height\":1016},{\"@type\":\"BreadcrumbList\",\"@id\":\"https:\\\/\\\/politicosaldesnudo.com.mx\\\/index.php\\\/2022\\\/11\\\/17\\\/calo-hondo-la-defensa-del-ine\\\/#breadcrumb\",\"itemListElement\":[{\"@type\":\"ListItem\",\"position\":1,\"name\":\"Portada\",\"item\":\"https:\\\/\\\/politicosaldesnudo.com.mx\\\/\"},{\"@type\":\"ListItem\",\"position\":2,\"name\":\"Cal\u00f3 hondo la defensa del INE\"}]},{\"@type\":\"WebSite\",\"@id\":\"https:\\\/\\\/politicosaldesnudo.com.mx\\\/#website\",\"url\":\"https:\\\/\\\/politicosaldesnudo.com.mx\\\/\",\"name\":\"Pol\u00edticos al Desnudo\",\"description\":\"\",\"publisher\":{\"@id\":\"https:\\\/\\\/politicosaldesnudo.com.mx\\\/#organization\"},\"potentialAction\":[{\"@type\":\"SearchAction\",\"target\":{\"@type\":\"EntryPoint\",\"urlTemplate\":\"https:\\\/\\\/politicosaldesnudo.com.mx\\\/?s={search_term_string}\"},\"query-input\":{\"@type\":\"PropertyValueSpecification\",\"valueRequired\":true,\"valueName\":\"search_term_string\"}}],\"inLanguage\":\"es\"},{\"@type\":\"Organization\",\"@id\":\"https:\\\/\\\/politicosaldesnudo.com.mx\\\/#organization\",\"name\":\"Pol\u00edticos al Desnudo\",\"url\":\"https:\\\/\\\/politicosaldesnudo.com.mx\\\/\",\"logo\":{\"@type\":\"ImageObject\",\"inLanguage\":\"es\",\"@id\":\"https:\\\/\\\/politicosaldesnudo.com.mx\\\/#\\\/schema\\\/logo\\\/image\\\/\",\"url\":\"https:\\\/\\\/i0.wp.com\\\/politicosaldesnudo.com.mx\\\/wp-content\\\/uploads\\\/2026\\\/08\\\/cropped-logo.webp?fit=400%2C126&ssl=1\",\"contentUrl\":\"https:\\\/\\\/i0.wp.com\\\/politicosaldesnudo.com.mx\\\/wp-content\\\/uploads\\\/2026\\\/08\\\/cropped-logo.webp?fit=400%2C126&ssl=1\",\"width\":400,\"height\":126,\"caption\":\"Pol\u00edticos al Desnudo\"},\"image\":{\"@id\":\"https:\\\/\\\/politicosaldesnudo.com.mx\\\/#\\\/schema\\\/logo\\\/image\\\/\"},\"sameAs\":[\"https:\\\/\\\/www.facebook.com\\\/PoliticosAD\"]},{\"@type\":\"Person\",\"@id\":\"https:\\\/\\\/politicosaldesnudo.com.mx\\\/#\\\/schema\\\/person\\\/ef3a64e561cc3f3f5dc52fab81adde7e\",\"name\":\"Redacci\u00f3n Pol\u00edticos\",\"url\":\"https:\\\/\\\/politicosaldesnudo.com.mx\\\/index.php\\\/author\\\/redaccion-politicos\\\/\"}]}<\/script>\n<!-- \/ Yoast SEO plugin. -->","yoast_head_json":{"title":"Cal\u00f3 hondo la defensa del INE - Pol\u00edticos al Desnudo","robots":{"index":"index","follow":"follow","max-snippet":"max-snippet:-1","max-image-preview":"max-image-preview:large","max-video-preview":"max-video-preview:-1"},"canonical":"https:\/\/politicosaldesnudo.com.mx\/index.php\/2022\/11\/17\/calo-hondo-la-defensa-del-ine\/","og_locale":"es_ES","og_type":"article","og_title":"Cal\u00f3 hondo la defensa del INE - Pol\u00edticos al Desnudo","og_description":"&nbsp; &nbsp; Por Luis Ram\u00edrez Baqueiro &nbsp; &nbsp; \u201cCuando el dolor es insoportable, nos destruye; cuando no nos destruye, es [&hellip;]","og_url":"https:\/\/politicosaldesnudo.com.mx\/index.php\/2022\/11\/17\/calo-hondo-la-defensa-del-ine\/","og_site_name":"Pol\u00edticos al Desnudo","article_publisher":"https:\/\/www.facebook.com\/PoliticosAD","article_published_time":"2022-11-17T12:54:38+00:00","article_modified_time":"2022-11-17T12:55:06+00:00","og_image":[{"width":1816,"height":1016,"url":"https:\/\/i0.wp.com\/politicosaldesnudo.com.mx\/wp-content\/uploads\/2022\/04\/LUIS-RAMI%CC%81REZ-BAQUEIRO.png?fit=1816%2C1016&ssl=1","type":"image\/png"}],"author":"Redacci\u00f3n Pol\u00edticos","twitter_card":"summary_large_image","twitter_misc":{"Escrito por":"Redacci\u00f3n Pol\u00edticos","Tiempo de lectura":"2 minutos"},"schema":{"@context":"https:\/\/schema.org","@graph":[{"@type":"Article","@id":"https:\/\/politicosaldesnudo.com.mx\/index.php\/2022\/11\/17\/calo-hondo-la-defensa-del-ine\/#article","isPartOf":{"@id":"https:\/\/politicosaldesnudo.com.mx\/index.php\/2022\/11\/17\/calo-hondo-la-defensa-del-ine\/"},"author":{"name":"Redacci\u00f3n Pol\u00edticos","@id":"https:\/\/politicosaldesnudo.com.mx\/#\/schema\/person\/ef3a64e561cc3f3f5dc52fab81adde7e"},"headline":"Cal\u00f3 hondo la defensa del INE","datePublished":"2022-11-17T12:54:38+00:00","dateModified":"2022-11-17T12:55:06+00:00","mainEntityOfPage":{"@id":"https:\/\/politicosaldesnudo.com.mx\/index.php\/2022\/11\/17\/calo-hondo-la-defensa-del-ine\/"},"wordCount":411,"publisher":{"@id":"https:\/\/politicosaldesnudo.com.mx\/#organization"},"image":{"@id":"https:\/\/politicosaldesnudo.com.mx\/index.php\/2022\/11\/17\/calo-hondo-la-defensa-del-ine\/#primaryimage"},"thumbnailUrl":"https:\/\/i0.wp.com\/politicosaldesnudo.com.mx\/wp-content\/uploads\/2022\/04\/LUIS-RAMI%CC%81REZ-BAQUEIRO.png?fit=1816%2C1016&ssl=1","articleSection":["OPINI\u00d3N"],"inLanguage":"es"},{"@type":"WebPage","@id":"https:\/\/politicosaldesnudo.com.mx\/index.php\/2022\/11\/17\/calo-hondo-la-defensa-del-ine\/","url":"https:\/\/politicosaldesnudo.com.mx\/index.php\/2022\/11\/17\/calo-hondo-la-defensa-del-ine\/","name":"Cal\u00f3 hondo la defensa del INE - Pol\u00edticos al Desnudo","isPartOf":{"@id":"https:\/\/politicosaldesnudo.com.mx\/#website"},"primaryImageOfPage":{"@id":"https:\/\/politicosaldesnudo.com.mx\/index.php\/2022\/11\/17\/calo-hondo-la-defensa-del-ine\/#primaryimage"},"image":{"@id":"https:\/\/politicosaldesnudo.com.mx\/index.php\/2022\/11\/17\/calo-hondo-la-defensa-del-ine\/#primaryimage"},"thumbnailUrl":"https:\/\/i0.wp.com\/politicosaldesnudo.com.mx\/wp-content\/uploads\/2022\/04\/LUIS-RAMI%CC%81REZ-BAQUEIRO.png?fit=1816%2C1016&ssl=1","datePublished":"2022-11-17T12:54:38+00:00","dateModified":"2022-11-17T12:55:06+00:00","breadcrumb":{"@id":"https:\/\/politicosaldesnudo.com.mx\/index.php\/2022\/11\/17\/calo-hondo-la-defensa-del-ine\/#breadcrumb"},"inLanguage":"es","potentialAction":[{"@type":"ReadAction","target":["https:\/\/politicosaldesnudo.com.mx\/index.php\/2022\/11\/17\/calo-hondo-la-defensa-del-ine\/"]}]},{"@type":"ImageObject","inLanguage":"es","@id":"https:\/\/politicosaldesnudo.com.mx\/index.php\/2022\/11\/17\/calo-hondo-la-defensa-del-ine\/#primaryimage","url":"https:\/\/i0.wp.com\/politicosaldesnudo.com.mx\/wp-content\/uploads\/2022\/04\/LUIS-RAMI%CC%81REZ-BAQUEIRO.png?fit=1816%2C1016&ssl=1","contentUrl":"https:\/\/i0.wp.com\/politicosaldesnudo.com.mx\/wp-content\/uploads\/2022\/04\/LUIS-RAMI%CC%81REZ-BAQUEIRO.png?fit=1816%2C1016&ssl=1","width":1816,"height":1016},{"@type":"BreadcrumbList","@id":"https:\/\/politicosaldesnudo.com.mx\/index.php\/2022\/11\/17\/calo-hondo-la-defensa-del-ine\/#breadcrumb","itemListElement":[{"@type":"ListItem","position":1,"name":"Portada","item":"https:\/\/politicosaldesnudo.com.mx\/"},{"@type":"ListItem","position":2,"name":"Cal\u00f3 hondo la defensa del INE"}]},{"@type":"WebSite","@id":"https:\/\/politicosaldesnudo.com.mx\/#website","url":"https:\/\/politicosaldesnudo.com.mx\/","name":"Pol\u00edticos al Desnudo","description":"","publisher":{"@id":"https:\/\/politicosaldesnudo.com.mx\/#organization"},"potentialAction":[{"@type":"SearchAction","target":{"@type":"EntryPoint","urlTemplate":"https:\/\/politicosaldesnudo.com.mx\/?s={search_term_string}"},"query-input":{"@type":"PropertyValueSpecification","valueRequired":true,"valueName":"search_term_string"}}],"inLanguage":"es"},{"@type":"Organization","@id":"https:\/\/politicosaldesnudo.com.mx\/#organization","name":"Pol\u00edticos al Desnudo","url":"https:\/\/politicosaldesnudo.com.mx\/","logo":{"@type":"ImageObject","inLanguage":"es","@id":"https:\/\/politicosaldesnudo.com.mx\/#\/schema\/logo\/image\/","url":"https:\/\/i0.wp.com\/politicosaldesnudo.com.mx\/wp-content\/uploads\/2026\/08\/cropped-logo.webp?fit=400%2C126&ssl=1","contentUrl":"https:\/\/i0.wp.com\/politicosaldesnudo.com.mx\/wp-content\/uploads\/2026\/08\/cropped-logo.webp?fit=400%2C126&ssl=1","width":400,"height":126,"caption":"Pol\u00edticos al Desnudo"},"image":{"@id":"https:\/\/politicosaldesnudo.com.mx\/#\/schema\/logo\/image\/"},"sameAs":["https:\/\/www.facebook.com\/PoliticosAD"]},{"@type":"Person","@id":"https:\/\/politicosaldesnudo.com.mx\/#\/schema\/person\/ef3a64e561cc3f3f5dc52fab81adde7e","name":"Redacci\u00f3n Pol\u00edticos","url":"https:\/\/politicosaldesnudo.com.mx\/index.php\/author\/redaccion-politicos\/"}]}},"jetpack_publicize_connections":[],"jetpack-related-posts":[{"id":87126,"url":"https:\/\/politicosaldesnudo.com.mx\/index.php\/2026\/07\/23\/tepjf-determina-que-partido-paz-soborno-a-personas-para-asistir-a-asambleas-en-jalisco\/","url_meta":{"origin":12662,"position":0},"title":"TEPJF determina que partido PAZ soborn\u00f3 a personas para asistir a asambleas en Jalisco","author":"Redacci\u00f3n Pol\u00edticos","date":"23 de julio de 2026","format":false,"excerpt":"En seguimiento a las impugnaciones relacionadas con los nuevos partidos pol\u00edticos, la Sala Superior del Tribunal Electoral del Poder Judicial de la Federaci\u00f3n (TEPJF) concluy\u00f3 que la asociaci\u00f3n Construyendo Sociedades de Paz, hoy partido PAZ, s\u00ed ofreci\u00f3 despensas a cambio de que las personas acudieran a una asamblea. En otro\u2026","rel":"","context":"En \u00abNACIONAL\u00bb","block_context":{"text":"NACIONAL","link":"https:\/\/politicosaldesnudo.com.mx\/index.php\/category\/nacional\/"},"img":{"alt_text":"","src":"https:\/\/i0.wp.com\/politicosaldesnudo.com.mx\/wp-content\/uploads\/2026\/07\/SOB.webp?fit=1200%2C741&ssl=1&resize=350%2C200","width":350,"height":200,"srcset":"https:\/\/i0.wp.com\/politicosaldesnudo.com.mx\/wp-content\/uploads\/2026\/07\/SOB.webp?fit=1200%2C741&ssl=1&resize=350%2C200 1x, https:\/\/i0.wp.com\/politicosaldesnudo.com.mx\/wp-content\/uploads\/2026\/07\/SOB.webp?fit=1200%2C741&ssl=1&resize=525%2C300 1.5x, https:\/\/i0.wp.com\/politicosaldesnudo.com.mx\/wp-content\/uploads\/2026\/07\/SOB.webp?fit=1200%2C741&ssl=1&resize=700%2C400 2x, https:\/\/i0.wp.com\/politicosaldesnudo.com.mx\/wp-content\/uploads\/2026\/07\/SOB.webp?fit=1200%2C741&ssl=1&resize=1050%2C600 3x"},"classes":[]},{"id":13905,"url":"https:\/\/politicosaldesnudo.com.mx\/index.php\/2022\/12\/19\/cae-el-cartel-del-ine-y-el-futbolero-cuando\/","url_meta":{"origin":12662,"position":1},"title":"Cae el c\u00e1rtel del INE y el futbolero \u00bfcu\u00e1ndo?","author":"Redacci\u00f3n Pol\u00edticos","date":"19 de diciembre de 2022","format":false,"excerpt":"\u00a0 Por Jos\u00e9 Lima Cobos\u00a0 Segunda Parte \u00a0 En el pa\u00eds se ha formado y fortalecidos con los varios c\u00e1rteles que, lo mismo sirven para la defraudaci\u00f3n fiscal o tr\u00e1fico de personas\u00a0 o drogas, o bien cualquiera de las otras linduras que se forman\u00a0 o constituyen en la legalidad gubernamental\u2026","rel":"","context":"En \u00abOPINI\u00d3N\u00bb","block_context":{"text":"OPINI\u00d3N","link":"https:\/\/politicosaldesnudo.com.mx\/index.php\/category\/columnistas\/"},"img":{"alt_text":"","src":"https:\/\/i0.wp.com\/politicosaldesnudo.com.mx\/wp-content\/uploads\/2022\/04\/JOSE%CC%81-LIMA-COBOS.png?fit=1200%2C671&ssl=1&resize=350%2C200","width":350,"height":200,"srcset":"https:\/\/i0.wp.com\/politicosaldesnudo.com.mx\/wp-content\/uploads\/2022\/04\/JOSE%CC%81-LIMA-COBOS.png?fit=1200%2C671&ssl=1&resize=350%2C200 1x, https:\/\/i0.wp.com\/politicosaldesnudo.com.mx\/wp-content\/uploads\/2022\/04\/JOSE%CC%81-LIMA-COBOS.png?fit=1200%2C671&ssl=1&resize=525%2C300 1.5x, https:\/\/i0.wp.com\/politicosaldesnudo.com.mx\/wp-content\/uploads\/2022\/04\/JOSE%CC%81-LIMA-COBOS.png?fit=1200%2C671&ssl=1&resize=700%2C400 2x, https:\/\/i0.wp.com\/politicosaldesnudo.com.mx\/wp-content\/uploads\/2022\/04\/JOSE%CC%81-LIMA-COBOS.png?fit=1200%2C671&ssl=1&resize=1050%2C600 3x"},"classes":[]},{"id":88025,"url":"https:\/\/politicosaldesnudo.com.mx\/index.php\/2026\/08\/24\/lopez-obrador-presiona-menos-y-defiende-a-andy\/","url_meta":{"origin":12662,"position":2},"title":"L\u00f3pez Obrador presiona menos y defiende a &#8216;Andy&#8217;","author":"Redacci\u00f3n Pol\u00edticos","date":"24 de agosto de 2026","format":false,"excerpt":"TEL\u00c9FONO ROJO Por Jos\u00e9 Ure\u00f1a La oportunidad la perciben los claudistas. La din\u00e1mica actual, con la visa de\u00a0Andr\u00e9s Manuel L\u00f3pez Beltr\u00e1n\u00a0como esc\u00e1ndalo central, abre espacios de libertad operativa al gobierno. Palacio Nacional, por no decir todo el y los gobiernos y el activismo partidista, est\u00e1 dedicado a defender al j\u00fanior\u2026","rel":"","context":"En \u00abOPINI\u00d3N\u00bb","block_context":{"text":"OPINI\u00d3N","link":"https:\/\/politicosaldesnudo.com.mx\/index.php\/category\/columnistas\/"},"img":{"alt_text":"","src":"https:\/\/i0.wp.com\/politicosaldesnudo.com.mx\/wp-content\/uploads\/2026\/08\/tel-rojo-2408-scaled.png?fit=1200%2C659&ssl=1&resize=350%2C200","width":350,"height":200,"srcset":"https:\/\/i0.wp.com\/politicosaldesnudo.com.mx\/wp-content\/uploads\/2026\/08\/tel-rojo-2408-scaled.png?fit=1200%2C659&ssl=1&resize=350%2C200 1x, https:\/\/i0.wp.com\/politicosaldesnudo.com.mx\/wp-content\/uploads\/2026\/08\/tel-rojo-2408-scaled.png?fit=1200%2C659&ssl=1&resize=525%2C300 1.5x, https:\/\/i0.wp.com\/politicosaldesnudo.com.mx\/wp-content\/uploads\/2026\/08\/tel-rojo-2408-scaled.png?fit=1200%2C659&ssl=1&resize=700%2C400 2x, https:\/\/i0.wp.com\/politicosaldesnudo.com.mx\/wp-content\/uploads\/2026\/08\/tel-rojo-2408-scaled.png?fit=1200%2C659&ssl=1&resize=1050%2C600 3x"},"classes":[]},{"id":28811,"url":"https:\/\/politicosaldesnudo.com.mx\/index.php\/2024\/01\/08\/va-lozoya-por-nuevo-amparo-contra-negativa-a-seguir-juicio-en-libertad\/","url_meta":{"origin":12662,"position":3},"title":"Va Lozoya por nuevo amparo contra negativa a seguir juicio en libertad","author":"Redacci\u00f3n Pol\u00edticos","date":"8 de enero de 2024","format":false,"excerpt":"Emilio Lozoya Austin, ex director de Petr\u00f3leos Mexicanos (Pemex), promovi\u00f3 un nuevo juicio de amparo contra la resoluci\u00f3n de un juez federal que le neg\u00f3 el cambio de medida cautelar para seguir su juicio en libertad por el caso Odebrecht. El ex funcionario inicio el juicio de amparo el pasado\u2026","rel":"","context":"En \u00abNACIONAL\u00bb","block_context":{"text":"NACIONAL","link":"https:\/\/politicosaldesnudo.com.mx\/index.php\/category\/nacional\/"},"img":{"alt_text":"","src":"https:\/\/i0.wp.com\/politicosaldesnudo.com.mx\/wp-content\/uploads\/2024\/01\/emilio-lozoya-2.jpeg?fit=1131%2C645&ssl=1&resize=350%2C200","width":350,"height":200,"srcset":"https:\/\/i0.wp.com\/politicosaldesnudo.com.mx\/wp-content\/uploads\/2024\/01\/emilio-lozoya-2.jpeg?fit=1131%2C645&ssl=1&resize=350%2C200 1x, https:\/\/i0.wp.com\/politicosaldesnudo.com.mx\/wp-content\/uploads\/2024\/01\/emilio-lozoya-2.jpeg?fit=1131%2C645&ssl=1&resize=525%2C300 1.5x, https:\/\/i0.wp.com\/politicosaldesnudo.com.mx\/wp-content\/uploads\/2024\/01\/emilio-lozoya-2.jpeg?fit=1131%2C645&ssl=1&resize=700%2C400 2x, https:\/\/i0.wp.com\/politicosaldesnudo.com.mx\/wp-content\/uploads\/2024\/01\/emilio-lozoya-2.jpeg?fit=1131%2C645&ssl=1&resize=1050%2C600 3x"},"classes":[]},{"id":87986,"url":"https:\/\/politicosaldesnudo.com.mx\/index.php\/2026\/08\/22\/macron-desafia-a-putin-francia-enviara-mas-misiles-para-proteger-a-ucrania\/","url_meta":{"origin":12662,"position":4},"title":"Macron desaf\u00eda a Putin: Francia enviar\u00e1 m\u00e1s misiles para proteger a Ucrania","author":"Redacci\u00f3n Pol\u00edticos","date":"22 de agosto de 2026","format":false,"excerpt":"Francia enviar\u00e1 nuevos misiles interceptores y acelerar\u00e1 la entrega de equipos militares a Ucrania, en respuesta a la reciente intensificaci\u00f3n de los ataques rusos contra ciudades e infraestructura civil. El presidente Emmanuel Macron confirm\u00f3 el apoyo despu\u00e9s de mantener una conversaci\u00f3n telef\u00f3nica de casi dos horas con su hom\u00f3logo ucraniano,\u2026","rel":"","context":"En \u00abINTERNACIONAL\u00bb","block_context":{"text":"INTERNACIONAL","link":"https:\/\/politicosaldesnudo.com.mx\/index.php\/category\/internacional\/"},"img":{"alt_text":"","src":"https:\/\/politicosaldesnudo.com.mx\/wp-content\/uploads\/2026\/08\/UZGCVPJBNJDS3O7ZRFP6WVEPYI.avif","width":350,"height":200,"srcset":"https:\/\/politicosaldesnudo.com.mx\/wp-content\/uploads\/2026\/08\/UZGCVPJBNJDS3O7ZRFP6WVEPYI.avif 1x, https:\/\/politicosaldesnudo.com.mx\/wp-content\/uploads\/2026\/08\/UZGCVPJBNJDS3O7ZRFP6WVEPYI.avif 1.5x, https:\/\/politicosaldesnudo.com.mx\/wp-content\/uploads\/2026\/08\/UZGCVPJBNJDS3O7ZRFP6WVEPYI.avif 2x"},"classes":[]},{"id":49738,"url":"https:\/\/politicosaldesnudo.com.mx\/index.php\/2024\/11\/04\/el-pan-sin-proyecto-ni-rumbo\/","url_meta":{"origin":12662,"position":5},"title":"EL PAN, SIN PROYECTO NI RUMBO","author":"Redacci\u00f3n Pol\u00edticos","date":"4 de noviembre de 2024","format":false,"excerpt":"Por Francisco Blanco Calder\u00f3n En relaci\u00f3n al D\u00eda de Muertos, corresponde, ahora, a los partidos pol\u00edticos que fenecen al desvincularse del pueblo y saquear\u00a0 sus recursos energ\u00e9ticos y naturales en forma c\u00ednica y despiadada, cobijados en una corrupci\u00f3n sin parang\u00f3n \u00edntimamente vinculados al crimen organizado, a los grandes capitales de\u2026","rel":"","context":"En \u00abOPINI\u00d3N\u00bb","block_context":{"text":"OPINI\u00d3N","link":"https:\/\/politicosaldesnudo.com.mx\/index.php\/category\/columnistas\/"},"img":{"alt_text":"","src":"https:\/\/i0.wp.com\/politicosaldesnudo.com.mx\/wp-content\/uploads\/2024\/10\/ESCENARIOS-1.jpg?fit=800%2C448&ssl=1&resize=350%2C200","width":350,"height":200,"srcset":"https:\/\/i0.wp.com\/politicosaldesnudo.com.mx\/wp-content\/uploads\/2024\/10\/ESCENARIOS-1.jpg?fit=800%2C448&ssl=1&resize=350%2C200 1x, https:\/\/i0.wp.com\/politicosaldesnudo.com.mx\/wp-content\/uploads\/2024\/10\/ESCENARIOS-1.jpg?fit=800%2C448&ssl=1&resize=525%2C300 1.5x, https:\/\/i0.wp.com\/politicosaldesnudo.com.mx\/wp-content\/uploads\/2024\/10\/ESCENARIOS-1.jpg?fit=800%2C448&ssl=1&resize=700%2C400 2x"},"classes":[]}],"jetpack_sharing_enabled":true,"jetpack_featured_media_url":"https:\/\/i0.wp.com\/politicosaldesnudo.com.mx\/wp-content\/uploads\/2022\/04\/LUIS-RAMI%CC%81REZ-BAQUEIRO.png?fit=1816%2C1016&ssl=1","_links":{"self":[{"href":"https:\/\/politicosaldesnudo.com.mx\/index.php\/wp-json\/wp\/v2\/posts\/12662","targetHints":{"allow":["GET"]}}],"collection":[{"href":"https:\/\/politicosaldesnudo.com.mx\/index.php\/wp-json\/wp\/v2\/posts"}],"about":[{"href":"https:\/\/politicosaldesnudo.com.mx\/index.php\/wp-json\/wp\/v2\/types\/post"}],"author":[{"embeddable":true,"href":"https:\/\/politicosaldesnudo.com.mx\/index.php\/wp-json\/wp\/v2\/users\/4"}],"replies":[{"embeddable":true,"href":"https:\/\/politicosaldesnudo.com.mx\/index.php\/wp-json\/wp\/v2\/comments?post=12662"}],"version-history":[{"count":0,"href":"https:\/\/politicosaldesnudo.com.mx\/index.php\/wp-json\/wp\/v2\/posts\/12662\/revisions"}],"wp:featuredmedia":[{"embeddable":true,"href":"https:\/\/politicosaldesnudo.com.mx\/index.php\/wp-json\/wp\/v2\/media\/4390"}],"wp:attachment":[{"href":"https:\/\/politicosaldesnudo.com.mx\/index.php\/wp-json\/wp\/v2\/media?parent=12662"}],"wp:term":[{"taxonomy":"category","embeddable":true,"href":"https:\/\/politicosaldesnudo.com.mx\/index.php\/wp-json\/wp\/v2\/categories?post=12662"},{"taxonomy":"post_tag","embeddable":true,"href":"https:\/\/politicosaldesnudo.com.mx\/index.php\/wp-json\/wp\/v2\/tags?post=12662"}],"curies":[{"name":"wp","href":"https:\/\/api.w.org\/{rel}","templated":true}]}}