{"id":12780,"date":"2022-11-21T01:30:09","date_gmt":"2022-11-21T07:30:09","guid":{"rendered":"https:\/\/politicosaldesnudo.com.mx\/?p=12780"},"modified":"2022-11-21T01:02:24","modified_gmt":"2022-11-21T07:02:24","slug":"celebrara-tuxpan-66-aniversario-de-salida-de-expedicionarios-cubanos-en-el-yate-granma","status":"publish","type":"post","link":"https:\/\/politicosaldesnudo.com.mx\/index.php\/2022\/11\/21\/celebrara-tuxpan-66-aniversario-de-salida-de-expedicionarios-cubanos-en-el-yate-granma\/","title":{"rendered":"Celebrar\u00e1 Tuxpan 66 Aniversario de salida de expedicionarios cubanos en el yate \u201cGranma\u201d"},"content":{"rendered":"<p>&nbsp;<\/p>\n<p class=\"p1\"><span style=\"font-size: 18pt;\"><strong>&lt;&lt; 25 y 26 de noviembre el municipio conmemorar\u00e1 hist\u00f3rica partida que inicio la Revoluci\u00f3n Cubana &gt;&gt;<\/strong><\/span><\/p>\n<p class=\"p1\"><span style=\"font-size: 18pt;\"><strong>&lt;&lt; Estar\u00e1 presente el Gobernador Cuitl\u00e1huac Garc\u00eda Jim\u00e9nez y el embajador de Cuba Marcos Rodr\u00edguez Costa &gt;&gt;<\/strong><\/span><\/p>\n<p>&nbsp;<\/p>\n<p>&nbsp;<\/p>\n<p class=\"p1\"><span style=\"font-size: 14pt;\"><em><strong>TUXPAN, VERACRUZ.<\/strong> <\/em>El pr\u00f3ximo 25 y 26 de noviembre se conmemorar\u00e1 en esta ciudad el 66\u00b0 Aniversario de la salida de los expedicionarios<span class=\"Apple-converted-space\">\u00a0 <\/span>cubanos en el yate \u201cGranma\u201d, desde Santiago de la Pe\u00f1a, hacia Las Coloradas, Cuba.<\/span><\/p>\n<p class=\"p1\"><span style=\"font-size: 18pt;\"><strong>En el evento se contar\u00e1 con la asistencia del gobernador Cuitl\u00e1huac Garc\u00eda Jim\u00e9nez; del embajador de la rep\u00fablica de Cuba, Marcos Rodr\u00edguez Costa y del presidente municipal Jos\u00e9 Manuel Pozos Castro.<\/strong><\/span><\/p>\n<p>&nbsp;<\/p>\n<p><img data-recalc-dims=\"1\" loading=\"lazy\" decoding=\"async\" class=\"aligncenter wp-image-12782 size-large\" src=\"https:\/\/i0.wp.com\/politicosaldesnudo.com.mx\/wp-content\/uploads\/2022\/11\/P-CONMEMORACION-GRANMA-1-1024x573.png?resize=800%2C448&#038;ssl=1\" alt=\"\" width=\"800\" height=\"448\" srcset=\"https:\/\/i0.wp.com\/politicosaldesnudo.com.mx\/wp-content\/uploads\/2022\/11\/P-CONMEMORACION-GRANMA-1.png?resize=1024%2C573&amp;ssl=1 1024w, https:\/\/i0.wp.com\/politicosaldesnudo.com.mx\/wp-content\/uploads\/2022\/11\/P-CONMEMORACION-GRANMA-1.png?resize=300%2C168&amp;ssl=1 300w, https:\/\/i0.wp.com\/politicosaldesnudo.com.mx\/wp-content\/uploads\/2022\/11\/P-CONMEMORACION-GRANMA-1.png?resize=768%2C430&amp;ssl=1 768w, https:\/\/i0.wp.com\/politicosaldesnudo.com.mx\/wp-content\/uploads\/2022\/11\/P-CONMEMORACION-GRANMA-1.png?resize=1536%2C859&amp;ssl=1 1536w, https:\/\/i0.wp.com\/politicosaldesnudo.com.mx\/wp-content\/uploads\/2022\/11\/P-CONMEMORACION-GRANMA-1.png?w=1816&amp;ssl=1 1816w, https:\/\/i0.wp.com\/politicosaldesnudo.com.mx\/wp-content\/uploads\/2022\/11\/P-CONMEMORACION-GRANMA-1.png?w=1600&amp;ssl=1 1600w\" sizes=\"auto, (max-width: 800px) 100vw, 800px\" \/><\/p>\n<p>&nbsp;<\/p>\n<p class=\"p1\"><span style=\"font-size: 18pt; color: #139eca;\"><strong>Como se recordar\u00e1, el 25 de noviembre de 1956 el \u201cGranma\u201d zarp\u00f3 de Tuxpan con Fidel y Ra\u00fal Castro, Ernesto El \u201cCh\u00e9\u201d Guevara y un grupo de 79 personas m\u00e1s, que d\u00edas m\u00e1s tarde iniciar\u00edan la lucha revolucionaria en la Sierra Maestra y posterior derrocamiento de la dictadura.<\/strong><\/span><\/p>\n<p>&nbsp;<\/p>\n<p><img data-recalc-dims=\"1\" loading=\"lazy\" decoding=\"async\" class=\"aligncenter wp-image-12783 size-large\" src=\"https:\/\/i0.wp.com\/politicosaldesnudo.com.mx\/wp-content\/uploads\/2022\/11\/P-CONMEMORACION-GRANMA-2-1024x573.png?resize=800%2C448&#038;ssl=1\" alt=\"\" width=\"800\" height=\"448\" srcset=\"https:\/\/i0.wp.com\/politicosaldesnudo.com.mx\/wp-content\/uploads\/2022\/11\/P-CONMEMORACION-GRANMA-2.png?resize=1024%2C573&amp;ssl=1 1024w, https:\/\/i0.wp.com\/politicosaldesnudo.com.mx\/wp-content\/uploads\/2022\/11\/P-CONMEMORACION-GRANMA-2.png?resize=300%2C168&amp;ssl=1 300w, https:\/\/i0.wp.com\/politicosaldesnudo.com.mx\/wp-content\/uploads\/2022\/11\/P-CONMEMORACION-GRANMA-2.png?resize=768%2C430&amp;ssl=1 768w, https:\/\/i0.wp.com\/politicosaldesnudo.com.mx\/wp-content\/uploads\/2022\/11\/P-CONMEMORACION-GRANMA-2.png?resize=1536%2C859&amp;ssl=1 1536w, https:\/\/i0.wp.com\/politicosaldesnudo.com.mx\/wp-content\/uploads\/2022\/11\/P-CONMEMORACION-GRANMA-2.png?w=1816&amp;ssl=1 1816w, https:\/\/i0.wp.com\/politicosaldesnudo.com.mx\/wp-content\/uploads\/2022\/11\/P-CONMEMORACION-GRANMA-2.png?w=1600&amp;ssl=1 1600w\" sizes=\"auto, (max-width: 800px) 100vw, 800px\" \/><\/p>\n<p>&nbsp;<\/p>\n<p>&nbsp;<\/p>\n<p><img data-recalc-dims=\"1\" loading=\"lazy\" decoding=\"async\" class=\"aligncenter wp-image-12781 size-large\" src=\"https:\/\/i0.wp.com\/politicosaldesnudo.com.mx\/wp-content\/uploads\/2022\/11\/WhatsApp-Image-2022-11-20-at-4.17.47-PM-1024x1024.jpeg?resize=800%2C800&#038;ssl=1\" alt=\"\" width=\"800\" height=\"800\" srcset=\"https:\/\/i0.wp.com\/politicosaldesnudo.com.mx\/wp-content\/uploads\/2022\/11\/WhatsApp-Image-2022-11-20-at-4.17.47-PM.jpeg?resize=1024%2C1024&amp;ssl=1 1024w, https:\/\/i0.wp.com\/politicosaldesnudo.com.mx\/wp-content\/uploads\/2022\/11\/WhatsApp-Image-2022-11-20-at-4.17.47-PM.jpeg?resize=300%2C300&amp;ssl=1 300w, https:\/\/i0.wp.com\/politicosaldesnudo.com.mx\/wp-content\/uploads\/2022\/11\/WhatsApp-Image-2022-11-20-at-4.17.47-PM.jpeg?resize=150%2C150&amp;ssl=1 150w, https:\/\/i0.wp.com\/politicosaldesnudo.com.mx\/wp-content\/uploads\/2022\/11\/WhatsApp-Image-2022-11-20-at-4.17.47-PM.jpeg?resize=768%2C768&amp;ssl=1 768w, https:\/\/i0.wp.com\/politicosaldesnudo.com.mx\/wp-content\/uploads\/2022\/11\/WhatsApp-Image-2022-11-20-at-4.17.47-PM.jpeg?w=1280&amp;ssl=1 1280w\" sizes=\"auto, (max-width: 800px) 100vw, 800px\" \/><\/p>\n<p>&nbsp;<\/p>\n<p>&nbsp;<\/p>\n<p>&nbsp;<\/p>\n<p>&nbsp;<\/p>\n<p>&nbsp;<\/p>\n<p>&nbsp;<\/p>\n<p>&nbsp;<\/p>\n<p>&nbsp;<\/p>\n","protected":false},"excerpt":{"rendered":"<p>&nbsp; &lt;&lt; 25 y 26 de noviembre el municipio conmemorar\u00e1 hist\u00f3rica partida que inicio la Revoluci\u00f3n Cubana &gt;&gt; &lt;&lt; Estar\u00e1<\/p>\n","protected":false},"author":4,"featured_media":12784,"comment_status":"closed","ping_status":"closed","sticky":false,"template":"","format":"standard","meta":{"colormag_page_container_layout":"default_layout","colormag_page_sidebar_layout":"default_layout","_jetpack_memberships_contains_paid_content":false,"footnotes":"","jetpack_publicize_message":"","jetpack_publicize_feature_enabled":true,"jetpack_social_post_already_shared":false,"jetpack_social_options":{"image_generator_settings":{"template":"highway","default_image_id":0,"font":"","enabled":false},"version":2}},"categories":[1082],"tags":[37,124,1815,642,576,1587,70,100],"class_list":["post-12780","post","type-post","status-publish","format-standard","has-post-thumbnail","hentry","category-tuxpan","tag-cuba","tag-cuitlahuac-garcia-jimenez","tag-fidel-castro","tag-granma","tag-jose-manuel-pozos","tag-marco-rodriguez-costa","tag-tuxpan","tag-veracruz"],"jetpack_publicize_connections":[],"jetpack_featured_media_url":"https:\/\/i0.wp.com\/politicosaldesnudo.com.mx\/wp-content\/uploads\/2022\/11\/P-CONMEMORACION-GRANMA-3.png?fit=1816%2C1016&ssl=1","jetpack-related-posts":[],"jetpack_sharing_enabled":true,"_links":{"self":[{"href":"https:\/\/politicosaldesnudo.com.mx\/index.php\/wp-json\/wp\/v2\/posts\/12780","targetHints":{"allow":["GET"]}}],"collection":[{"href":"https:\/\/politicosaldesnudo.com.mx\/index.php\/wp-json\/wp\/v2\/posts"}],"about":[{"href":"https:\/\/politicosaldesnudo.com.mx\/index.php\/wp-json\/wp\/v2\/types\/post"}],"author":[{"embeddable":true,"href":"https:\/\/politicosaldesnudo.com.mx\/index.php\/wp-json\/wp\/v2\/users\/4"}],"replies":[{"embeddable":true,"href":"https:\/\/politicosaldesnudo.com.mx\/index.php\/wp-json\/wp\/v2\/comments?post=12780"}],"version-history":[{"count":0,"href":"https:\/\/politicosaldesnudo.com.mx\/index.php\/wp-json\/wp\/v2\/posts\/12780\/revisions"}],"wp:featuredmedia":[{"embeddable":true,"href":"https:\/\/politicosaldesnudo.com.mx\/index.php\/wp-json\/wp\/v2\/media\/12784"}],"wp:attachment":[{"href":"https:\/\/politicosaldesnudo.com.mx\/index.php\/wp-json\/wp\/v2\/media?parent=12780"}],"wp:term":[{"taxonomy":"category","embeddable":true,"href":"https:\/\/politicosaldesnudo.com.mx\/index.php\/wp-json\/wp\/v2\/categories?post=12780"},{"taxonomy":"post_tag","embeddable":true,"href":"https:\/\/politicosaldesnudo.com.mx\/index.php\/wp-json\/wp\/v2\/tags?post=12780"}],"curies":[{"name":"wp","href":"https:\/\/api.w.org\/{rel}","templated":true}]}}