{"id":12795,"date":"2022-11-21T00:05:25","date_gmt":"2022-11-21T06:05:25","guid":{"rendered":"https:\/\/politicosaldesnudo.com.mx\/?p=12795"},"modified":"2022-11-20T22:59:13","modified_gmt":"2022-11-21T04:59:13","slug":"monreal-ni-renuncia-ni-liderazgo-en-juego","status":"publish","type":"post","link":"https:\/\/politicosaldesnudo.com.mx\/index.php\/2022\/11\/21\/monreal-ni-renuncia-ni-liderazgo-en-juego\/","title":{"rendered":"Monreal: ni renuncia ni liderazgo en juego"},"content":{"rendered":"<p>&nbsp;<\/p>\n<p>&nbsp;<\/p>\n<p class=\"p1\"><span style=\"font-size: 18pt;\"><b>Por Jos\u00e9 Ure\u00f1a<\/b><\/span><\/p>\n<p class=\"p1\"><span style=\"font-size: 14pt;\">Un consejo: No tome el mes de diciembre como fecha definitiva para la cercana renuncia, creen muchos, de Ricardo Monreal al partido del Gobierno.<\/span><\/p>\n<p class=\"p1\"><span style=\"font-size: 14pt;\">No importa su canci\u00f3n desafinada: -Diciembre me gust\u00f3 para que te vayas\u2026 Porque seguramente no ser\u00e1 un cruel adi\u00f3s su Navidad\u2026<\/span><\/p>\n<p class=\"p1\"><span style=\"font-size: 14pt;\">Reflexionemos: Tiene un mandato ganado con voto mayoritario como jefe del control pol\u00edtico -ratificado por 87 compa\u00f1eros, 39 morenistas- del Senado de la Rep\u00fablica, donde ha sido clave al r\u00e9gimen.<\/span><\/p>\n<p class=\"p1\"><span style=\"font-size: 14pt;\">M\u00e9rito suyo han sido muchas reformas, acuerdos y nombramientos a capricho de Palacio Nacional aun contra cualquier l\u00f3gica.<\/span><\/p>\n<p class=\"p1\"><span style=\"font-size: 14pt;\">Pocos lo recuerdan, pero una de las encomiendas m\u00e1s dif\u00edciles fue llevar a la Comisi\u00f3n Nacional de los Derechos Humanos (CNDH) a Rosario Piedra Ibarra.<\/span><\/p>\n<p class=\"p1\"><span style=\"font-size: 14pt;\">Recibi\u00f3 la instrucci\u00f3n presidencial y \u00e9l cumpli\u00f3, aunque de esa manera se enterr\u00f3 a una dign\u00edsima y necesaria instituci\u00f3n para la Rep\u00fablica.<\/span><\/p>\n<p class=\"p1\"><span style=\"font-size: 14pt;\">El pa\u00eds perdi\u00f3 al principal organismo defensor de los derechos fundamentales, pero el r\u00e9gimen l\u00f3pezobradorista asegur\u00f3 una marioneta y un arma contra los disidentes.<\/span><\/p>\n<p class=\"p1\"><span style=\"font-size: 14pt;\">De prueba tenemos su reciente posicionamiento contra el INE de Lorenzo C\u00f3rdova, a m\u00e1s de anticonstitucional, sin respetar los \u00f3rganos de mando de la Comisi\u00f3n.<\/span><\/p>\n<p>&nbsp;<\/p>\n<p class=\"p1\"><span style=\"font-size: 18pt; color: #139eca;\"><b>LA PLENARIA DE ENERO<\/b><\/span><\/p>\n<p class=\"p1\"><span style=\"font-size: 14pt;\">Pero la estrella es Ricardo Monreal. Ha pasado de posiciones independientes a otras abiertamente cr\u00edticas a L\u00f3pez Obrador y de oposici\u00f3n a acciones cuando violan la Constituci\u00f3n.<\/span><\/p>\n<p class=\"p1\"><span style=\"font-size: 14pt;\">Por ello el desd\u00e9n superior, la bater\u00eda de ataques de Layda Sansores y las presiones de Mario Delgado, entre otros, para obligarlo a renunciar.<\/span><\/p>\n<p class=\"p1\"><span style=\"font-size: 14pt;\">\u00c9l ha atizado la especulaci\u00f3n y no es la primera vez. Hace un a\u00f1o ya se hablaba de su fatal destino e inclusive sus adversarios internos le prepararon su relevo en la plenaria de enero pasado.<\/span><\/p>\n<p class=\"p1\"><span style=\"font-size: 14pt;\">Pero en ella ni siquiera se puso en duda su liderazgo y lo ejerci\u00f3 hasta agosto, cuando la especulaci\u00f3n era si sabr\u00eda mantener el control pol\u00edtico del Senado con un presidente af\u00edn.<\/span><\/p>\n<p class=\"p1\"><span style=\"font-size: 14pt;\">\u00c9l impuls\u00f3 al poblano Alejandro Armenta y en una contienda con dos participantes m\u00e1s: el zacatecano Jos\u00e9 Narro y el mexiquense Higinio Mart\u00ednez, presuntamente con respaldo oficial\u2026<\/span><\/p>\n<p class=\"p1\"><span style=\"font-size: 14pt;\">Resultado: Armenta preside el Senado y Ricardo Monreal conserva el liderazgo y la presidencia de la Junta de Coordinaci\u00f3n Pol\u00edtica (Jucopo).<\/span><\/p>\n<p class=\"p1\"><span style=\"font-size: 14pt;\">Y mientras no haya votaci\u00f3n para nuevo l\u00edder, \u00e9l sigue y as\u00ed planea llegar a la plenaria de fines de enero de 2023\u2026 Esa es su apuesta. Lo dif\u00edcil para \u00e9l, si no imposible, ser\u00e1 reconstruir la relaci\u00f3n con L\u00f3pez Obrador.<\/span><\/p>\n<p>&nbsp;<\/p>\n<p class=\"p1\"><span style=\"font-size: 18pt; color: #139eca;\"><b>ALIANZA A LA SOMBRA<\/b><\/span><\/p>\n<p class=\"p1\"><span style=\"font-size: 14pt;\">La reanudaci\u00f3n de la uni\u00f3n opositora en el Estado de M\u00e9xico no es un asunto aislado.<\/span><\/p>\n<p class=\"p1\"><span style=\"font-size: 14pt;\">A la par siguen las negociaciones con la diputada priista Ana Lilia Herrera, quien bajo condiciones est\u00e1 dispuesta a sumarse a la campa\u00f1a de Alejandra del Moral.<\/span><\/p>\n<p class=\"p1\"><span style=\"font-size: 14pt;\">En otra pista se dan di\u00e1logos de PAN, PRI y PRD para adherirse a la segura candidatura de Manolo Jim\u00e9nez en Coahuila en los t\u00e9rminos habidos en Durango, donde Esteban Villegas bati\u00f3 al oficialismo.<\/span><\/p>\n<p class=\"p1\"><span style=\"font-size: 14pt;\">En sus di\u00e1logos tras la marcha dominical, y azuzados por las diatribas presidenciales, los tres dirigentes nacionales -Alejandro Moreno, Marko Cort\u00e9s y Jes\u00fas Zambrano- han reivindicado su deseo de avanzar hacia 2024.<\/span><\/p>\n<p>&nbsp;<\/p>\n<p>&nbsp;<\/p>\n<p><span style=\"font-size: 18pt; color: #319eca;\"><em><strong>**Las columnas firmadas en este medio son responsabilidad de quienes las firman**<\/strong><\/em><\/span><\/p>\n<p>&nbsp;<\/p>\n<p>&nbsp;<\/p>\n<p>&nbsp;<\/p>\n<p>&nbsp;<\/p>\n","protected":false},"excerpt":{"rendered":"<p>&nbsp; &nbsp; Por Jos\u00e9 Ure\u00f1a Un consejo: No tome el mes de diciembre como fecha definitiva para la cercana renuncia,<\/p>\n","protected":false},"author":4,"featured_media":4036,"comment_status":"closed","ping_status":"closed","sticky":false,"template":"","format":"standard","meta":{"colormag_page_container_layout":"default_layout","colormag_page_sidebar_layout":"default_layout","_jetpack_memberships_contains_paid_content":false,"footnotes":"","jetpack_publicize_message":"","jetpack_publicize_feature_enabled":true,"jetpack_social_post_already_shared":false,"jetpack_social_options":{"image_generator_settings":{"template":"highway","default_image_id":0,"font":"","enabled":false},"version":2}},"categories":[26],"tags":[],"class_list":["post-12795","post","type-post","status-publish","format-standard","has-post-thumbnail","hentry","category-columnistas"],"jetpack_publicize_connections":[],"jetpack_featured_media_url":"https:\/\/i0.wp.com\/politicosaldesnudo.com.mx\/wp-content\/uploads\/2022\/04\/JOSE%CC%81-UREN%CC%83A-1.png?fit=1816%2C1016&ssl=1","jetpack-related-posts":[],"jetpack_sharing_enabled":true,"_links":{"self":[{"href":"https:\/\/politicosaldesnudo.com.mx\/index.php\/wp-json\/wp\/v2\/posts\/12795","targetHints":{"allow":["GET"]}}],"collection":[{"href":"https:\/\/politicosaldesnudo.com.mx\/index.php\/wp-json\/wp\/v2\/posts"}],"about":[{"href":"https:\/\/politicosaldesnudo.com.mx\/index.php\/wp-json\/wp\/v2\/types\/post"}],"author":[{"embeddable":true,"href":"https:\/\/politicosaldesnudo.com.mx\/index.php\/wp-json\/wp\/v2\/users\/4"}],"replies":[{"embeddable":true,"href":"https:\/\/politicosaldesnudo.com.mx\/index.php\/wp-json\/wp\/v2\/comments?post=12795"}],"version-history":[{"count":0,"href":"https:\/\/politicosaldesnudo.com.mx\/index.php\/wp-json\/wp\/v2\/posts\/12795\/revisions"}],"wp:featuredmedia":[{"embeddable":true,"href":"https:\/\/politicosaldesnudo.com.mx\/index.php\/wp-json\/wp\/v2\/media\/4036"}],"wp:attachment":[{"href":"https:\/\/politicosaldesnudo.com.mx\/index.php\/wp-json\/wp\/v2\/media?parent=12795"}],"wp:term":[{"taxonomy":"category","embeddable":true,"href":"https:\/\/politicosaldesnudo.com.mx\/index.php\/wp-json\/wp\/v2\/categories?post=12795"},{"taxonomy":"post_tag","embeddable":true,"href":"https:\/\/politicosaldesnudo.com.mx\/index.php\/wp-json\/wp\/v2\/tags?post=12795"}],"curies":[{"name":"wp","href":"https:\/\/api.w.org\/{rel}","templated":true}]}}