{"id":12886,"date":"2022-11-22T20:52:21","date_gmt":"2022-11-23T02:52:21","guid":{"rendered":"https:\/\/politicosaldesnudo.com.mx\/?p=12886"},"modified":"2022-11-22T20:52:21","modified_gmt":"2022-11-23T02:52:21","slug":"desaparece-otro-periodista-en-veracruz-francisco-eusebio-hernandez","status":"publish","type":"post","link":"https:\/\/politicosaldesnudo.com.mx\/index.php\/2022\/11\/22\/desaparece-otro-periodista-en-veracruz-francisco-eusebio-hernandez\/","title":{"rendered":"Desaparece otro periodista en Veracruz, Francisco Eusebio Hern\u00e1ndez"},"content":{"rendered":"<p>&nbsp;<\/p>\n<p>&nbsp;<\/p>\n<p><span style=\"font-size: 18pt;\"><strong>Por \u00c1ngel \u00c1lvaro Pe\u00f1a<\/strong><\/span><\/p>\n<p>&nbsp;<\/p>\n<p><span style=\"font-size: 14pt;\"><em><strong>XALAPA, VERACRUZ.<\/strong> <\/em>Un compa\u00f1ero comunicador vuelve a ser agredido, se trata de <strong>Francisco Eusebio Hern\u00e1ndez Elvira, Presidente del Club de Periodistas en Isla, Veracruz, y coordinador de la radio Az\u00facar F.M.<\/strong><\/span><\/p>\n<p><span style=\"font-size: 18pt;\"><strong>Desapareci\u00f3 desde el domingo 20 de noviembre, cuando fue la \u00faltima vez que sus familiares tuvieron contacto con Francisco, al salir de la localidad El Tesoro, con destino a Nopaltepec, donde radicaba \u00faltimamente por cuestiones de trabajo.<\/strong><\/span><\/p>\n<p>&nbsp;<\/p>\n<p><img data-recalc-dims=\"1\" loading=\"lazy\" decoding=\"async\" class=\"aligncenter wp-image-12887\" src=\"https:\/\/i0.wp.com\/politicosaldesnudo.com.mx\/wp-content\/uploads\/2022\/11\/WhatsApp-Image-2022-11-22-at-7.14.10-PM-300x300.jpeg?resize=500%2C500&#038;ssl=1\" alt=\"\" width=\"500\" height=\"500\" srcset=\"https:\/\/i0.wp.com\/politicosaldesnudo.com.mx\/wp-content\/uploads\/2022\/11\/WhatsApp-Image-2022-11-22-at-7.14.10-PM.jpeg?resize=300%2C300&amp;ssl=1 300w, https:\/\/i0.wp.com\/politicosaldesnudo.com.mx\/wp-content\/uploads\/2022\/11\/WhatsApp-Image-2022-11-22-at-7.14.10-PM.jpeg?resize=1024%2C1024&amp;ssl=1 1024w, https:\/\/i0.wp.com\/politicosaldesnudo.com.mx\/wp-content\/uploads\/2022\/11\/WhatsApp-Image-2022-11-22-at-7.14.10-PM.jpeg?resize=150%2C150&amp;ssl=1 150w, https:\/\/i0.wp.com\/politicosaldesnudo.com.mx\/wp-content\/uploads\/2022\/11\/WhatsApp-Image-2022-11-22-at-7.14.10-PM.jpeg?resize=768%2C768&amp;ssl=1 768w, https:\/\/i0.wp.com\/politicosaldesnudo.com.mx\/wp-content\/uploads\/2022\/11\/WhatsApp-Image-2022-11-22-at-7.14.10-PM.jpeg?w=1200&amp;ssl=1 1200w\" sizes=\"auto, (max-width: 500px) 100vw, 500px\" \/><\/p>\n<p>&nbsp;<\/p>\n<p><span style=\"font-size: 14pt;\">Desde el lunes familiares y amigos contactaron con sus familiares para informar que, al no contactarse con Francisco, fueron a buscarlo al departamento donde se encontr\u00f3 la puerta tirada y desorden en sus pertenec\u00edas, adem\u00e1s su mascota muerta. Por lo que alertaron a las autoridades policiacas.<\/span><\/p>\n<p><span style=\"font-size: 14pt;\">La Comisi\u00f3n Estatal de B\u00fasqueda emiti\u00f3 una alerta para buscar al periodista, por lo que se le busca por la entidad y estados circunvecinos.<\/span><\/p>\n<p><span style=\"font-size: 18pt;\"><strong>Su familia, interpuso denuncia por la desaparici\u00f3n y solicita la intervenci\u00f3n de las autoridades para la b\u00fasqueda con vida del Presidente del Club de periodistas ya que no han recibido una llamada ni de plagiarios, ni del compa\u00f1ero.<\/strong><\/span><\/p>\n<p>&nbsp;<\/p>\n<p><img data-recalc-dims=\"1\" loading=\"lazy\" decoding=\"async\" class=\"aligncenter wp-image-12889 size-large\" src=\"https:\/\/i0.wp.com\/politicosaldesnudo.com.mx\/wp-content\/uploads\/2022\/11\/P-COMUNICADO-1-688x1024.png?resize=688%2C1024&#038;ssl=1\" alt=\"\" width=\"688\" height=\"1024\" srcset=\"https:\/\/i0.wp.com\/politicosaldesnudo.com.mx\/wp-content\/uploads\/2022\/11\/P-COMUNICADO-1.png?resize=688%2C1024&amp;ssl=1 688w, https:\/\/i0.wp.com\/politicosaldesnudo.com.mx\/wp-content\/uploads\/2022\/11\/P-COMUNICADO-1.png?resize=202%2C300&amp;ssl=1 202w, https:\/\/i0.wp.com\/politicosaldesnudo.com.mx\/wp-content\/uploads\/2022\/11\/P-COMUNICADO-1.png?resize=768%2C1143&amp;ssl=1 768w, https:\/\/i0.wp.com\/politicosaldesnudo.com.mx\/wp-content\/uploads\/2022\/11\/P-COMUNICADO-1.png?resize=1032%2C1536&amp;ssl=1 1032w, https:\/\/i0.wp.com\/politicosaldesnudo.com.mx\/wp-content\/uploads\/2022\/11\/P-COMUNICADO-1.png?resize=1377%2C2048&amp;ssl=1 1377w, https:\/\/i0.wp.com\/politicosaldesnudo.com.mx\/wp-content\/uploads\/2022\/11\/P-COMUNICADO-1.png?w=1600&amp;ssl=1 1600w\" sizes=\"auto, (max-width: 688px) 100vw, 688px\" \/><\/p>\n<p>&nbsp;<\/p>\n<p>&nbsp;<\/p>\n<p>&nbsp;<\/p>\n<p>&nbsp;<\/p>\n<p>&nbsp;<\/p>\n<p>&nbsp;<\/p>\n<p>&nbsp;<\/p>\n","protected":false},"excerpt":{"rendered":"<p>&nbsp; &nbsp; Por \u00c1ngel \u00c1lvaro Pe\u00f1a &nbsp; XALAPA, VERACRUZ. Un compa\u00f1ero comunicador vuelve a ser agredido, se trata de Francisco<\/p>\n","protected":false},"author":4,"featured_media":12890,"comment_status":"closed","ping_status":"closed","sticky":false,"template":"","format":"standard","meta":{"colormag_page_container_layout":"default_layout","colormag_page_sidebar_layout":"default_layout","_jetpack_memberships_contains_paid_content":false,"footnotes":"","jetpack_publicize_message":"","jetpack_publicize_feature_enabled":true,"jetpack_social_post_already_shared":false,"jetpack_social_options":{"image_generator_settings":{"template":"highway","default_image_id":0,"font":"","enabled":false},"version":2}},"categories":[30],"tags":[1830,323,1829,100],"class_list":["post-12886","post","type-post","status-publish","format-standard","has-post-thumbnail","hentry","category-estados","tag-club-de-periosidta","tag-desaparicion","tag-francisco-eusebio-hernandez","tag-veracruz"],"jetpack_publicize_connections":[],"jetpack_featured_media_url":"https:\/\/i0.wp.com\/politicosaldesnudo.com.mx\/wp-content\/uploads\/2022\/11\/P-FRANCISCO-EUSEBIO.png?fit=1816%2C1016&ssl=1","jetpack-related-posts":[],"jetpack_sharing_enabled":true,"_links":{"self":[{"href":"https:\/\/politicosaldesnudo.com.mx\/index.php\/wp-json\/wp\/v2\/posts\/12886","targetHints":{"allow":["GET"]}}],"collection":[{"href":"https:\/\/politicosaldesnudo.com.mx\/index.php\/wp-json\/wp\/v2\/posts"}],"about":[{"href":"https:\/\/politicosaldesnudo.com.mx\/index.php\/wp-json\/wp\/v2\/types\/post"}],"author":[{"embeddable":true,"href":"https:\/\/politicosaldesnudo.com.mx\/index.php\/wp-json\/wp\/v2\/users\/4"}],"replies":[{"embeddable":true,"href":"https:\/\/politicosaldesnudo.com.mx\/index.php\/wp-json\/wp\/v2\/comments?post=12886"}],"version-history":[{"count":0,"href":"https:\/\/politicosaldesnudo.com.mx\/index.php\/wp-json\/wp\/v2\/posts\/12886\/revisions"}],"wp:featuredmedia":[{"embeddable":true,"href":"https:\/\/politicosaldesnudo.com.mx\/index.php\/wp-json\/wp\/v2\/media\/12890"}],"wp:attachment":[{"href":"https:\/\/politicosaldesnudo.com.mx\/index.php\/wp-json\/wp\/v2\/media?parent=12886"}],"wp:term":[{"taxonomy":"category","embeddable":true,"href":"https:\/\/politicosaldesnudo.com.mx\/index.php\/wp-json\/wp\/v2\/categories?post=12886"},{"taxonomy":"post_tag","embeddable":true,"href":"https:\/\/politicosaldesnudo.com.mx\/index.php\/wp-json\/wp\/v2\/tags?post=12886"}],"curies":[{"name":"wp","href":"https:\/\/api.w.org\/{rel}","templated":true}]}}