{"id":12899,"date":"2022-11-22T21:30:22","date_gmt":"2022-11-23T03:30:22","guid":{"rendered":"https:\/\/politicosaldesnudo.com.mx\/?p=12899"},"modified":"2022-11-22T21:35:07","modified_gmt":"2022-11-23T03:35:07","slug":"abren-nuevas-fechas-del-taller-fortalecimiento-de-cadenas-productivas-de-soporte-de-la-industria-petrolera-y-afines","status":"publish","type":"post","link":"https:\/\/politicosaldesnudo.com.mx\/index.php\/2022\/11\/22\/abren-nuevas-fechas-del-taller-fortalecimiento-de-cadenas-productivas-de-soporte-de-la-industria-petrolera-y-afines\/","title":{"rendered":"Abren nuevas fechas del Taller \u201cFortalecimiento de Cadenas Productivas de Soporte de la Industria Petrolera y Afines\u201d"},"content":{"rendered":"<p>&nbsp;<\/p>\n<p class=\"p2\"><span style=\"font-size: 14pt;\"><em><strong>TUXPAN, VERACRUZ.<\/strong><\/em> Debido al inter\u00e9s mostrado por parte del <strong>sector empresarial para participar en el Taller de \u201cFortalecimiento de Cadenas Productivas de Soporte de la Industria Petrolera y Afines\u201d<\/strong>, la Direcci\u00f3n Municipal de Desarrollo Econ\u00f3mico informa que se abrieron nuevas fechas para esta capacitaci\u00f3n.<\/span><\/p>\n<p class=\"p2\"><span style=\"font-size: 18pt; color: #139eca;\"><strong>Las nuevas fechas en que se realizar\u00e1 este curso sobre la exploraci\u00f3n y explotaci\u00f3n del petr\u00f3leo ser\u00e1n el mi\u00e9rcoles 23, jueves 24, viernes 25, lunes 28 y martes 29 de noviembre a las 08:30 horas en la sala anexa de Cultura, ubicada en la planta baja de la biblioteca municipal.<\/strong><\/span><\/p>\n<p class=\"p2\"><span style=\"font-size: 18pt;\"><strong>Cabe destacar que este taller lo realiza la Secretar\u00eda de Energ\u00eda (Sener), en coordinaci\u00f3n con el Ayuntamiento de Tuxpan, la Direcci\u00f3n de Desarrollo Econ\u00f3mico Municipal, el Instituto Mexicano del Petr\u00f3leo (IMP) y Petr\u00f3leos Mexicanos (Pemex).<\/strong><\/span><\/p>\n<p>&nbsp;<\/p>\n<p>&nbsp;<\/p>\n<p class=\"p2\" style=\"text-align: center;\"><span style=\"font-size: 18pt;\"><b style=\"font-size: 18pt;\">Los interesados podr\u00e1n <\/b><span style=\"font-size: 24px;\"><b>inscribirse<\/b><\/span><b style=\"font-size: 18pt;\"> en los siguientes enlaces:<\/b><\/span><\/p>\n<p>&nbsp;<\/p>\n<p style=\"text-align: center;\"><span style=\"font-size: 18pt; color: #139eca;\"><strong>23 de noviembre: <\/strong><\/span><\/p>\n<p style=\"text-align: center;\"><span style=\"font-size: 18pt;\"><a href=\"https:\/\/forms.gle\/bKeBmD4N6CcpL7XGA\">https:\/\/forms.gle\/bKeBmD4N6CcpL7XGA<\/a><\/span><\/p>\n<p>&nbsp;<\/p>\n<p style=\"text-align: center;\"><span style=\"color: #139eca; font-size: 18pt;\"><strong>24 de noviembre: <\/strong><\/span><\/p>\n<p style=\"text-align: center;\"><span style=\"font-size: 18pt;\"><a href=\"https:\/\/forms.gle\/jkxuN5RhYHEf7PUz9\">https:\/\/forms.gle\/jkxuN5RhYHEf7PUz9<\/a><\/span><\/p>\n<p>&nbsp;<\/p>\n<p style=\"text-align: center;\"><span style=\"color: #139eca; font-size: 18pt;\"><strong>25 de noviembre: <\/strong><\/span><\/p>\n<p style=\"text-align: center;\"><span style=\"font-size: 18pt;\"><a href=\"https:\/\/forms.gle\/mwb9Qws5Zz3xYELK7\">https:\/\/forms.gle\/mwb9Qws5Zz3xYELK7<\/a><\/span><\/p>\n<p>&nbsp;<\/p>\n<p style=\"text-align: center;\"><span style=\"font-size: 18pt;\"><strong><span style=\"color: #139eca;\">28 de noviembre: <\/span><\/strong><\/span><\/p>\n<p style=\"text-align: center;\"><span style=\"font-size: 18pt;\"><a href=\"https:\/\/forms.gle\/VXe3VQwdXSEqdZyX8\">https:\/\/forms.gle\/VXe3VQwdXSEqdZyX8<\/a><\/span><\/p>\n<p>&nbsp;<\/p>\n<p style=\"text-align: center;\"><span style=\"color: #139eca; font-size: 18pt;\"><strong>29 de noviembre: <\/strong><\/span><\/p>\n<p style=\"text-align: center;\"><span style=\"font-size: 18pt;\"><a href=\"https:\/\/forms.gle\/q52yVphziv1z5Ruj7\">https:\/\/forms.gle\/q52yVphziv1z5Ruj7<\/a><\/span><\/p>\n<p>&nbsp;<\/p>\n<p class=\"p2\"><span style=\"font-size: 18pt; color: #333333;\"><strong>Para solicitar informes comunicarse v\u00eda inbox a la p\u00e1gina de Desarrollo Econ\u00f3mico Tuxpan, o al tel\u00e9fono 7835802383.<\/strong><\/span><\/p>\n<p>&nbsp;<\/p>\n<p><img data-recalc-dims=\"1\" loading=\"lazy\" decoding=\"async\" class=\"aligncenter wp-image-12901 size-large\" src=\"https:\/\/i0.wp.com\/politicosaldesnudo.com.mx\/wp-content\/uploads\/2022\/11\/P-INITACION-577x1024.png?resize=577%2C1024&#038;ssl=1\" alt=\"\" width=\"577\" height=\"1024\" srcset=\"https:\/\/i0.wp.com\/politicosaldesnudo.com.mx\/wp-content\/uploads\/2022\/11\/P-INITACION.png?resize=577%2C1024&amp;ssl=1 577w, https:\/\/i0.wp.com\/politicosaldesnudo.com.mx\/wp-content\/uploads\/2022\/11\/P-INITACION.png?resize=169%2C300&amp;ssl=1 169w, https:\/\/i0.wp.com\/politicosaldesnudo.com.mx\/wp-content\/uploads\/2022\/11\/P-INITACION.png?w=721&amp;ssl=1 721w\" sizes=\"auto, (max-width: 577px) 100vw, 577px\" \/><\/p>\n<p>&nbsp;<\/p>\n<p>&nbsp;<\/p>\n<p>&nbsp;<\/p>\n<p>&nbsp;<\/p>\n<p>&nbsp;<\/p>\n<p>&nbsp;<\/p>\n","protected":false},"excerpt":{"rendered":"<p>&nbsp; TUXPAN, VERACRUZ. Debido al inter\u00e9s mostrado por parte del sector empresarial para participar en el Taller de \u201cFortalecimiento de<\/p>\n","protected":false},"author":4,"featured_media":12900,"comment_status":"closed","ping_status":"closed","sticky":false,"template":"","format":"standard","meta":{"colormag_page_container_layout":"default_layout","colormag_page_sidebar_layout":"default_layout","_jetpack_memberships_contains_paid_content":false,"footnotes":"","jetpack_publicize_message":"","jetpack_publicize_feature_enabled":true,"jetpack_social_post_already_shared":false,"jetpack_social_options":{"image_generator_settings":{"template":"highway","default_image_id":0,"font":"","enabled":false},"version":2}},"categories":[1082],"tags":[1834,1835,1836,70,100],"class_list":["post-12899","post","type-post","status-publish","format-standard","has-post-thumbnail","hentry","category-tuxpan","tag-desarrollo-economico-tuxpan","tag-industria-petrolera","tag-taller","tag-tuxpan","tag-veracruz"],"jetpack_publicize_connections":[],"jetpack_featured_media_url":"https:\/\/i0.wp.com\/politicosaldesnudo.com.mx\/wp-content\/uploads\/2022\/11\/P-PETROLEO.png?fit=1816%2C1016&ssl=1","jetpack-related-posts":[],"jetpack_sharing_enabled":true,"_links":{"self":[{"href":"https:\/\/politicosaldesnudo.com.mx\/index.php\/wp-json\/wp\/v2\/posts\/12899","targetHints":{"allow":["GET"]}}],"collection":[{"href":"https:\/\/politicosaldesnudo.com.mx\/index.php\/wp-json\/wp\/v2\/posts"}],"about":[{"href":"https:\/\/politicosaldesnudo.com.mx\/index.php\/wp-json\/wp\/v2\/types\/post"}],"author":[{"embeddable":true,"href":"https:\/\/politicosaldesnudo.com.mx\/index.php\/wp-json\/wp\/v2\/users\/4"}],"replies":[{"embeddable":true,"href":"https:\/\/politicosaldesnudo.com.mx\/index.php\/wp-json\/wp\/v2\/comments?post=12899"}],"version-history":[{"count":0,"href":"https:\/\/politicosaldesnudo.com.mx\/index.php\/wp-json\/wp\/v2\/posts\/12899\/revisions"}],"wp:featuredmedia":[{"embeddable":true,"href":"https:\/\/politicosaldesnudo.com.mx\/index.php\/wp-json\/wp\/v2\/media\/12900"}],"wp:attachment":[{"href":"https:\/\/politicosaldesnudo.com.mx\/index.php\/wp-json\/wp\/v2\/media?parent=12899"}],"wp:term":[{"taxonomy":"category","embeddable":true,"href":"https:\/\/politicosaldesnudo.com.mx\/index.php\/wp-json\/wp\/v2\/categories?post=12899"},{"taxonomy":"post_tag","embeddable":true,"href":"https:\/\/politicosaldesnudo.com.mx\/index.php\/wp-json\/wp\/v2\/tags?post=12899"}],"curies":[{"name":"wp","href":"https:\/\/api.w.org\/{rel}","templated":true}]}}