{"id":12906,"date":"2022-11-23T07:04:09","date_gmt":"2022-11-23T13:04:09","guid":{"rendered":"https:\/\/politicosaldesnudo.com.mx\/?p=12906"},"modified":"2022-11-23T07:06:25","modified_gmt":"2022-11-23T13:06:25","slug":"amlo-olvido-al-amigo-rogelio","status":"publish","type":"post","link":"https:\/\/politicosaldesnudo.com.mx\/index.php\/2022\/11\/23\/amlo-olvido-al-amigo-rogelio\/","title":{"rendered":"AMLO olvid\u00f3 al amigo Rogelio"},"content":{"rendered":"<p>&nbsp;<\/p>\n<p class=\"p1\"><span style=\"font-size: 18pt;\"><b>Por \u00c1ngel \u00c1lvaro Pe\u00f1a<\/b><\/span><\/p>\n<p class=\"p1\"><span style=\"font-size: 18pt;\"><strong>La justicia se refleja en todas las relaciones humanas. No es necesario colocar frente a un juez la lealtad o la honestidad, ni la verdad o la mentira, o la memoria y el olvido. Porque en la pol\u00edtica la amistad del pasado se convierte en la enemistad del presente y, como siempre sucede, gana el m\u00e1s fuerte, pero no el que tiene la raz\u00f3n.<\/strong><\/span><\/p>\n<p class=\"p1\"><span style=\"font-size: 14pt;\">Los amigos son para toda la vida o no los son y hay muchas maneras del cultivar esa relaci\u00f3n, aunque haya quienes no la respetan. Y esto viene a prop\u00f3sito de la aparente derrama de buena voluntad y bondad que expres\u00f3 el Presidente de la Rep\u00fablica en la conferencia matutina del martes 22 de noviembre, donde habl\u00f3 de la libertad para quienes fueron torturados, los que no tienen delitos graves que afrontar, o los que no han cometido ning\u00fan delito.<\/span><\/p>\n<p>&nbsp;<\/p>\n<p><img data-recalc-dims=\"1\" loading=\"lazy\" decoding=\"async\" class=\"aligncenter wp-image-12909 size-large\" src=\"https:\/\/i0.wp.com\/politicosaldesnudo.com.mx\/wp-content\/uploads\/2022\/11\/P-AMLO-FRANCO-1024x573.png?resize=800%2C448&#038;ssl=1\" alt=\"\" width=\"800\" height=\"448\" srcset=\"https:\/\/i0.wp.com\/politicosaldesnudo.com.mx\/wp-content\/uploads\/2022\/11\/P-AMLO-FRANCO.png?resize=1024%2C573&amp;ssl=1 1024w, https:\/\/i0.wp.com\/politicosaldesnudo.com.mx\/wp-content\/uploads\/2022\/11\/P-AMLO-FRANCO.png?resize=300%2C168&amp;ssl=1 300w, https:\/\/i0.wp.com\/politicosaldesnudo.com.mx\/wp-content\/uploads\/2022\/11\/P-AMLO-FRANCO.png?resize=768%2C430&amp;ssl=1 768w, https:\/\/i0.wp.com\/politicosaldesnudo.com.mx\/wp-content\/uploads\/2022\/11\/P-AMLO-FRANCO.png?resize=1536%2C859&amp;ssl=1 1536w, https:\/\/i0.wp.com\/politicosaldesnudo.com.mx\/wp-content\/uploads\/2022\/11\/P-AMLO-FRANCO.png?w=1816&amp;ssl=1 1816w, https:\/\/i0.wp.com\/politicosaldesnudo.com.mx\/wp-content\/uploads\/2022\/11\/P-AMLO-FRANCO.png?w=1600&amp;ssl=1 1600w\" sizes=\"auto, (max-width: 800px) 100vw, 800px\" \/><\/p>\n<p>&nbsp;<\/p>\n<p class=\"p1\"><span style=\"font-size: 18pt;\"><strong><span style=\"color: #139eca;\">As\u00ed lo anunci\u00f3 la secretaria de Seguridad y Protecci\u00f3n Ciudadana, Rosa Icela Rodr\u00edguez, por instrucciones de Andr\u00e9s Manuel L\u00f3pez Obrador, quien en ese momento se hab\u00eda olvidado de su amigo Rogelio Franco Cast\u00e1n, un militante perredista que acompa\u00f1\u00f3 al ahora presidente durante su permanencia en ese partido.<\/span> Pas\u00f3 noches a la intemperie con \u00e9l, fortaleci\u00f3 la vigilancia en el cierre de Avenida Reforma, camin\u00f3 kil\u00f3metros codo con codo. Ahora est\u00e1 preso desde hace m\u00e1s de a\u00f1o y medio, por un delito hecho a la medida de su personalidad y su trayectoria.<\/strong><\/span><\/p>\n<p class=\"p1\"><span style=\"font-size: 18pt;\"><strong><span style=\"color: #139eca;\">Quien fuera secretario de gobierno del estado de Veracruz, l\u00edder estatal del PRD, diputado local, y candidato a la diputaci\u00f3n federal plurinominal en 2021, fue acusado de ultrajes a la autoridad, delito dise\u00f1ado para \u00e9l, y una vez que cay\u00f3 en prisi\u00f3n, se derog\u00f3 el art\u00edculo del C\u00f3digo Penal de la entidad.<\/span> A esta ilegalidad se le llam\u00f3 Ley Franco. Una vez en prisi\u00f3n se le sumaron delitos, que uno a uno ha superado desde el 13 de marzo del a\u00f1o pasado. Es decir, es inocente quien fuera compa\u00f1ero de L\u00f3pez Obrador y ahora, por el simple hecho de no querer incorporarse a Morena, lo abandona a su suerte, o, lo que es peor, lo hunde en la c\u00e1rcel sin juicio ni sentencia. Con el agravante de aplazamientos permanentes de sus audiencias y pr\u00f3rrogas en la presentaci\u00f3n de pruebas.<\/strong><\/span><\/p>\n<p class=\"p1\"><span style=\"font-size: 18pt;\"><strong>El resultado de esta traici\u00f3n es que Rogelio Franco se encuentra en el Penal de Amatl\u00e1n, La Toma, en Veracruz, v\u00edctima de este imperdonable olvido y de una distracci\u00f3n que acusa complicidad en su injusto encierro.<\/strong><\/span><\/p>\n<p class=\"p1\"><span style=\"font-size: 14pt;\">En esa conferencia se habl\u00f3 de agilizar los tr\u00e1mites de los reos, de tomar en cuenta pruebas. En un alarde de procuraci\u00f3n de justicia que revela un doble discurso de \u00e9ste y otros muchos casos porque un importante porcentaje de los prisioneros en los diferentes penales del pa\u00eds es que no tienen sentencia por negligencia de ministerios p\u00fablicos, jueces, abogados, etc. Eso quiere decir que, para la visi\u00f3n de Seguridad y Protecci\u00f3n Ciudadana, no existen.<\/span><\/p>\n<p>&nbsp;<\/p>\n<p><img data-recalc-dims=\"1\" loading=\"lazy\" decoding=\"async\" class=\"aligncenter wp-image-12907 size-large\" src=\"https:\/\/i0.wp.com\/politicosaldesnudo.com.mx\/wp-content\/uploads\/2022\/11\/P-FRANCO-AMLO-2-1024x573.png?resize=800%2C448&#038;ssl=1\" alt=\"\" width=\"800\" height=\"448\" srcset=\"https:\/\/i0.wp.com\/politicosaldesnudo.com.mx\/wp-content\/uploads\/2022\/11\/P-FRANCO-AMLO-2.png?resize=1024%2C573&amp;ssl=1 1024w, https:\/\/i0.wp.com\/politicosaldesnudo.com.mx\/wp-content\/uploads\/2022\/11\/P-FRANCO-AMLO-2.png?resize=300%2C168&amp;ssl=1 300w, https:\/\/i0.wp.com\/politicosaldesnudo.com.mx\/wp-content\/uploads\/2022\/11\/P-FRANCO-AMLO-2.png?resize=768%2C430&amp;ssl=1 768w, https:\/\/i0.wp.com\/politicosaldesnudo.com.mx\/wp-content\/uploads\/2022\/11\/P-FRANCO-AMLO-2.png?resize=1536%2C859&amp;ssl=1 1536w, https:\/\/i0.wp.com\/politicosaldesnudo.com.mx\/wp-content\/uploads\/2022\/11\/P-FRANCO-AMLO-2.png?w=1816&amp;ssl=1 1816w, https:\/\/i0.wp.com\/politicosaldesnudo.com.mx\/wp-content\/uploads\/2022\/11\/P-FRANCO-AMLO-2.png?w=1600&amp;ssl=1 1600w\" sizes=\"auto, (max-width: 800px) 100vw, 800px\" \/><\/p>\n<p>&nbsp;<\/p>\n<p class=\"p1\"><span style=\"font-size: 18pt;\"><strong>El valor de la amistad mide el valor de la calidad humana y si el Presidente desconoce la circunstancia de quien fuera su compa\u00f1ero de lucha es que no est\u00e1 informado, lo cual es muy grave, pero m\u00e1s grave es que conociendo el caso no centre su atenci\u00f3n en este proceso, que no por suceder en el estado que gobierna su consentido gobernador, deja de ser importante.<\/strong><\/span><\/p>\n<p class=\"p1\"><span style=\"font-size: 14pt;\">Las caracter\u00edsticas del encierro de Rogelio Franco son de un preso pol\u00edtico, su calidad de militante leal a su partido, su candidatura robada por quien fuera su propio abogado defensor y posteriormente ocupara su curul, porque causalmente era el mismo sujeto; su impedimento a tomar posesi\u00f3n de su diputaci\u00f3n, el silencio que rodea el caso, las irregularidades del proceso, la falta de sentencia, etc. son razones suficientes para designarlo as\u00ed, pero tambi\u00e9n una v\u00edctima de una injustica y del criminal olvido del amigo.<\/span><\/p>\n<p>&nbsp;<\/p>\n<p class=\"p1\"><span style=\"font-size: 18pt; color: #139eca;\"><b>PEGA Y CORRE<\/b><\/span><\/p>\n<p class=\"p1\"><span style=\"font-size: 14pt;\">El presidente del Club de Periodistas en el municipio de Isla, estado de Veracruz, coordinador de la Radio Az\u00facar F.M., desapareci\u00f3 desde el 20 de noviembre, sus familiares y amigos solicitan el apoyo del gremio period\u00edstico y la sociedad para dar con su paradero. Fue visto por \u00faltima vez cuando sali\u00f3 de su lugar de origen con destino a Nopaltepec, donde radicaba por cuestiones de trabajo. Esperemos sea localizado sano y salvo nuestro compa\u00f1ero y amigo.<\/span><\/p>\n<p>&nbsp;<\/p>\n<p>&nbsp;<\/p>\n<p>&nbsp;<\/p>\n<p class=\"p1\"><span style=\"font-size: 18pt;\"><strong>Esta columna se publica los lunes, mi\u00e9rcoles y viernes<\/strong><\/span><\/p>\n<p>&nbsp;<\/p>\n<p><span style=\"font-size: 18pt; color: #319eca;\"><em><strong>**Las columnas firmadas en este medio son responsabilidad de quienes las firman**<\/strong><\/em><\/span><\/p>\n<p>&nbsp;<\/p>\n<p>&nbsp;<\/p>\n<p>&nbsp;<\/p>\n<p>&nbsp;<\/p>\n<p>&nbsp;<\/p>\n","protected":false},"excerpt":{"rendered":"<p>&nbsp; Por \u00c1ngel \u00c1lvaro Pe\u00f1a La justicia se refleja en todas las relaciones humanas. No es necesario colocar frente a<\/p>\n","protected":false},"author":4,"featured_media":3775,"comment_status":"closed","ping_status":"closed","sticky":false,"template":"","format":"standard","meta":{"colormag_page_container_layout":"default_layout","colormag_page_sidebar_layout":"default_layout","_jetpack_memberships_contains_paid_content":false,"footnotes":"","jetpack_publicize_message":"","jetpack_publicize_feature_enabled":true,"jetpack_social_post_already_shared":false,"jetpack_social_options":{"image_generator_settings":{"template":"highway","default_image_id":0,"font":"","enabled":false},"version":2}},"categories":[26],"tags":[95,318,1412,1476,100],"class_list":["post-12906","post","type-post","status-publish","format-standard","has-post-thumbnail","hentry","category-columnistas","tag-andres-manuel-lopez-obrador","tag-prd","tag-preso-politico","tag-rogelio-franco","tag-veracruz"],"jetpack_publicize_connections":[],"jetpack_featured_media_url":"https:\/\/i0.wp.com\/politicosaldesnudo.com.mx\/wp-content\/uploads\/2022\/04\/A%CC%81NGEL-A%CC%81LVARO-PEN%CC%83A1.png?fit=1816%2C1016&ssl=1","jetpack-related-posts":[],"jetpack_sharing_enabled":true,"_links":{"self":[{"href":"https:\/\/politicosaldesnudo.com.mx\/index.php\/wp-json\/wp\/v2\/posts\/12906","targetHints":{"allow":["GET"]}}],"collection":[{"href":"https:\/\/politicosaldesnudo.com.mx\/index.php\/wp-json\/wp\/v2\/posts"}],"about":[{"href":"https:\/\/politicosaldesnudo.com.mx\/index.php\/wp-json\/wp\/v2\/types\/post"}],"author":[{"embeddable":true,"href":"https:\/\/politicosaldesnudo.com.mx\/index.php\/wp-json\/wp\/v2\/users\/4"}],"replies":[{"embeddable":true,"href":"https:\/\/politicosaldesnudo.com.mx\/index.php\/wp-json\/wp\/v2\/comments?post=12906"}],"version-history":[{"count":0,"href":"https:\/\/politicosaldesnudo.com.mx\/index.php\/wp-json\/wp\/v2\/posts\/12906\/revisions"}],"wp:featuredmedia":[{"embeddable":true,"href":"https:\/\/politicosaldesnudo.com.mx\/index.php\/wp-json\/wp\/v2\/media\/3775"}],"wp:attachment":[{"href":"https:\/\/politicosaldesnudo.com.mx\/index.php\/wp-json\/wp\/v2\/media?parent=12906"}],"wp:term":[{"taxonomy":"category","embeddable":true,"href":"https:\/\/politicosaldesnudo.com.mx\/index.php\/wp-json\/wp\/v2\/categories?post=12906"},{"taxonomy":"post_tag","embeddable":true,"href":"https:\/\/politicosaldesnudo.com.mx\/index.php\/wp-json\/wp\/v2\/tags?post=12906"}],"curies":[{"name":"wp","href":"https:\/\/api.w.org\/{rel}","templated":true}]}}