{"id":12912,"date":"2022-11-23T06:00:46","date_gmt":"2022-11-23T12:00:46","guid":{"rendered":"https:\/\/politicosaldesnudo.com.mx\/?p=12912"},"modified":"2022-11-23T07:09:41","modified_gmt":"2022-11-23T13:09:41","slug":"la-violencia-del-regimen","status":"publish","type":"post","link":"https:\/\/politicosaldesnudo.com.mx\/index.php\/2022\/11\/23\/la-violencia-del-regimen\/","title":{"rendered":"La violencia del r\u00e9gimen"},"content":{"rendered":"<p class=\"p1\">\n<p>&nbsp;<\/p>\n<p class=\"p1\"><span style=\"font-size: 18pt;\"><strong>Por Aurelio Contreras Moreno<\/strong><\/span><\/p>\n<p class=\"p1\"><span style=\"font-size: 14pt;\">El r\u00e9gimen de la pretendida \u201ccuarta transformaci\u00f3n\u201d ha demostrado en repetidas ocasiones su intolerancia hacia quien no comparte sus fobias y dogmas, y generalmente lo hace con altas dosis de violencia verbal, que despu\u00e9s se traslada a sus seguidores m\u00e1s fanatizados que, esos s\u00ed, han estado dispuestos a que \u00e9sta llegue tambi\u00e9n al terreno de lo f\u00edsico.<\/span><\/p>\n<p class=\"p1\"><span style=\"font-size: 14pt;\">Las conferencias \u201cma\u00f1aneras\u201d del presidente Andr\u00e9s Manuel L\u00f3pez Obrador son el ejercicio m\u00e1s acabado de c\u00f3mo se hace propaganda indiscriminada a trav\u00e9s de la violencia. En lugar de informar, el mandatario ocupa un tiempo y recursos t\u00e9cnicos y humanos que se pagan con dinero p\u00fablico para ofender, para estigmatizar, para linchar y, en varias y documentadas ocasiones, para mentir acerca de quienes m\u00e1s que adversarios, considera y trata como enemigos.<\/span><\/p>\n<p class=\"p1\"><span style=\"font-size: 14pt;\">El presidente no solo se pelea con molinos de viento. Una buena descarga de su violencia la reciben las y los reporteros \u2013los de a de veras, no la fila de paleros que pone Comunicaci\u00f3n Social para aplaudirle y hacerle rid\u00edculas preguntas a modo- que de vez en cuando logran entrar a las conferencias matutinas y m\u00e1s eventualmente a\u00fan, le puede hacer una pregunta real. De las que no le gustan.<\/span><\/p>\n<p class=\"p1\"><span style=\"font-size: 14pt;\">De inmediato, la reacci\u00f3n del mandatario es intentar descalificar a sus interlocutores y a los medios en los que trabajan. Los m\u00e1s avezados, con mayor experiencia y que van bien preparados \u2013lo cual cuenta much\u00edsimo para resistir la andanada- han logrado salir bien librados del \u201cpared\u00f3n ma\u00f1anero\u201d. Pero lo que sigue entonces es una persecuci\u00f3n digital de los bots, trols y textoservidores del r\u00e9gimen, que se coordinan para atacar y linchar en redes a quienes osaron \u201cincomodar\u201d al \u201cl\u00edder amado y supremo\u201d. En algunos casos, como mencionamos, han recibido tambi\u00e9n agresiones f\u00edsicas cuando las hordas los identifican en la calle.<\/span><\/p>\n<p class=\"p1\"><span style=\"font-size: 14pt;\">Estas conductas son repetidas por autoridades de todos los niveles, que ante el ejemplo de la sistem\u00e1tica injuria presidencial, se sienten libres para ser prepotentes, violentos y brutos. En el sentido m\u00e1s amplio de la expresi\u00f3n.<\/span><\/p>\n<p class=\"p1\"><span style=\"font-size: 14pt;\">En m\u00e1s de una ocasi\u00f3n, en Veracruz hemos visto como el \u201cvaliente\u201d gobernador Cuitl\u00e1huac Garc\u00eda ha buscado acorralar y humillar a periodistas \u2013y particularmente, a reporteras- que le preguntaron algo que no le gust\u00f3 o que exhibi\u00f3 su incapacidad y la falta de eficacia de su administraci\u00f3n.<span class=\"Apple-converted-space\">\u00a0<\/span><\/span><\/p>\n<p class=\"p1\"><span style=\"font-size: 14pt;\">No ha sido el \u00fanico funcionario estatal que comete esta clase de exabruptos cuando es cuestionado. C\u00f3mo olvidar cuando tambi\u00e9n en una comparecencia, la contralora general del estado, Mercedes Santoyo, llam\u00f3 \u201cfeminazis\u201d a las mujeres feministas que reclaman el respeto a sus derechos humanos b\u00e1sicos, como el de una vida libre de violencia, que esta administraci\u00f3n se comprometi\u00f3 a defender hace cuatro a\u00f1os, y en lo que evidentemente ha fracasado miserablemente. Si es que alguna vez siquiera lo intentaron.<\/span><\/p>\n<p class=\"p1\"><span style=\"font-size: 14pt;\">Pero uno de los funcionarios m\u00e1s violentos \u2013y grotescos- que hay actualmente en el estado de Veracruz es, ir\u00f3nicamente, quien tiene la responsabilidad de mantener la gobernabilidad y cuidar la concordia con todas las fuerzas pol\u00edticas: el secretario de Gobierno, Eric Patrocinio Cisneros Burgos.<\/span><\/p>\n<p class=\"p1\"><span style=\"font-size: 14pt;\">Durante su comparecencia ante diputados para la glosa del cuarto informe de gobierno de Cuitl\u00e1huac Garc\u00eda, Cisneros Burgos fue cuestionado por la diputada de Movimiento Ciudadano Ruth Callejas sobre informaci\u00f3n que ni siquiera es demasiada novedad: el alt\u00edsimo nivel de violencia contra las mujeres que pervive en la entidad y que la mantiene en los primeros lugares nacionales en feminicidios y violencia de g\u00e9nero.<\/span><\/p>\n<p class=\"p1\"><span style=\"font-size: 14pt;\">La respuesta de Cisneros dio una muestra de por qu\u00e9 Veracruz se encuentra en esa situaci\u00f3n: sali\u00f3 con que \u201cgracias\u201d al OPLE ella era diputada, que por la \u201cvoluntad\u201d de Cuitl\u00e1huac Garc\u00eda hab\u00eda mujeres en puestos de alta responsabilidad como el Tribunal Superior de Justicia \u2013aunque omiti\u00f3 decir que las manipulan y hasta las amenazan para que hagan lo que les ordenan los hombres que gobiernan- y que sus comentarios y cr\u00edticas se los enviara mejor a los gobernadores de Jalisco y Nuevo Le\u00f3n, estados gobernados por Movimiento Ciudadano, mientras su coro de acarreados \u2013como los que se van a llevar el domingo al z\u00f3calo a la marcha de la megaloman\u00eda- agred\u00eda a gritos a la legisladora.<\/span><\/p>\n<p class=\"p1\"><span style=\"font-size: 14pt;\">Una escena similar a la de hace exactamente un a\u00f1o, cuando otra legisladora de oposici\u00f3n, la priista Anil\u00fa Ingram, lo cuestion\u00f3 en ese mismo espacio sobre las numerosas denuncias por acoso sexual y laboral en la propia Secretar\u00eda de Gobierno. El tono majadero e intimidante fue el mismo, as\u00ed como el linchamiento digital al que intent\u00f3 exponer a la diputada.<span class=\"Apple-converted-space\">\u00a0<\/span><\/span><\/p>\n<p class=\"p1\"><span style=\"font-size: 14pt;\">La violencia del r\u00e9gimen van <i>in crescendo<\/i>. Y casi siempre, se ceba contra las mujeres.<\/span><\/p>\n<p>&nbsp;<\/p>\n<p>&nbsp;<\/p>\n<p class=\"p1\"><span style=\"font-size: 18pt;\"><strong>Correo: <a href=\"mailto:aureliocontreras@gmail.com\">aureliocontreras@gmail.com<\/a><\/strong><\/span><\/p>\n<p class=\"p1\"><span style=\"font-size: 18pt;\"><strong>Twitter: <a href=\"http:\/\/www.twitter.com\/yeyocontreras\">@yeyocontreras<\/a><\/strong><\/span><\/p>\n<p>&nbsp;<\/p>\n<p><span style=\"font-size: 18pt; color: #319eca;\"><em><strong>**Las columnas firmadas en este medio son responsabilidad de quienes las firman**<\/strong><\/em><\/span><\/p>\n<p>&nbsp;<\/p>\n<p>&nbsp;<\/p>\n<p>&nbsp;<\/p>\n<p>&nbsp;<\/p>\n<p>&nbsp;<\/p>\n","protected":false},"excerpt":{"rendered":"<p>&nbsp; Por Aurelio Contreras Moreno El r\u00e9gimen de la pretendida \u201ccuarta transformaci\u00f3n\u201d ha demostrado en repetidas ocasiones su intolerancia hacia<\/p>\n","protected":false},"author":4,"featured_media":4397,"comment_status":"closed","ping_status":"closed","sticky":false,"template":"","format":"standard","meta":{"colormag_page_container_layout":"default_layout","colormag_page_sidebar_layout":"default_layout","_jetpack_memberships_contains_paid_content":false,"footnotes":"","jetpack_publicize_message":"","jetpack_publicize_feature_enabled":true,"jetpack_social_post_already_shared":false,"jetpack_social_options":{"image_generator_settings":{"template":"highway","default_image_id":0,"font":"","enabled":false},"version":2}},"categories":[26],"tags":[],"class_list":["post-12912","post","type-post","status-publish","format-standard","has-post-thumbnail","hentry","category-columnistas"],"jetpack_publicize_connections":[],"jetpack_featured_media_url":"https:\/\/i0.wp.com\/politicosaldesnudo.com.mx\/wp-content\/uploads\/2022\/04\/AURELIO-CONTRERAS-MORENO-1.png?fit=1816%2C1016&ssl=1","jetpack-related-posts":[],"jetpack_sharing_enabled":true,"_links":{"self":[{"href":"https:\/\/politicosaldesnudo.com.mx\/index.php\/wp-json\/wp\/v2\/posts\/12912","targetHints":{"allow":["GET"]}}],"collection":[{"href":"https:\/\/politicosaldesnudo.com.mx\/index.php\/wp-json\/wp\/v2\/posts"}],"about":[{"href":"https:\/\/politicosaldesnudo.com.mx\/index.php\/wp-json\/wp\/v2\/types\/post"}],"author":[{"embeddable":true,"href":"https:\/\/politicosaldesnudo.com.mx\/index.php\/wp-json\/wp\/v2\/users\/4"}],"replies":[{"embeddable":true,"href":"https:\/\/politicosaldesnudo.com.mx\/index.php\/wp-json\/wp\/v2\/comments?post=12912"}],"version-history":[{"count":0,"href":"https:\/\/politicosaldesnudo.com.mx\/index.php\/wp-json\/wp\/v2\/posts\/12912\/revisions"}],"wp:featuredmedia":[{"embeddable":true,"href":"https:\/\/politicosaldesnudo.com.mx\/index.php\/wp-json\/wp\/v2\/media\/4397"}],"wp:attachment":[{"href":"https:\/\/politicosaldesnudo.com.mx\/index.php\/wp-json\/wp\/v2\/media?parent=12912"}],"wp:term":[{"taxonomy":"category","embeddable":true,"href":"https:\/\/politicosaldesnudo.com.mx\/index.php\/wp-json\/wp\/v2\/categories?post=12912"},{"taxonomy":"post_tag","embeddable":true,"href":"https:\/\/politicosaldesnudo.com.mx\/index.php\/wp-json\/wp\/v2\/tags?post=12912"}],"curies":[{"name":"wp","href":"https:\/\/api.w.org\/{rel}","templated":true}]}}