{"id":12914,"date":"2022-11-23T06:11:04","date_gmt":"2022-11-23T12:11:04","guid":{"rendered":"https:\/\/politicosaldesnudo.com.mx\/?p=12914"},"modified":"2022-11-23T07:14:04","modified_gmt":"2022-11-23T13:14:04","slug":"magistrado-para-presidente","status":"publish","type":"post","link":"https:\/\/politicosaldesnudo.com.mx\/index.php\/2022\/11\/23\/magistrado-para-presidente\/","title":{"rendered":"Magistrado para presidente"},"content":{"rendered":"<p>&nbsp;<\/p>\n<p>&nbsp;<\/p>\n<p class=\"p1\"><strong><span style=\"font-size: 18pt;\">Por Luis Ram\u00edrez Baqueiro<\/span><\/strong><\/p>\n<p>&nbsp;<\/p>\n<p>&nbsp;<\/p>\n<p class=\"p1\" style=\"text-align: center;\"><em><span style=\"font-size: 18pt;\"><strong>\u201cSi quieres gozar de una buena reputaci\u00f3n, preoc\u00fapate en ser lo que aparentas ser\u201d <\/strong><\/span><\/em><\/p>\n<p class=\"p1\" style=\"text-align: center;\"><span style=\"font-size: 18pt;\">\u2013 S\u00f3crates \u2013 <\/span><\/p>\n<p>&nbsp;<\/p>\n<p>&nbsp;<\/p>\n<p class=\"p1\"><span style=\"font-size: 14pt;\">Una vez m\u00e1s los agoreros de la verdad andan desatados, en su af\u00e1n de seguir cortando flores del coraz\u00f3n de la 4T, ya andan promoviendo hasta a la parentela del Ejecutivo para ocupar la presidencia del mismo Poder Judicial en la entidad.<\/span><\/p>\n<p class=\"p1\"><span style=\"font-size: 14pt;\">Seamos claros y precisos, una cosa es colocar a los primos y parientes cercanos en el Poder Ejecutivo, otra cosa es ir contra a\u00f1os de carreras judiciales, ya de por si el manoseo que provoc\u00f3 la llegada de las dos primeras mujeres a la presidencia de este poder, dej\u00f3 muy mal parado al operador responsable de hacerlo.<\/span><\/p>\n<p class=\"p1\"><span style=\"font-size: 14pt;\">El costo pol\u00edtico provocado por el secretario de Gobierno, E. Patrocinio Cisneros Burgos contin\u00faa pesando en las determinaciones del propio Ejecutivo, tanto que ha tenido que permitir una serie de arrebatos de conocida funcionaria que m\u00e1s de poder llamarla a cuentas, le obstaculizaron diversas acciones por ejecutar en dicho poder.<\/span><\/p>\n<p class=\"p1\"><span style=\"font-size: 14pt;\">Pero volviendo al asunto, la salida de la presidenta Magistrada Isabel In\u00e9s Romero Cruz, es la oportunidad para que llegado el momento se pueda enderezar el rumbo en dicho poder, hoy tan vulnerado y vilipendiado.<\/span><\/p>\n<p class=\"p1\"><span style=\"font-size: 14pt;\">De esta manera se prepara su relevo en la Presidencia del Tribunal Superior y del Consejo de la Judicatura del Estado; se sabe que ha comenzado a circular el nombre del Magistrado Esteban Mart\u00ednez V\u00e1zquez, quien al momento es bien visto por los dem\u00e1s magistrados integrantes del Poder Judicial.<\/span><\/p>\n<p class=\"p1\"><span style=\"font-size: 14pt;\">Cabe resaltar que fue Mart\u00ednez V\u00e1zquez uno de los principales impulsores del Plan de Austeridad que llev\u00f3 a la reducci\u00f3n de prestaciones a m\u00e1s de una veintena de magistrados.<\/span><\/p>\n<p class=\"p1\"><span style=\"font-size: 14pt;\">Originario de Papantla, Veracruz; en lo acad\u00e9mico; es egresado de la Licenciatura en Derecho por la Universidad Veracruzana; Maestro en Derecho Procesal por el Centro de Estudios de Posgrados Xalapa; y Doctor en Ciencias Jur\u00eddicas Administrativas y de la Educaci\u00f3n, por la Universidad de las Naciones de Veracruz, cuenta con diplomados en Derecho Procesal Civil y Mercantil, Derecho Procesal Penal y Juicio de Amparo, adem\u00e1s de contar con una gran cantidad de cursos y capacitaciones que ha obtenido a lo largo de su carrera, siempre con la finalidad de mejorar su desempe\u00f1o como administrador e impartidor de justicia.<\/span><\/p>\n<p class=\"p1\"><span style=\"font-size: 14pt;\">Dentro de su amplia trayectoria, en el Poder Judicial del Estado, inici\u00f3 su experiencia laboral como Oficial Administrativo Adscrito a la Cuarta y Sexta Sala del H. Tribunal Superior de Justicia en el Estado. Se ha desempe\u00f1ado como: Secretario de Acuerdos en el Juzgado Segundo de Primera Instancia del Distrito Judicial de Cosamaloapan; Secretario de Acuerdos del Juzgado Mixto de Primera Instancia del Distrito Judicial de P\u00e1nuco; Secretario de Acuerdos del Juzgado Cuarto de Primera Instancia del Distrito Judicial de Cosamaloapan; Secretario de Acuerdos del Juzgado Primero de Primera Instancia del Distrito Judicial de Acayucan y Segundo de Primera Instancia del Distrito Judicial de Veracruz.<\/span><\/p>\n<p class=\"p1\"><span style=\"font-size: 14pt;\">Juez del Juzgado Segundo Menor del Distrito Judicial de Coatzacoalcos; Juez Mixto Menor de los Distritos Judiciales de P\u00e1nuco, Misantla y Papantla; Juez del Juzgado Segundo de Primera Instancia del Distrito Judicial de Misantla; Se desempe\u00f1\u00f3 como Juez de Responsabilidad Juvenil en el Estado, adscrito a la Etapa de Ejecuci\u00f3n;<\/span><\/p>\n<p class=\"p1\"><span style=\"font-size: 14pt;\">Iniciador del Sistema Penal Acusatorio Adversarial y Oral, desempe\u00f1\u00e1ndose como Juez de Ejecuci\u00f3n de Sanciones del Juzgado de Proceso y Procedimiento Penal Oral en los Distritos Judiciales de Xalapa, C\u00f3rdoba, Coatepec, Veracruz, Huatusco, Orizaba y Zongolica.<\/span><\/p>\n<p class=\"p1\"><span style=\"font-size: 14pt;\">Magistrado Visitador del Poder Judicial del Estado, as\u00ed tambi\u00e9n, Magistrado integrante de la Segunda Sala del Tribunal Superior de Justicia y Director de la Escuela Judicial del Estado.<\/span><\/p>\n<p class=\"p1\"><span style=\"font-size: 14pt;\">Actualmente se desempe\u00f1a como Magistrado integrante del Consejo de la Judicatura, en representaci\u00f3n del Tribunal Superior de Justicia.<\/span><\/p>\n<p class=\"p1\"><span style=\"font-size: 14pt;\">Todo parece indicar que con dicho curr\u00edculo, el camino para la presidencia del Poder Judicial ser\u00eda cosa sentada, pero ya sabr\u00e1 usted que, en tiempos de la 4T, nada se puede dar por cierto hasta no verlo consumado.<\/span><\/p>\n<p class=\"p1\"><span style=\"font-size: 14pt;\">Pero se sabe que cuenta con gran \u00e1nimo dentro de los magistrados y es bien visto por el propio Gobernador Cuitl\u00e1huac Garc\u00eda Jim\u00e9nez, \u00bfPensar\u00e1n igual en el vecino Palacio de la Avenida Encanto?<\/span><\/p>\n<p>&nbsp;<\/p>\n<p>&nbsp;<\/p>\n<p class=\"p1\"><strong><span style=\"font-size: 18pt;\">Al tiempo.<\/span><\/strong><\/p>\n<p>&nbsp;<\/p>\n<p class=\"p1\"><span style=\"font-size: 18pt;\"><strong>Correo: <a href=\"mailto:astrolabiopoliticomx@gmail.com\">astrolabiopoliticomx@gmail.com<\/a><\/strong><\/span><\/p>\n<p class=\"p1\"><span style=\"font-size: 18pt;\"><strong>Twitter: <a href=\"http:\/\/www.twitter.com\/LuisBaqueiro_mx\">@LuisBaqueiro_mx<\/a><\/strong><\/span><\/p>\n<p>&nbsp;<\/p>\n<p><span style=\"font-size: 18pt; color: #319eca;\"><em><strong>**Las columnas firmadas en este medio son responsabilidad de quienes las firman**<\/strong><\/em><\/span><\/p>\n<p>&nbsp;<\/p>\n<p>&nbsp;<\/p>\n<p>&nbsp;<\/p>\n<p>&nbsp;<\/p>\n<p>&nbsp;<\/p>\n<p>&nbsp;<\/p>\n","protected":false},"excerpt":{"rendered":"<p>&nbsp; &nbsp; Por Luis Ram\u00edrez Baqueiro &nbsp; &nbsp; \u201cSi quieres gozar de una buena reputaci\u00f3n, preoc\u00fapate en ser lo que<\/p>\n","protected":false},"author":4,"featured_media":4390,"comment_status":"closed","ping_status":"closed","sticky":false,"template":"","format":"standard","meta":{"colormag_page_container_layout":"default_layout","colormag_page_sidebar_layout":"default_layout","_jetpack_memberships_contains_paid_content":false,"footnotes":"","jetpack_publicize_message":"","jetpack_publicize_feature_enabled":true,"jetpack_social_post_already_shared":false,"jetpack_social_options":{"image_generator_settings":{"template":"highway","default_image_id":0,"font":"","enabled":false},"version":2}},"categories":[26],"tags":[],"class_list":["post-12914","post","type-post","status-publish","format-standard","has-post-thumbnail","hentry","category-columnistas"],"jetpack_publicize_connections":[],"jetpack_featured_media_url":"https:\/\/i0.wp.com\/politicosaldesnudo.com.mx\/wp-content\/uploads\/2022\/04\/LUIS-RAMI%CC%81REZ-BAQUEIRO.png?fit=1816%2C1016&ssl=1","jetpack-related-posts":[],"jetpack_sharing_enabled":true,"_links":{"self":[{"href":"https:\/\/politicosaldesnudo.com.mx\/index.php\/wp-json\/wp\/v2\/posts\/12914","targetHints":{"allow":["GET"]}}],"collection":[{"href":"https:\/\/politicosaldesnudo.com.mx\/index.php\/wp-json\/wp\/v2\/posts"}],"about":[{"href":"https:\/\/politicosaldesnudo.com.mx\/index.php\/wp-json\/wp\/v2\/types\/post"}],"author":[{"embeddable":true,"href":"https:\/\/politicosaldesnudo.com.mx\/index.php\/wp-json\/wp\/v2\/users\/4"}],"replies":[{"embeddable":true,"href":"https:\/\/politicosaldesnudo.com.mx\/index.php\/wp-json\/wp\/v2\/comments?post=12914"}],"version-history":[{"count":0,"href":"https:\/\/politicosaldesnudo.com.mx\/index.php\/wp-json\/wp\/v2\/posts\/12914\/revisions"}],"wp:featuredmedia":[{"embeddable":true,"href":"https:\/\/politicosaldesnudo.com.mx\/index.php\/wp-json\/wp\/v2\/media\/4390"}],"wp:attachment":[{"href":"https:\/\/politicosaldesnudo.com.mx\/index.php\/wp-json\/wp\/v2\/media?parent=12914"}],"wp:term":[{"taxonomy":"category","embeddable":true,"href":"https:\/\/politicosaldesnudo.com.mx\/index.php\/wp-json\/wp\/v2\/categories?post=12914"},{"taxonomy":"post_tag","embeddable":true,"href":"https:\/\/politicosaldesnudo.com.mx\/index.php\/wp-json\/wp\/v2\/tags?post=12914"}],"curies":[{"name":"wp","href":"https:\/\/api.w.org\/{rel}","templated":true}]}}