{"id":12967,"date":"2022-11-24T06:50:19","date_gmt":"2022-11-24T12:50:19","guid":{"rendered":"https:\/\/politicosaldesnudo.com.mx\/?p=12967"},"modified":"2022-11-24T06:52:19","modified_gmt":"2022-11-24T12:52:19","slug":"el-decalogo-de-amlo","status":"publish","type":"post","link":"https:\/\/politicosaldesnudo.com.mx\/index.php\/2022\/11\/24\/el-decalogo-de-amlo\/","title":{"rendered":"El dec\u00e1logo de AMLO"},"content":{"rendered":"<p>&nbsp;<\/p>\n<p class=\"p2\"><span style=\"font-size: 18pt;\"><strong>Por Norma Meraz<\/strong><\/span><\/p>\n<p class=\"p3\"><span style=\"font-size: 14pt;\">Vivir en un pa\u00eds donde no hay buena se\u00f1alizaci\u00f3n en las calles, dif\u00edcilmente encontraremos se\u00f1ales claras para ver hacia d\u00f3nde va este r\u00e9gimen pol\u00edtico.<\/span><\/p>\n<p class=\"p3\"><span style=\"font-size: 14pt;\">Un gobierno que se dice de izquierda y gira a la derecha por \u00bfd\u00f3nde se rebasa para tomar una ruta que nos indique ir hacia delante?<\/span><\/p>\n<p class=\"p3\"><span style=\"font-size: 14pt;\">Cuatro a\u00f1os tumbos, de promesas incumplidas, de contradicciones, de corrupci\u00f3n, de impunidad, de ineptitud, de caprichos y pataletas de enga\u00f1os, es resumen de malas cuentas para los mexicanos.<\/span><\/p>\n<p class=\"p3\"><span style=\"font-size: 14pt;\">Cuando Andr\u00e9s Manuel L\u00f3pez Obrador tom\u00f3 posesi\u00f3n del cargo de Presidente en el 2018 con la banda tricolor en el pecho nos recet\u00f3 una lista de 100 compromisos a cumplir durante su mandato.<\/span><\/p>\n<p class=\"p3\"><span style=\"font-size: 14pt;\">El \u201chumilde hombre Macuspana\u201d decidi\u00f3 vivir en el Palacio Nacional, nada menos que en la casa que fuera de Hern\u00e1n Cort\u00e9s, quien por su culpa los espa\u00f1oles mataron a nuestros ancestros mexicas, hoy L\u00f3pez Obrador pide al Rey de la madre patria le pida perd\u00f3n por tales \u201catropellos\u201d.<\/span><\/p>\n<p class=\"p3\"><span style=\"font-size: 14pt;\">De viajar en un \u201ctsurito\u201d, l\u00e9ase coche compacto sin aire acondicionado, L\u00f3pez Obrador se transportaba luego en otro coche chico -de marca oriental-, pero hoy en d\u00eda, viaja en camioneta suburban blindada de las que hab\u00eda \u201cdespreciado\u201d hace cuatro a\u00f1os, se traslad\u00f3 en helic\u00f3pteros y aviones de la Fuerza A\u00e9rea Mexicana y eventualmente en avi\u00f3n comercial, donde por cierto lo despiden los viajeros con abucheos.<span class=\"Apple-converted-space\">\u00a0<\/span><\/span><\/p>\n<p class=\"p3\"><span style=\"font-size: 14pt;\">Las Fuerzas Armadas bendecidas con can\u00f3nigas nunca imaginadas, otorgadas por su Jefe Supremo, llevan las riendas de un sin n\u00famero de obras y atribuciones, dignas de un gobierno derechista.<\/span><\/p>\n<p class=\"p3\"><span style=\"font-size: 14pt;\">Los militares realizan<span class=\"Apple-converted-space\">\u00a0 <\/span>obras por asignaci\u00f3n directa, sin que tengan que rendir cuentas a nadie, lo que propicia nudos de corrupci\u00f3n pues como reza el dicho: \u201cen arca abierta, hasta el m\u00e1s justo peca\u201d.<\/span><\/p>\n<p class=\"p3\"><span style=\"font-size: 14pt;\">El se\u00f1or que vest\u00eda con ropa de marca popular, hecha en Mexico, hoy viste con trajes hechos a la medida con tejidos importados como: cashmer, lino y corbatas de seda.<\/span><\/p>\n<p class=\"p3\"><span style=\"font-size: 14pt;\"><span class=\"Apple-converted-space\">\u00a0<\/span>Esas prendas que hoy porta el Presidente de la Rep\u00fablica -habr\u00eda que recordarle-, son producto del neoliberalismo que tanto \u201cdesprecia\u201d.<\/span><\/p>\n<p class=\"p3\"><span style=\"font-size: 14pt;\">Hoy el Presidente L\u00f3pez Obrador est\u00e1 muy enojado, tal vez m\u00e1s que de costumbre y lo hace en forma muy notoria pues no hay d\u00eda que no ataque a todo aquel que difiera de sus opiniones y decisiones, adem\u00e1s de oponerse a sus iniciativas de \u00edndole constitucional, como la Reforma Electoral.<\/span><\/p>\n<p class=\"p3\"><span style=\"font-size: 14pt;\">El Presidente es capaz de mentir, pero no de disimular, as\u00ed que no oculta su malestar cuando en los \u00faltimos d\u00edas, la ciudadan\u00eda que es la verdadera oposici\u00f3n -no los partidos pol\u00edticos-, atiborraron las calles de la capital del pa\u00eds y las de 50 ciudades mas, para manifestarse en contra de la Reforma Electoral que \u00e9l propone y con estas actitudes democr\u00e1ticas, el no est\u00e1 de acuerdo, de tal manera que cada ma\u00f1ana desde su p\u00falpito, arremete contra la prensa, la clase media, los aspiracionistas, etc, etc, etc.<\/span><\/p>\n<p class=\"p3\"><span style=\"font-size: 14pt;\">Y cierro con el verdadero dec\u00e1logo de AMLO.<span class=\"Apple-converted-space\">\u00a0<\/span><\/span><\/p>\n<p>&nbsp;<\/p>\n<p class=\"p3\"><span style=\"font-size: 14pt;\">Un M\u00e9xico:<\/span><\/p>\n<p class=\"p3\"><span style=\"font-size: 14pt;\">&#8211; Sin un sistema de salud eficiente<\/span><\/p>\n<p class=\"p3\"><span style=\"font-size: 14pt;\">&#8211; Sin medicamentos oncol\u00f3gicos &#8211; prometidos -, suficientes<\/span><\/p>\n<p class=\"p3\"><span style=\"font-size: 14pt;\">&#8211; Sin disminuci\u00f3n de<span class=\"Apple-converted-space\">\u00a0 <\/span>homicidios dolosos &#8211; tan solo en el mes de octubre pasado <\/span><span style=\"font-size: 14pt;\">se registraron 2 mil 766 y 80 feminicidios<\/span><\/p>\n<p class=\"p3\"><span style=\"font-size: 14pt;\">&#8211; Sin reducci\u00f3n de la pobreza -con datos oficiales: 44.9 millones de mexicanos <\/span><span style=\"font-size: 14pt;\">en extrema pobreza<\/span><\/p>\n<p class=\"p3\"><span style=\"font-size: 14pt;\">&#8211; Sin combate al narco tr\u00e1fico y de personas<\/span><\/p>\n<p class=\"p3\"><span style=\"font-size: 14pt;\">&#8211; Sin la venta del avi\u00f3n presidencial<\/span><\/p>\n<p class=\"p3\"><span style=\"font-size: 14pt;\">&#8211; Sin control del huachicol<span class=\"Apple-converted-space\">\u00a0<\/span><\/span><\/p>\n<p class=\"p3\"><span style=\"font-size: 14pt;\">&#8211; Sin control migratorio<\/span><\/p>\n<p class=\"p3\"><span style=\"font-size: 14pt;\">&#8211; Sin un programa educativo definido<span class=\"Apple-converted-space\">\u00a0<\/span><\/span><\/p>\n<p class=\"p3\"><span style=\"font-size: 14pt;\">&#8211; Sin una pol\u00edtica exterior que rescate el lugar distinguido que Mexico hab\u00eda logrado por tantos lustros<\/span><\/p>\n<p>&nbsp;<\/p>\n<p class=\"p3\"><span style=\"font-size: 14pt;\">Y as\u00ed podr\u00eda seguir con otros dec\u00e1logos no menos importantes, pero \u201cpara muestra con un bot\u00f3n basta\u201d.<\/span><\/p>\n<p class=\"p3\"><span style=\"font-size: 14pt;\">\u00bfPorqu\u00e9 hacer las cosas mal si el mismo trabajo cuesta hacerlas bien?<span class=\"Apple-converted-space\">\u00a0<\/span><\/span><\/p>\n<p class=\"p3\"><span style=\"font-size: 14pt;\"><span class=\"Apple-converted-space\">\u00a0<\/span>\u00a1Digamos la Verdad!<\/span><\/p>\n<p>&nbsp;<\/p>\n<p><span style=\"font-size: 18pt; color: #319eca;\"><em><strong>**Las columnas firmadas en este medio son responsabilidad de quienes las firman**<\/strong><\/em><\/span><\/p>\n<p>&nbsp;<\/p>\n","protected":false},"excerpt":{"rendered":"<p>&nbsp; Por Norma Meraz Vivir en un pa\u00eds donde no hay buena se\u00f1alizaci\u00f3n en las calles, dif\u00edcilmente encontraremos se\u00f1ales claras<\/p>\n","protected":false},"author":4,"featured_media":12682,"comment_status":"closed","ping_status":"closed","sticky":false,"template":"","format":"standard","meta":{"colormag_page_container_layout":"default_layout","colormag_page_sidebar_layout":"default_layout","_jetpack_memberships_contains_paid_content":false,"footnotes":"","jetpack_publicize_message":"","jetpack_publicize_feature_enabled":true,"jetpack_social_post_already_shared":false,"jetpack_social_options":{"image_generator_settings":{"template":"highway","default_image_id":0,"font":"","enabled":false},"version":2}},"categories":[26],"tags":[],"class_list":["post-12967","post","type-post","status-publish","format-standard","has-post-thumbnail","hentry","category-columnistas"],"jetpack_publicize_connections":[],"jetpack_featured_media_url":"https:\/\/i0.wp.com\/politicosaldesnudo.com.mx\/wp-content\/uploads\/2022\/11\/P-NORMA-MERAZ-PD.png?fit=1816%2C1016&ssl=1","jetpack-related-posts":[],"jetpack_sharing_enabled":true,"_links":{"self":[{"href":"https:\/\/politicosaldesnudo.com.mx\/index.php\/wp-json\/wp\/v2\/posts\/12967","targetHints":{"allow":["GET"]}}],"collection":[{"href":"https:\/\/politicosaldesnudo.com.mx\/index.php\/wp-json\/wp\/v2\/posts"}],"about":[{"href":"https:\/\/politicosaldesnudo.com.mx\/index.php\/wp-json\/wp\/v2\/types\/post"}],"author":[{"embeddable":true,"href":"https:\/\/politicosaldesnudo.com.mx\/index.php\/wp-json\/wp\/v2\/users\/4"}],"replies":[{"embeddable":true,"href":"https:\/\/politicosaldesnudo.com.mx\/index.php\/wp-json\/wp\/v2\/comments?post=12967"}],"version-history":[{"count":0,"href":"https:\/\/politicosaldesnudo.com.mx\/index.php\/wp-json\/wp\/v2\/posts\/12967\/revisions"}],"wp:featuredmedia":[{"embeddable":true,"href":"https:\/\/politicosaldesnudo.com.mx\/index.php\/wp-json\/wp\/v2\/media\/12682"}],"wp:attachment":[{"href":"https:\/\/politicosaldesnudo.com.mx\/index.php\/wp-json\/wp\/v2\/media?parent=12967"}],"wp:term":[{"taxonomy":"category","embeddable":true,"href":"https:\/\/politicosaldesnudo.com.mx\/index.php\/wp-json\/wp\/v2\/categories?post=12967"},{"taxonomy":"post_tag","embeddable":true,"href":"https:\/\/politicosaldesnudo.com.mx\/index.php\/wp-json\/wp\/v2\/tags?post=12967"}],"curies":[{"name":"wp","href":"https:\/\/api.w.org\/{rel}","templated":true}]}}