{"id":13002,"date":"2022-11-25T07:30:31","date_gmt":"2022-11-25T13:30:31","guid":{"rendered":"https:\/\/politicosaldesnudo.com.mx\/?p=13002"},"modified":"2022-11-25T07:32:19","modified_gmt":"2022-11-25T13:32:19","slug":"tras-encuesta-popular-musk-promete-amnistia-para-usuarios-bloqueados-en-twitter","status":"publish","type":"post","link":"https:\/\/politicosaldesnudo.com.mx\/index.php\/2022\/11\/25\/tras-encuesta-popular-musk-promete-amnistia-para-usuarios-bloqueados-en-twitter\/","title":{"rendered":"Tras encuesta popular, Elon Musk promete \u201camnist\u00eda\u201d para usuarios bloqueados en Twitter"},"content":{"rendered":"<p>&nbsp;<\/p>\n<p class=\"p1\"><span style=\"font-size: 14pt;\"><em><strong>NUEVA YORK, EU.<\/strong><\/em> El empresario y due\u00f1o de Twitter, Elon Musk, anunci\u00f3 que restaurar\u00e1 todas las cuentas bloqueadas en la red social.<\/span><\/p>\n<p class=\"p1\"><span style=\"font-size: 18pt;\"><strong>La medida surge luego de una encuesta realizada por Musk en la red, en la que la mayor\u00eda de los participantes se pronunci\u00f3 a favor de la \u201camnist\u00eda\u201d.<\/strong><\/span><\/p>\n<p>&nbsp;<\/p>\n<blockquote>\n<p class=\"p1\"><span style=\"font-size: 14pt;\">El pueblo ha hablado. La amnist\u00eda comenzar\u00e1 la pr\u00f3xima semana. Vox Populi, Vox Dei (Voz del Pueblo &#8211; Voz de Dios)\u201d, tuite\u00f3 el empresario<\/span><\/p>\n<\/blockquote>\n<p>&nbsp;<\/p>\n<blockquote class=\"twitter-tweet\" data-width=\"550\" data-dnt=\"true\">\n<p lang=\"en\" dir=\"ltr\">Should Twitter offer a general amnesty to suspended accounts, provided that they have not broken the law or engaged in egregious spam?<\/p>\n<p>&mdash; Elon Musk (@elonmusk) <a href=\"https:\/\/twitter.com\/elonmusk\/status\/1595473875847942146?ref_src=twsrc%5Etfw\">November 23, 2022<\/a><\/p><\/blockquote>\n<p><script async src=\"https:\/\/platform.twitter.com\/widgets.js\" charset=\"utf-8\"><\/script><\/p>\n<p>&nbsp;<\/p>\n<p class=\"p1\"><span style=\"font-size: 18pt;\"><strong>Musk realiz\u00f3 una encuesta durante 24 horas a los usuarios en Twitter sobre si deber\u00eda \u201cofrecer una amnist\u00eda general a las cuentas bloqueadas siempre que no violen la ley y no participen en spam escandaloso\u201d.<\/strong><\/span><\/p>\n<p class=\"p1\"><span style=\"font-size: 18pt; color: #139eca;\"><strong>En total, el 72.4% de los que votaron respondi\u00f3 afirmativamente y el 27.6% vot\u00f3 en contra. M\u00e1s de 3 millones de cuentas participaron en la encuesta.<\/strong><\/span><\/p>\n<p class=\"p1\"><span style=\"font-size: 14pt;\">Esta no es la primera encuesta de desbloqueo de Twitter de Musk. Anteriormente, con base en los resultados de otra encuesta digital, Musk restaur\u00f3 la cuenta al expresidente estadounidense Donald Trump.<\/span><\/p>\n<p>&nbsp;<\/p>\n<p>&nbsp;<\/p>\n","protected":false},"excerpt":{"rendered":"<p>&nbsp; NUEVA YORK, EU. El empresario y due\u00f1o de Twitter, Elon Musk, anunci\u00f3 que restaurar\u00e1 todas las cuentas bloqueadas en<\/p>\n","protected":false},"author":4,"featured_media":13003,"comment_status":"closed","ping_status":"closed","sticky":false,"template":"","format":"standard","meta":{"colormag_page_container_layout":"default_layout","colormag_page_sidebar_layout":"default_layout","_jetpack_memberships_contains_paid_content":false,"footnotes":"","jetpack_publicize_message":"","jetpack_publicize_feature_enabled":true,"jetpack_social_post_already_shared":false,"jetpack_social_options":{"image_generator_settings":{"template":"highway","default_image_id":0,"font":"","enabled":false},"version":2}},"categories":[28],"tags":[1848,1849,402,403],"class_list":["post-13002","post","type-post","status-publish","format-standard","has-post-thumbnail","hentry","category-internacional","tag-amnistia","tag-cuentas-bloqueadas","tag-elon-musk","tag-twitter"],"jetpack_publicize_connections":[],"jetpack_featured_media_url":"https:\/\/i0.wp.com\/politicosaldesnudo.com.mx\/wp-content\/uploads\/2022\/11\/P-ELOK-MUSK.png?fit=1816%2C1016&ssl=1","jetpack-related-posts":[],"jetpack_sharing_enabled":true,"_links":{"self":[{"href":"https:\/\/politicosaldesnudo.com.mx\/index.php\/wp-json\/wp\/v2\/posts\/13002","targetHints":{"allow":["GET"]}}],"collection":[{"href":"https:\/\/politicosaldesnudo.com.mx\/index.php\/wp-json\/wp\/v2\/posts"}],"about":[{"href":"https:\/\/politicosaldesnudo.com.mx\/index.php\/wp-json\/wp\/v2\/types\/post"}],"author":[{"embeddable":true,"href":"https:\/\/politicosaldesnudo.com.mx\/index.php\/wp-json\/wp\/v2\/users\/4"}],"replies":[{"embeddable":true,"href":"https:\/\/politicosaldesnudo.com.mx\/index.php\/wp-json\/wp\/v2\/comments?post=13002"}],"version-history":[{"count":0,"href":"https:\/\/politicosaldesnudo.com.mx\/index.php\/wp-json\/wp\/v2\/posts\/13002\/revisions"}],"wp:featuredmedia":[{"embeddable":true,"href":"https:\/\/politicosaldesnudo.com.mx\/index.php\/wp-json\/wp\/v2\/media\/13003"}],"wp:attachment":[{"href":"https:\/\/politicosaldesnudo.com.mx\/index.php\/wp-json\/wp\/v2\/media?parent=13002"}],"wp:term":[{"taxonomy":"category","embeddable":true,"href":"https:\/\/politicosaldesnudo.com.mx\/index.php\/wp-json\/wp\/v2\/categories?post=13002"},{"taxonomy":"post_tag","embeddable":true,"href":"https:\/\/politicosaldesnudo.com.mx\/index.php\/wp-json\/wp\/v2\/tags?post=13002"}],"curies":[{"name":"wp","href":"https:\/\/api.w.org\/{rel}","templated":true}]}}