{"id":13007,"date":"2022-11-25T07:50:16","date_gmt":"2022-11-25T13:50:16","guid":{"rendered":"https:\/\/politicosaldesnudo.com.mx\/?p=13007"},"modified":"2022-11-25T07:58:35","modified_gmt":"2022-11-25T13:58:35","slug":"asesinan-al-general-jose-silvestre-urzua-coordinador-de-la-gn-en-zacatecas","status":"publish","type":"post","link":"https:\/\/politicosaldesnudo.com.mx\/index.php\/2022\/11\/25\/asesinan-al-general-jose-silvestre-urzua-coordinador-de-la-gn-en-zacatecas\/","title":{"rendered":"Asesinan al general Jos\u00e9 Silvestre Urzua, Coordinador de la Guardia Nacional en Zacatecas"},"content":{"rendered":"<p>&nbsp;<\/p>\n<p class=\"p1\"><span style=\"font-size: 14pt;\"><em><strong>CIUDAD DE M\u00c9XICO.<\/strong> <\/em>El coordinador de la Guardia Nacional (GN) en Zacatecas, el<strong> general brigadier Jos\u00e9 Silvestre Urzua Padilla<\/strong>,<strong> muri\u00f3 tras un enfrentamiento con presuntos criminales en el municipio de Los Pinos. El presidente de M\u00e9xico, Andr\u00e9s Manuel L\u00f3pez Obrador inici\u00f3 su ma\u00f1anera dando el p\u00e9same.<\/strong><\/span><\/p>\n<p>&nbsp;<\/p>\n<div style=\"width: 800px;\" class=\"wp-video\"><video class=\"wp-video-shortcode\" id=\"video-13007-1\" width=\"800\" height=\"370\" preload=\"metadata\" controls=\"controls\"><source type=\"video\/mp4\" src=\"https:\/\/politicosaldesnudo.com.mx\/wp-content\/uploads\/2022\/11\/KNCo9GTAlnUF8uoL.mp4?_=1\" \/><a href=\"https:\/\/politicosaldesnudo.com.mx\/wp-content\/uploads\/2022\/11\/KNCo9GTAlnUF8uoL.mp4\">https:\/\/politicosaldesnudo.com.mx\/wp-content\/uploads\/2022\/11\/KNCo9GTAlnUF8uoL.mp4<\/a><\/video><\/div>\n<p>&nbsp;<\/p>\n<p><span style=\"font-size: 18pt; color: #139eca;\"><strong><span class=\"css-901oao css-16my406 r-poiln3 r-bcqeeo r-qvutc0\">Adem\u00e1s el presidente Andr\u00e9s Manuel L\u00f3pez Obrador dijo que ya se identific\u00f3 a quienes ordenaron la agresi\u00f3n donde muri\u00f3 el general <\/span><span class=\"css-901oao css-16my406 r-poiln3 r-b88u0q r-bcqeeo r-qvutc0\">Jos\u00e9 Silvestre<\/span> <span class=\"css-901oao css-16my406 r-poiln3 r-b88u0q r-bcqeeo r-qvutc0\">Urz\u00faa<\/span> <span class=\"css-901oao css-16my406 r-poiln3 r-b88u0q r-bcqeeo r-qvutc0\">Padilla<\/span><span class=\"css-901oao css-16my406 r-poiln3 r-bcqeeo r-qvutc0\">.<\/span><\/strong><\/span><\/p>\n<p>&nbsp;<\/p>\n<p><span style=\"font-size: 18pt; color: #139eca;\"><strong>EL OPERATIVO<\/strong><\/span><\/p>\n<p class=\"p1\"><span style=\"font-size: 18pt;\"><strong>El mando fue asesinado cuando encabezada un operativo de b\u00fasqueda, cateo y localizaci\u00f3n de delincuentes, en el cual los agentes fueron emboscados por civiles armados, con saldo de cinco elementos lesionados, tres de la GN y dos polic\u00edas de investigaci\u00f3n.<\/strong><\/span><\/p>\n<p>&nbsp;<\/p>\n<blockquote class=\"twitter-tweet\" data-width=\"550\" data-dnt=\"true\">\n<p lang=\"es\" dir=\"ltr\">En cumplimiento de su deber perdi\u00f3 la vida hoy el comisario Jos\u00e9 Silvestre Urz\u00faa Padilla. Lamentamos profundamente este deceso de un elemento ejemplar y damos el p\u00e9same a sus compa\u00f1eros de <a href=\"https:\/\/twitter.com\/GN_MEXICO_?ref_src=twsrc%5Etfw\">@GN_MEXICO_<\/a> y a su apreciable familia. No habr\u00e1 impunidad. <a href=\"https:\/\/t.co\/0TfmBhQO9H\">https:\/\/t.co\/0TfmBhQO9H<\/a><\/p>\n<p>&mdash; Rosa Icela Rodr\u00edguez Vel\u00e1zquez (@rosaicela_) <a href=\"https:\/\/twitter.com\/rosaicela_\/status\/1595938956922990593?ref_src=twsrc%5Etfw\">November 25, 2022<\/a><\/p><\/blockquote>\n<p><script async src=\"https:\/\/platform.twitter.com\/widgets.js\" charset=\"utf-8\"><\/script><\/p>\n<p>&nbsp;<\/p>\n<p class=\"p1\"><span style=\"font-size: 18pt; color: #139eca;\"><strong>Herido de gravedad, Urzua Padilla fue trasladado de emergencia a un nosocomio pero falleci\u00f3 minutos despu\u00e9s.<\/strong><\/span><\/p>\n<p class=\"p1\"><span style=\"font-size: 18pt;\"><strong>En redes sociales, David Monreal public\u00f3 un mensaje de condolencias para los familiares y amigos del general; adem\u00e1s asegur\u00f3 que \u201cNo descansaremos en nuestra lucha para pacificar el estado y hacer frente a la delincuencia\u201d.<\/strong><\/span><\/p>\n<p>&nbsp;<\/p>\n<blockquote class=\"twitter-tweet\" data-width=\"550\" data-dnt=\"true\">\n<p lang=\"es\" dir=\"ltr\">Quienes conformamos la Mesa Estatal de Construcci\u00f3n de Paz informamos con pesar el deceso del Gral. Jos\u00e9 Silvestre Urz\u00faa Padilla, coordinador de la Guardia Nacional en el estado. Enviamos nuestras condolencias a sus familiares y seres queridos.<\/p>\n<p>&mdash; David Monreal \u00c1vila (@DavidMonrealA) <a href=\"https:\/\/twitter.com\/DavidMonrealA\/status\/1595930667376087040?ref_src=twsrc%5Etfw\">November 25, 2022<\/a><\/p><\/blockquote>\n<p><script async src=\"https:\/\/platform.twitter.com\/widgets.js\" charset=\"utf-8\"><\/script><\/p>\n<p>&nbsp;<\/p>\n<p class=\"p1\"><span style=\"font-size: 18pt;\"><strong>Recordemos que hace un a\u00f1o, el presidente Andr\u00e9s Manuel L\u00f3pez Obrador visit\u00f3 la entidad para poner en marcha un plan integral para lograr la paz en Zacatecas, donde los c\u00e1rteles de Sinaloa y el Jalisco Nueva Generaci\u00f3n mantienen una abierta disputa.<\/strong><\/span><\/p>\n<p>&nbsp;<\/p>\n<p>&nbsp;<\/p>\n<p>&nbsp;<\/p>\n","protected":false},"excerpt":{"rendered":"<p>&nbsp; CIUDAD DE M\u00c9XICO. El coordinador de la Guardia Nacional (GN) en Zacatecas, el general brigadier Jos\u00e9 Silvestre Urzua Padilla,<\/p>\n","protected":false},"author":4,"featured_media":13008,"comment_status":"closed","ping_status":"closed","sticky":false,"template":"","format":"standard","meta":{"colormag_page_container_layout":"default_layout","colormag_page_sidebar_layout":"default_layout","_jetpack_memberships_contains_paid_content":false,"footnotes":"","jetpack_publicize_message":"","jetpack_publicize_feature_enabled":true,"jetpack_social_post_already_shared":false,"jetpack_social_options":{"image_generator_settings":{"template":"highway","default_image_id":0,"font":"","enabled":false},"version":2}},"categories":[30],"tags":[95,1088,529,1850,1383],"class_list":["post-13007","post","type-post","status-publish","format-standard","has-post-thumbnail","hentry","category-estados","tag-andres-manuel-lopez-obrador","tag-asesinado","tag-guardia-nacional","tag-jose-silvestre-urzua-padilla","tag-zacatecas"],"jetpack_publicize_connections":[],"jetpack_featured_media_url":"https:\/\/i0.wp.com\/politicosaldesnudo.com.mx\/wp-content\/uploads\/2022\/11\/P-GENERAL-URZUA-ASESINADO-1.png?fit=1816%2C1016&ssl=1","jetpack-related-posts":[],"jetpack_sharing_enabled":true,"_links":{"self":[{"href":"https:\/\/politicosaldesnudo.com.mx\/index.php\/wp-json\/wp\/v2\/posts\/13007","targetHints":{"allow":["GET"]}}],"collection":[{"href":"https:\/\/politicosaldesnudo.com.mx\/index.php\/wp-json\/wp\/v2\/posts"}],"about":[{"href":"https:\/\/politicosaldesnudo.com.mx\/index.php\/wp-json\/wp\/v2\/types\/post"}],"author":[{"embeddable":true,"href":"https:\/\/politicosaldesnudo.com.mx\/index.php\/wp-json\/wp\/v2\/users\/4"}],"replies":[{"embeddable":true,"href":"https:\/\/politicosaldesnudo.com.mx\/index.php\/wp-json\/wp\/v2\/comments?post=13007"}],"version-history":[{"count":0,"href":"https:\/\/politicosaldesnudo.com.mx\/index.php\/wp-json\/wp\/v2\/posts\/13007\/revisions"}],"wp:featuredmedia":[{"embeddable":true,"href":"https:\/\/politicosaldesnudo.com.mx\/index.php\/wp-json\/wp\/v2\/media\/13008"}],"wp:attachment":[{"href":"https:\/\/politicosaldesnudo.com.mx\/index.php\/wp-json\/wp\/v2\/media?parent=13007"}],"wp:term":[{"taxonomy":"category","embeddable":true,"href":"https:\/\/politicosaldesnudo.com.mx\/index.php\/wp-json\/wp\/v2\/categories?post=13007"},{"taxonomy":"post_tag","embeddable":true,"href":"https:\/\/politicosaldesnudo.com.mx\/index.php\/wp-json\/wp\/v2\/tags?post=13007"}],"curies":[{"name":"wp","href":"https:\/\/api.w.org\/{rel}","templated":true}]}}