{"id":13026,"date":"2022-11-25T19:06:35","date_gmt":"2022-11-26T01:06:35","guid":{"rendered":"https:\/\/politicosaldesnudo.com.mx\/?p=13026"},"modified":"2022-11-25T19:06:48","modified_gmt":"2022-11-26T01:06:48","slug":"lopez-obrador-y-petro-concretan-acuerdos-en-migracion-y-desarrollo","status":"publish","type":"post","link":"https:\/\/politicosaldesnudo.com.mx\/index.php\/2022\/11\/25\/lopez-obrador-y-petro-concretan-acuerdos-en-migracion-y-desarrollo\/","title":{"rendered":"L\u00f3pez Obrador y Petro concretan acuerdos en migraci\u00f3n y desarrollo"},"content":{"rendered":"<p>&nbsp;<\/p>\n<p class=\"p1\"><span style=\"font-size: 14pt;\"><em><strong>CIUDAD DE M\u00c9XICO.<\/strong> <\/em>El presidente <strong>Andr\u00e9s Manuel L\u00f3pez Obrador<\/strong> afirm\u00f3 que la <strong>hermandad define su relaci\u00f3n con el primer mandatario de Colombia, Gustavo Petro Urrego<\/strong> y con el pueblo de ese pa\u00eds.<span class=\"Apple-converted-space\">\u00a0<\/span><\/span><\/p>\n<p class=\"p1\"><span style=\"font-size: 18pt; color: #139eca;\"><strong>En este encuentro binacional el mandatario colombiano, Gustavo Petro, destac\u00f3 que durante su reuni\u00f3n con Andr\u00e9s Manuel L\u00f3pez Obrador, llegaron a \u201cacuerdos concretos entre Colombia y M\u00e9xico en t\u00e9rminos de soberan\u00eda, integraci\u00f3n, desarrollo y migraci\u00f3n\u201d.<\/strong><\/span><\/p>\n<p>&nbsp;<\/p>\n<p><img data-recalc-dims=\"1\" loading=\"lazy\" decoding=\"async\" class=\"aligncenter wp-image-13030 size-large\" src=\"https:\/\/i0.wp.com\/politicosaldesnudo.com.mx\/wp-content\/uploads\/2022\/11\/P-PETRO-MEXICO-1-1024x1024.png?resize=800%2C800&#038;ssl=1\" alt=\"\" width=\"800\" height=\"800\" srcset=\"https:\/\/i0.wp.com\/politicosaldesnudo.com.mx\/wp-content\/uploads\/2022\/11\/P-PETRO-MEXICO-1.png?resize=1024%2C1024&amp;ssl=1 1024w, https:\/\/i0.wp.com\/politicosaldesnudo.com.mx\/wp-content\/uploads\/2022\/11\/P-PETRO-MEXICO-1.png?resize=300%2C300&amp;ssl=1 300w, https:\/\/i0.wp.com\/politicosaldesnudo.com.mx\/wp-content\/uploads\/2022\/11\/P-PETRO-MEXICO-1.png?resize=150%2C150&amp;ssl=1 150w, https:\/\/i0.wp.com\/politicosaldesnudo.com.mx\/wp-content\/uploads\/2022\/11\/P-PETRO-MEXICO-1.png?resize=768%2C768&amp;ssl=1 768w, https:\/\/i0.wp.com\/politicosaldesnudo.com.mx\/wp-content\/uploads\/2022\/11\/P-PETRO-MEXICO-1.png?w=1500&amp;ssl=1 1500w\" sizes=\"auto, (max-width: 800px) 100vw, 800px\" \/><\/p>\n<p>&nbsp;<\/p>\n<p class=\"p1\"><span style=\"font-size: 18pt;\"><strong>Y es que luego de cuatro horas de reuni\u00f3n privada entre los mandatarios, Andr\u00e9s Manuel L\u00f3pez Obrador inform\u00f3 que la relaci\u00f3n \u201centre nuestros pueblos y con el gobierno del presidente de Colombia, Gustavo Petro\u201d, se puede definir como \u201chermandad\u201d.<\/strong><\/span><\/p>\n<p class=\"p1\"><span style=\"font-size: 14pt;\">Mientras el anfitri\u00f3n le mostr\u00f3 al colombiano los murales que adornan al Palacio Nacional, Petro destac\u00f3 los acuerdos luego de varias horas de un fecundo encuentro con el presidente Andr\u00e9s Manuel Lopez Obrador, aunque no ofreci\u00f3 detalles de dichos compromisos.<\/span><\/p>\n<p>&nbsp;<\/p>\n<blockquote class=\"twitter-tweet\" data-width=\"550\" data-dnt=\"true\">\n<p lang=\"es\" dir=\"ltr\">Con Diego Rivera al fondo. Horas de un encuentro fecundo con el presidente Andres Manuel Lopez Obrador en M\u00e9xico. <a href=\"https:\/\/t.co\/uscyyQ8C9k\">pic.twitter.com\/uscyyQ8C9k<\/a><\/p>\n<p>&mdash; Gustavo Petro (@petrogustavo) <a href=\"https:\/\/twitter.com\/petrogustavo\/status\/1596231514898972673?ref_src=twsrc%5Etfw\">November 25, 2022<\/a><\/p><\/blockquote>\n<p><script async src=\"https:\/\/platform.twitter.com\/widgets.js\" charset=\"utf-8\"><\/script><\/p>\n<p>&nbsp;<\/p>\n<p class=\"p1\"><span style=\"font-size: 18pt;\"><strong>Adem\u00e1s ambos pa\u00edses acordaron intensificar su intercambio comercial para que las poblaciones de M\u00e9xico y Colombia no tengan escasez de alimentos.<\/strong><\/span><\/p>\n<p>&nbsp;<\/p>\n<p><img data-recalc-dims=\"1\" loading=\"lazy\" decoding=\"async\" class=\"aligncenter wp-image-13027 size-large\" src=\"https:\/\/i0.wp.com\/politicosaldesnudo.com.mx\/wp-content\/uploads\/2022\/11\/P-PETRO-MEXICO-2-1024x573.png?resize=800%2C448&#038;ssl=1\" alt=\"\" width=\"800\" height=\"448\" srcset=\"https:\/\/i0.wp.com\/politicosaldesnudo.com.mx\/wp-content\/uploads\/2022\/11\/P-PETRO-MEXICO-2.png?resize=1024%2C573&amp;ssl=1 1024w, https:\/\/i0.wp.com\/politicosaldesnudo.com.mx\/wp-content\/uploads\/2022\/11\/P-PETRO-MEXICO-2.png?resize=300%2C168&amp;ssl=1 300w, https:\/\/i0.wp.com\/politicosaldesnudo.com.mx\/wp-content\/uploads\/2022\/11\/P-PETRO-MEXICO-2.png?resize=768%2C430&amp;ssl=1 768w, https:\/\/i0.wp.com\/politicosaldesnudo.com.mx\/wp-content\/uploads\/2022\/11\/P-PETRO-MEXICO-2.png?resize=1536%2C859&amp;ssl=1 1536w, https:\/\/i0.wp.com\/politicosaldesnudo.com.mx\/wp-content\/uploads\/2022\/11\/P-PETRO-MEXICO-2.png?w=1816&amp;ssl=1 1816w, https:\/\/i0.wp.com\/politicosaldesnudo.com.mx\/wp-content\/uploads\/2022\/11\/P-PETRO-MEXICO-2.png?w=1600&amp;ssl=1 1600w\" sizes=\"auto, (max-width: 800px) 100vw, 800px\" \/><\/p>\n<p>&nbsp;<\/p>\n<blockquote>\n<p class=\"p1\"><span style=\"font-size: 14pt;\">Confirmamos como una tarea prioritaria que refleje la solidaridad entre nuestras nacionales el asegurar el abasto de productos y alimentos b\u00e1sicos a nuestros pueblos a precios asequibles y de alcanzar nuestra soberan\u00eda alimentaria\u201d<\/span><\/p>\n<\/blockquote>\n<p>&nbsp;<\/p>\n<p class=\"p1\"><span style=\"font-size: 14pt;\">Por su parte, el secretario de Relaciones Exteriores (SRE) calific\u00f3 la reuni\u00f3n bilateral como una \u201cextraordinaria conversaci\u00f3n de los Presidentes Petro y L\u00f3pez Obrador. Se ensanchan los caminos de Am\u00e9rica Latina para un futuro mejor\u201d.<\/span><\/p>\n<p>&nbsp;<\/p>\n<p><img data-recalc-dims=\"1\" loading=\"lazy\" decoding=\"async\" class=\"aligncenter wp-image-13028 size-large\" src=\"https:\/\/i0.wp.com\/politicosaldesnudo.com.mx\/wp-content\/uploads\/2022\/11\/P-PETRO-MEXICO-3-1024x573.png?resize=800%2C448&#038;ssl=1\" alt=\"\" width=\"800\" height=\"448\" srcset=\"https:\/\/i0.wp.com\/politicosaldesnudo.com.mx\/wp-content\/uploads\/2022\/11\/P-PETRO-MEXICO-3.png?resize=1024%2C573&amp;ssl=1 1024w, https:\/\/i0.wp.com\/politicosaldesnudo.com.mx\/wp-content\/uploads\/2022\/11\/P-PETRO-MEXICO-3.png?resize=300%2C168&amp;ssl=1 300w, https:\/\/i0.wp.com\/politicosaldesnudo.com.mx\/wp-content\/uploads\/2022\/11\/P-PETRO-MEXICO-3.png?resize=768%2C430&amp;ssl=1 768w, https:\/\/i0.wp.com\/politicosaldesnudo.com.mx\/wp-content\/uploads\/2022\/11\/P-PETRO-MEXICO-3.png?resize=1536%2C859&amp;ssl=1 1536w, https:\/\/i0.wp.com\/politicosaldesnudo.com.mx\/wp-content\/uploads\/2022\/11\/P-PETRO-MEXICO-3.png?w=1816&amp;ssl=1 1816w, https:\/\/i0.wp.com\/politicosaldesnudo.com.mx\/wp-content\/uploads\/2022\/11\/P-PETRO-MEXICO-3.png?w=1600&amp;ssl=1 1600w\" sizes=\"auto, (max-width: 800px) 100vw, 800px\" \/><\/p>\n<p>&nbsp;<\/p>\n<p class=\"p1\"><span style=\"font-size: 18pt; color: #139eca;\"><strong>REUNI\u00d3N CON CLAUDIA SHEINBAUM<\/strong><\/span><\/p>\n<p class=\"p1\"><span style=\"font-size: 14pt;\">Luego de la reuni\u00f3n con Andr\u00e9s Manuel L\u00f3pez Obrador, el presidente colombiano se reuni\u00f3 en el Palacio del Ayuntamiento con la jefa de Gobierno de la Ciudad de M\u00e9xico,\u00a0Claudia Sheinbaum.<span class=\"Apple-converted-space\">\u00a0<\/span><\/span><\/p>\n<p class=\"p1\"><span style=\"font-size: 18pt;\"><strong>Ah\u00ed al presidente Gustavo Petro se le declar\u00f3\u00a0hu\u00e9sped distinguido de la Ciudad de M\u00e9xico y firm\u00f3 el llibro de\u00a0visitantes prominentes.<\/strong><\/span><\/p>\n<p class=\"p1\"><span style=\"font-size: 18pt; color: #139eca;\"><strong>En la ceremonia el mandatario fue reconocido por \u201csu larga historia de lucha por la democracia, la justicia social, el respeto a los derechos humanos y la contribuci\u00f3n a la paz e igualdad en Am\u00e9rica Latina\u201d.<\/strong><\/span><\/p>\n<p>&nbsp;<\/p>\n<p>&nbsp;<\/p>\n<p>&nbsp;<\/p>\n<p>&nbsp;<\/p>\n","protected":false},"excerpt":{"rendered":"<p>&nbsp; CIUDAD DE M\u00c9XICO. El presidente Andr\u00e9s Manuel L\u00f3pez Obrador afirm\u00f3 que la hermandad define su relaci\u00f3n con el primer<\/p>\n","protected":false},"author":4,"featured_media":13029,"comment_status":"closed","ping_status":"closed","sticky":false,"template":"","format":"standard","meta":{"colormag_page_container_layout":"default_layout","colormag_page_sidebar_layout":"default_layout","_jetpack_memberships_contains_paid_content":false,"footnotes":"","jetpack_publicize_message":"","jetpack_publicize_feature_enabled":true,"jetpack_social_post_already_shared":false,"jetpack_social_options":{"image_generator_settings":{"template":"highway","default_image_id":0,"font":"","enabled":false},"version":2}},"categories":[33],"tags":[95,302,1852,462,1853,42,481],"class_list":["post-13026","post","type-post","status-publish","format-standard","has-post-thumbnail","hentry","category-nacional","tag-andres-manuel-lopez-obrador","tag-colombia","tag-desarrollo","tag-gustavo-petro","tag-hermandad","tag-mexico","tag-migracion"],"jetpack_publicize_connections":[],"jetpack_featured_media_url":"https:\/\/i0.wp.com\/politicosaldesnudo.com.mx\/wp-content\/uploads\/2022\/11\/P-PETRO-MEXICO-4.png?fit=1816%2C1016&ssl=1","jetpack-related-posts":[],"jetpack_sharing_enabled":true,"_links":{"self":[{"href":"https:\/\/politicosaldesnudo.com.mx\/index.php\/wp-json\/wp\/v2\/posts\/13026","targetHints":{"allow":["GET"]}}],"collection":[{"href":"https:\/\/politicosaldesnudo.com.mx\/index.php\/wp-json\/wp\/v2\/posts"}],"about":[{"href":"https:\/\/politicosaldesnudo.com.mx\/index.php\/wp-json\/wp\/v2\/types\/post"}],"author":[{"embeddable":true,"href":"https:\/\/politicosaldesnudo.com.mx\/index.php\/wp-json\/wp\/v2\/users\/4"}],"replies":[{"embeddable":true,"href":"https:\/\/politicosaldesnudo.com.mx\/index.php\/wp-json\/wp\/v2\/comments?post=13026"}],"version-history":[{"count":0,"href":"https:\/\/politicosaldesnudo.com.mx\/index.php\/wp-json\/wp\/v2\/posts\/13026\/revisions"}],"wp:featuredmedia":[{"embeddable":true,"href":"https:\/\/politicosaldesnudo.com.mx\/index.php\/wp-json\/wp\/v2\/media\/13029"}],"wp:attachment":[{"href":"https:\/\/politicosaldesnudo.com.mx\/index.php\/wp-json\/wp\/v2\/media?parent=13026"}],"wp:term":[{"taxonomy":"category","embeddable":true,"href":"https:\/\/politicosaldesnudo.com.mx\/index.php\/wp-json\/wp\/v2\/categories?post=13026"},{"taxonomy":"post_tag","embeddable":true,"href":"https:\/\/politicosaldesnudo.com.mx\/index.php\/wp-json\/wp\/v2\/tags?post=13026"}],"curies":[{"name":"wp","href":"https:\/\/api.w.org\/{rel}","templated":true}]}}