{"id":13032,"date":"2022-11-25T16:13:03","date_gmt":"2022-11-25T22:13:03","guid":{"rendered":"https:\/\/politicosaldesnudo.com.mx\/?p=13032"},"modified":"2022-11-25T19:26:51","modified_gmt":"2022-11-26T01:26:51","slug":"honduras-republica-dominicana-el-salvador-bolivia-y-brasil-paises-mas-inseguros-para-las-mujeres","status":"publish","type":"post","link":"https:\/\/politicosaldesnudo.com.mx\/index.php\/2022\/11\/25\/honduras-republica-dominicana-el-salvador-bolivia-y-brasil-paises-mas-inseguros-para-las-mujeres\/","title":{"rendered":"Honduras, Rep\u00fablica Dominicana, El Salvador, Bolivia y Brasil, pa\u00edses m\u00e1s inseguros para las mujeres"},"content":{"rendered":"<p>&nbsp;<\/p>\n<p class=\"p1\"><span style=\"font-size: 14pt;\"><em><strong>NUEVA YORK, EU.<\/strong> <\/em>En toda la regi\u00f3n, incluido el Caribe, <span style=\"color: #139eca;\"><strong>12 mujeres son asesinadas al d\u00eda por raz\u00f3n de g\u00e9nero<\/strong><\/span>. La estrategia para enfrentar de forma urgente esta pandemia en la sombra debe basarse en cuatro pilares: financiamiento, prevenci\u00f3n, respuesta p\u00fablica y sistemas de informaci\u00f3n.\u00a0<\/span><\/p>\n<p class=\"p1\"><span style=\"font-size: 18pt;\"><strong>En 2021, al menos 4473 mujeres fueron v\u00edctimas asesinadas en Am\u00e9rica Latina y el Caribe por razones de g\u00e9nero, seg\u00fan los\u00a0\u00faltimos datos oficiales\u00a0informados por los pa\u00edses al\u00a0Observatorio de Igualdad de G\u00e9nero de Am\u00e9rica Latina y el Caribe\u00a0(OIG) de la Comisi\u00f3n Econ\u00f3mica para Am\u00e9rica Latina y el Caribe (CEPAL).<\/strong><\/span><\/p>\n<p class=\"p1\"><span style=\"font-size: 18pt; color: #139eca;\"><strong>Esa cifra representa al menos 12 muertes violentas de mujeres por raz\u00f3n de g\u00e9nero cada d\u00eda en la regi\u00f3n, alerta la instituci\u00f3n.<\/strong><\/span><\/p>\n<p>&nbsp;<\/p>\n<blockquote>\n<p class=\"p1\"><span style=\"font-size: 14pt;\">Desde hace una d\u00e9cada y media, los Estados de Am\u00e9rica Latina y el Caribe han reconocido la gravedad de la violencia feminicida y las muertes violentas de mujeres por raz\u00f3n de g\u00e9nero, lo que se ha expresado en la aprobaci\u00f3n de leyes y protocolos y en la construcci\u00f3n de institucionalidad espec\u00edfica\u201d, asegura el organismo de la ONU que destaca que \u201ca pesar de estos avances, el feminicidio persiste como una realidad y no se observan se\u00f1ales claras de que el fen\u00f3meno vaya en disminuci\u00f3n\u201d<\/span><\/p>\n<\/blockquote>\n<p>&nbsp;<\/p>\n<p><span style=\"font-size: 18pt; color: #139eca;\"><strong>LOS CASOS DE FEMINICIDIOS<\/strong><\/span><\/p>\n<p class=\"p1\"><span style=\"font-size: 18pt;\"><strong>En 2021, de los 18 pa\u00edses o territorios de Am\u00e9rica Latina que proporcionaron informaci\u00f3n, 11 presentaban una tasa igual o superior a una v\u00edctima de feminicidio, tambi\u00e9n conocido como <span style=\"color: #139eca;\">femicidio<\/span>, por cada 100,000 mujeres.<\/strong><\/span><\/p>\n<p class=\"p1\"><span style=\"font-size: 18pt; color: #139eca;\"><strong>Las mayores tasas de feminicidio en Am\u00e9rica Latina se registraron en Honduras (4.6 casos por cada 100,000 mujeres), la Rep\u00fablica Dominicana (2.7 casos), El Salvador (2.4 casos), Bolivia (1.8 casos) y Brasil (1.7 casos).<\/strong><\/span><\/p>\n<p class=\"p1\"><span style=\"font-size: 14pt;\">En el Caribe, un total de 28 mujeres fueron v\u00edctimas de violencia letal de g\u00e9nero en 11 pa\u00edses y territorios que entregaron informaci\u00f3n correspondiente a 2021. Belice y Guyana presentaron las mayores tasas de femicidio o feminicidio en el Caribe, con 3.5 y 2.0 por cada 100,000 mujeres, respectivamente.<\/span><\/p>\n<p class=\"p1\"><span style=\"font-size: 18pt;\"><strong>Un reciente estudio de la ONU, mostraba que a nivel mundial el hogar es un lugar mortal para muchas mujeres y ni\u00f1as, ya que en todo el mundo cinco mujeres o ni\u00f1as son asesinadas cada hora por alguien de su propia familia.<\/strong><\/span><\/p>\n<p>&nbsp;<\/p>\n<p><img data-recalc-dims=\"1\" loading=\"lazy\" decoding=\"async\" class=\"aligncenter wp-image-13034 size-large\" src=\"https:\/\/i0.wp.com\/politicosaldesnudo.com.mx\/wp-content\/uploads\/2022\/11\/P-VIOLENCIA-CEPAL-2-1024x573.png?resize=800%2C448&#038;ssl=1\" alt=\"\" width=\"800\" height=\"448\" srcset=\"https:\/\/i0.wp.com\/politicosaldesnudo.com.mx\/wp-content\/uploads\/2022\/11\/P-VIOLENCIA-CEPAL-2.png?resize=1024%2C573&amp;ssl=1 1024w, https:\/\/i0.wp.com\/politicosaldesnudo.com.mx\/wp-content\/uploads\/2022\/11\/P-VIOLENCIA-CEPAL-2.png?resize=300%2C168&amp;ssl=1 300w, https:\/\/i0.wp.com\/politicosaldesnudo.com.mx\/wp-content\/uploads\/2022\/11\/P-VIOLENCIA-CEPAL-2.png?resize=768%2C430&amp;ssl=1 768w, https:\/\/i0.wp.com\/politicosaldesnudo.com.mx\/wp-content\/uploads\/2022\/11\/P-VIOLENCIA-CEPAL-2.png?resize=1536%2C859&amp;ssl=1 1536w, https:\/\/i0.wp.com\/politicosaldesnudo.com.mx\/wp-content\/uploads\/2022\/11\/P-VIOLENCIA-CEPAL-2.png?w=1816&amp;ssl=1 1816w\" sizes=\"auto, (max-width: 800px) 100vw, 800px\" \/><\/p>\n<p>&nbsp;<\/p>\n<blockquote>\n<p class=\"p1\"><span style=\"font-size: 14pt; font-family: -apple-system, BlinkMacSystemFont, 'Segoe UI', Roboto, Oxygen-Sans, Ubuntu, Cantarell, 'Helvetica Neue', sans-serif;\">Las cifras que hoy presentamos sobre femicidios en Am\u00e9rica Latina y el Caribe son inaceptables. Nuestra obligaci\u00f3n es redoblar esfuerzos para que las mujeres y ni\u00f1as de nuestra regi\u00f3n puedan ejercer verdaderamente su derecho a vivir una vida libre de violencia y discriminaci\u00f3n\u201d, dijo el secretario ejecutivo de la CEPAL, Jos\u00e9 Manuel Salazar-Xirinachs<\/span><\/p>\n<\/blockquote>\n<p>&nbsp;<\/p>\n<p class=\"p1\"><span style=\"font-size: 14pt;\">As\u00ed lo se\u00f1al\u00f3 en el marco del\u00a0<span class=\"s1\">D\u00eda Internacional de la Eliminaci\u00f3n de la Violencia contra la Mujer<\/span>\u00a0que se celebra cada 25 de noviembre y que da inicio a\u00a0<span class=\"s1\">16 d\u00edas de activismo<\/span>\u00a0hasta el 10 de diciembre, D\u00eda de los Derechos Humanos.<\/span><\/p>\n<p class=\"p1\"><span style=\"font-size: 18pt; color: #139eca;\"><strong>En 10 pa\u00edses de Am\u00e9rica Latina, de los 18 analizados, las tasas de feminicidio se mantuvieron iguales o superiores a un caso por cada 100,000 mujeres entre 2019 y 2021: Argentina, Bolivia, Brasil, El Salvador, Guatemala, Honduras, M\u00e9xico, Paraguay, Rep\u00fablica Dominicana y Uruguay.<\/strong><\/span><\/p>\n<p class=\"p1\"><span style=\"font-size: 14pt;\">Las adolescentes y j\u00f3venes de entre 15 y 29 a\u00f1os componen el tramo etario en que se concentra la mayor proporci\u00f3n de mujeres asesinadas, de acuerdo con datos de 16 pa\u00edses y territorios de la regi\u00f3n entre 2019 y 2021. M\u00e1s de un 4% del total de esos delitos corresponden a ni\u00f1as menores de 14 a\u00f1os.<\/span><\/p>\n<p class=\"p1\"><span style=\"font-size: 18pt; color: #139eca;\"><strong>Adem\u00e1s, en 2021 al menos 781 ni\u00f1as, ni\u00f1os y adolescentes y otros dependientes perdieron a su madre o cuidadora por esta causa en tan solo 10 pa\u00edses de la regi\u00f3n que cuentan con datos al respecto.<\/strong><\/span><\/p>\n<p>&nbsp;<\/p>\n<p>&nbsp;<\/p>\n<p>&nbsp;<\/p>\n<p>&nbsp;<\/p>\n<p>&nbsp;<\/p>\n","protected":false},"excerpt":{"rendered":"<p>&nbsp; NUEVA YORK, EU. En toda la regi\u00f3n, incluido el Caribe, 12 mujeres son asesinadas al d\u00eda por raz\u00f3n de [&hellip;]<\/p>\n","protected":false},"author":4,"featured_media":13033,"comment_status":"closed","ping_status":"closed","sticky":false,"template":"","format":"standard","meta":{"site-sidebar-layout":"default","site-content-layout":"","ast-site-content-layout":"default","site-content-style":"default","site-sidebar-style":"default","ast-global-header-display":"","ast-banner-title-visibility":"","ast-main-header-display":"","ast-hfb-above-header-display":"","ast-hfb-below-header-display":"","ast-hfb-mobile-header-display":"","site-post-title":"","ast-breadcrumbs-content":"","ast-featured-img":"","footer-sml-layout":"","ast-disable-related-posts":"","theme-transparent-header-meta":"","adv-header-id-meta":"","stick-header-meta":"","header-above-stick-meta":"","header-main-stick-meta":"","header-below-stick-meta":"","astra-migrate-meta-layouts":"default","ast-page-background-enabled":"default","ast-page-background-meta":{"desktop":{"background-color":"var(--ast-global-color-5)","background-image":"","background-repeat":"repeat","background-position":"center center","background-size":"auto","background-attachment":"scroll","background-type":"","background-media":"","overlay-type":"","overlay-color":"","overlay-opacity":"","overlay-gradient":""},"tablet":{"background-color":"","background-image":"","background-repeat":"repeat","background-position":"center center","background-size":"auto","background-attachment":"scroll","background-type":"","background-media":"","overlay-type":"","overlay-color":"","overlay-opacity":"","overlay-gradient":""},"mobile":{"background-color":"","background-image":"","background-repeat":"repeat","background-position":"center center","background-size":"auto","background-attachment":"scroll","background-type":"","background-media":"","overlay-type":"","overlay-color":"","overlay-opacity":"","overlay-gradient":""}},"ast-content-background-meta":{"desktop":{"background-color":"var(--ast-global-color-4)","background-image":"","background-repeat":"repeat","background-position":"center center","background-size":"auto","background-attachment":"scroll","background-type":"","background-media":"","overlay-type":"","overlay-color":"","overlay-opacity":"","overlay-gradient":""},"tablet":{"background-color":"var(--ast-global-color-4)","background-image":"","background-repeat":"repeat","background-position":"center center","background-size":"auto","background-attachment":"scroll","background-type":"","background-media":"","overlay-type":"","overlay-color":"","overlay-opacity":"","overlay-gradient":""},"mobile":{"background-color":"var(--ast-global-color-4)","background-image":"","background-repeat":"repeat","background-position":"center center","background-size":"auto","background-attachment":"scroll","background-type":"","background-media":"","overlay-type":"","overlay-color":"","overlay-opacity":"","overlay-gradient":""}},"_jetpack_newsletter_access":"","_jetpack_dont_email_post_to_subs":false,"_jetpack_newsletter_tier_id":0,"_jetpack_memberships_contains_paywalled_content":false,"_jetpack_feature_clip_id":0,"_jetpack_memberships_contains_paid_content":false,"footnotes":"","jetpack_publicize_message":"","jetpack_publicize_feature_enabled":true,"jetpack_social_post_already_shared":false,"jetpack_social_options":{"image_generator_settings":{"template":"highway","default_image_id":0,"font":"","enabled":false},"version":2},"jetpack_post_was_ever_published":false},"categories":[28],"tags":[812,1854,211,1855,57,168],"class_list":["post-13032","post","type-post","status-publish","format-standard","has-post-thumbnail","hentry","category-internacional","tag-america-latina","tag-cepal","tag-feminicidio","tag-mujeres-asesinadas","tag-onu","tag-violencia"],"yoast_head":"<!-- This site is optimized with the Yoast SEO plugin v28.3 - https:\/\/yoast.com\/product\/yoast-seo-wordpress\/ -->\n<title>Honduras, Rep\u00fablica Dominicana, El Salvador, Bolivia y Brasil, pa\u00edses m\u00e1s inseguros para las mujeres - Pol\u00edticos al Desnudo<\/title>\n<meta name=\"robots\" content=\"index, follow, max-snippet:-1, max-image-preview:large, max-video-preview:-1\" \/>\n<link rel=\"canonical\" href=\"https:\/\/politicosaldesnudo.com.mx\/index.php\/2022\/11\/25\/honduras-republica-dominicana-el-salvador-bolivia-y-brasil-paises-mas-inseguros-para-las-mujeres\/\" \/>\n<meta property=\"og:locale\" content=\"es_ES\" \/>\n<meta property=\"og:type\" content=\"article\" \/>\n<meta property=\"og:title\" content=\"Honduras, Rep\u00fablica Dominicana, El Salvador, Bolivia y Brasil, pa\u00edses m\u00e1s inseguros para las mujeres - Pol\u00edticos al Desnudo\" \/>\n<meta property=\"og:description\" content=\"&nbsp; NUEVA YORK, EU. En toda la regi\u00f3n, incluido el Caribe, 12 mujeres son asesinadas al d\u00eda por raz\u00f3n de [&hellip;]\" \/>\n<meta property=\"og:url\" content=\"https:\/\/politicosaldesnudo.com.mx\/index.php\/2022\/11\/25\/honduras-republica-dominicana-el-salvador-bolivia-y-brasil-paises-mas-inseguros-para-las-mujeres\/\" \/>\n<meta property=\"og:site_name\" content=\"Pol\u00edticos al Desnudo\" \/>\n<meta property=\"article:publisher\" content=\"https:\/\/www.facebook.com\/PoliticosAD\" \/>\n<meta property=\"article:published_time\" content=\"2022-11-25T22:13:03+00:00\" \/>\n<meta property=\"article:modified_time\" content=\"2022-11-26T01:26:51+00:00\" \/>\n<meta property=\"og:image\" content=\"https:\/\/i0.wp.com\/politicosaldesnudo.com.mx\/wp-content\/uploads\/2022\/11\/P-VIOLENCIA-CEPAL-1.png?fit=1816%2C1016&ssl=1\" \/>\n\t<meta property=\"og:image:width\" content=\"1816\" \/>\n\t<meta property=\"og:image:height\" content=\"1016\" \/>\n\t<meta property=\"og:image:type\" content=\"image\/png\" \/>\n<meta name=\"author\" content=\"Redacci\u00f3n Pol\u00edticos\" \/>\n<meta name=\"twitter:card\" content=\"summary_large_image\" \/>\n<meta name=\"twitter:label1\" content=\"Escrito por\" \/>\n\t<meta name=\"twitter:data1\" content=\"Redacci\u00f3n Pol\u00edticos\" \/>\n\t<meta name=\"twitter:label2\" content=\"Tiempo de lectura\" \/>\n\t<meta name=\"twitter:data2\" content=\"3 minutos\" \/>\n<script type=\"application\/ld+json\" class=\"yoast-schema-graph\">{\"@context\":\"https:\\\/\\\/schema.org\",\"@graph\":[{\"@type\":\"Article\",\"@id\":\"https:\\\/\\\/politicosaldesnudo.com.mx\\\/index.php\\\/2022\\\/11\\\/25\\\/honduras-republica-dominicana-el-salvador-bolivia-y-brasil-paises-mas-inseguros-para-las-mujeres\\\/#article\",\"isPartOf\":{\"@id\":\"https:\\\/\\\/politicosaldesnudo.com.mx\\\/index.php\\\/2022\\\/11\\\/25\\\/honduras-republica-dominicana-el-salvador-bolivia-y-brasil-paises-mas-inseguros-para-las-mujeres\\\/\"},\"author\":{\"name\":\"Redacci\u00f3n Pol\u00edticos\",\"@id\":\"https:\\\/\\\/politicosaldesnudo.com.mx\\\/#\\\/schema\\\/person\\\/ef3a64e561cc3f3f5dc52fab81adde7e\"},\"headline\":\"Honduras, Rep\u00fablica Dominicana, El Salvador, Bolivia y Brasil, pa\u00edses m\u00e1s inseguros para las mujeres\",\"datePublished\":\"2022-11-25T22:13:03+00:00\",\"dateModified\":\"2022-11-26T01:26:51+00:00\",\"mainEntityOfPage\":{\"@id\":\"https:\\\/\\\/politicosaldesnudo.com.mx\\\/index.php\\\/2022\\\/11\\\/25\\\/honduras-republica-dominicana-el-salvador-bolivia-y-brasil-paises-mas-inseguros-para-las-mujeres\\\/\"},\"wordCount\":660,\"publisher\":{\"@id\":\"https:\\\/\\\/politicosaldesnudo.com.mx\\\/#organization\"},\"image\":{\"@id\":\"https:\\\/\\\/politicosaldesnudo.com.mx\\\/index.php\\\/2022\\\/11\\\/25\\\/honduras-republica-dominicana-el-salvador-bolivia-y-brasil-paises-mas-inseguros-para-las-mujeres\\\/#primaryimage\"},\"thumbnailUrl\":\"https:\\\/\\\/i0.wp.com\\\/politicosaldesnudo.com.mx\\\/wp-content\\\/uploads\\\/2022\\\/11\\\/P-VIOLENCIA-CEPAL-1.png?fit=1816%2C1016&ssl=1\",\"keywords\":[\"AM\u00c9RICA LATINA\",\"CEPAL\",\"FEMINICIDIO\",\"MUJERES ASESINADAS\",\"ONU\",\"VIOLENCIA\"],\"articleSection\":[\"INTERNACIONAL\"],\"inLanguage\":\"es\"},{\"@type\":\"WebPage\",\"@id\":\"https:\\\/\\\/politicosaldesnudo.com.mx\\\/index.php\\\/2022\\\/11\\\/25\\\/honduras-republica-dominicana-el-salvador-bolivia-y-brasil-paises-mas-inseguros-para-las-mujeres\\\/\",\"url\":\"https:\\\/\\\/politicosaldesnudo.com.mx\\\/index.php\\\/2022\\\/11\\\/25\\\/honduras-republica-dominicana-el-salvador-bolivia-y-brasil-paises-mas-inseguros-para-las-mujeres\\\/\",\"name\":\"Honduras, Rep\u00fablica Dominicana, El Salvador, Bolivia y Brasil, pa\u00edses m\u00e1s inseguros para las mujeres - Pol\u00edticos al Desnudo\",\"isPartOf\":{\"@id\":\"https:\\\/\\\/politicosaldesnudo.com.mx\\\/#website\"},\"primaryImageOfPage\":{\"@id\":\"https:\\\/\\\/politicosaldesnudo.com.mx\\\/index.php\\\/2022\\\/11\\\/25\\\/honduras-republica-dominicana-el-salvador-bolivia-y-brasil-paises-mas-inseguros-para-las-mujeres\\\/#primaryimage\"},\"image\":{\"@id\":\"https:\\\/\\\/politicosaldesnudo.com.mx\\\/index.php\\\/2022\\\/11\\\/25\\\/honduras-republica-dominicana-el-salvador-bolivia-y-brasil-paises-mas-inseguros-para-las-mujeres\\\/#primaryimage\"},\"thumbnailUrl\":\"https:\\\/\\\/i0.wp.com\\\/politicosaldesnudo.com.mx\\\/wp-content\\\/uploads\\\/2022\\\/11\\\/P-VIOLENCIA-CEPAL-1.png?fit=1816%2C1016&ssl=1\",\"datePublished\":\"2022-11-25T22:13:03+00:00\",\"dateModified\":\"2022-11-26T01:26:51+00:00\",\"breadcrumb\":{\"@id\":\"https:\\\/\\\/politicosaldesnudo.com.mx\\\/index.php\\\/2022\\\/11\\\/25\\\/honduras-republica-dominicana-el-salvador-bolivia-y-brasil-paises-mas-inseguros-para-las-mujeres\\\/#breadcrumb\"},\"inLanguage\":\"es\",\"potentialAction\":[{\"@type\":\"ReadAction\",\"target\":[\"https:\\\/\\\/politicosaldesnudo.com.mx\\\/index.php\\\/2022\\\/11\\\/25\\\/honduras-republica-dominicana-el-salvador-bolivia-y-brasil-paises-mas-inseguros-para-las-mujeres\\\/\"]}]},{\"@type\":\"ImageObject\",\"inLanguage\":\"es\",\"@id\":\"https:\\\/\\\/politicosaldesnudo.com.mx\\\/index.php\\\/2022\\\/11\\\/25\\\/honduras-republica-dominicana-el-salvador-bolivia-y-brasil-paises-mas-inseguros-para-las-mujeres\\\/#primaryimage\",\"url\":\"https:\\\/\\\/i0.wp.com\\\/politicosaldesnudo.com.mx\\\/wp-content\\\/uploads\\\/2022\\\/11\\\/P-VIOLENCIA-CEPAL-1.png?fit=1816%2C1016&ssl=1\",\"contentUrl\":\"https:\\\/\\\/i0.wp.com\\\/politicosaldesnudo.com.mx\\\/wp-content\\\/uploads\\\/2022\\\/11\\\/P-VIOLENCIA-CEPAL-1.png?fit=1816%2C1016&ssl=1\",\"width\":1816,\"height\":1016},{\"@type\":\"BreadcrumbList\",\"@id\":\"https:\\\/\\\/politicosaldesnudo.com.mx\\\/index.php\\\/2022\\\/11\\\/25\\\/honduras-republica-dominicana-el-salvador-bolivia-y-brasil-paises-mas-inseguros-para-las-mujeres\\\/#breadcrumb\",\"itemListElement\":[{\"@type\":\"ListItem\",\"position\":1,\"name\":\"Portada\",\"item\":\"https:\\\/\\\/politicosaldesnudo.com.mx\\\/\"},{\"@type\":\"ListItem\",\"position\":2,\"name\":\"Honduras, Rep\u00fablica Dominicana, El Salvador, Bolivia y Brasil, pa\u00edses m\u00e1s inseguros para las mujeres\"}]},{\"@type\":\"WebSite\",\"@id\":\"https:\\\/\\\/politicosaldesnudo.com.mx\\\/#website\",\"url\":\"https:\\\/\\\/politicosaldesnudo.com.mx\\\/\",\"name\":\"Pol\u00edticos al Desnudo\",\"description\":\"\",\"publisher\":{\"@id\":\"https:\\\/\\\/politicosaldesnudo.com.mx\\\/#organization\"},\"potentialAction\":[{\"@type\":\"SearchAction\",\"target\":{\"@type\":\"EntryPoint\",\"urlTemplate\":\"https:\\\/\\\/politicosaldesnudo.com.mx\\\/?s={search_term_string}\"},\"query-input\":{\"@type\":\"PropertyValueSpecification\",\"valueRequired\":true,\"valueName\":\"search_term_string\"}}],\"inLanguage\":\"es\"},{\"@type\":\"Organization\",\"@id\":\"https:\\\/\\\/politicosaldesnudo.com.mx\\\/#organization\",\"name\":\"Pol\u00edticos al Desnudo\",\"url\":\"https:\\\/\\\/politicosaldesnudo.com.mx\\\/\",\"logo\":{\"@type\":\"ImageObject\",\"inLanguage\":\"es\",\"@id\":\"https:\\\/\\\/politicosaldesnudo.com.mx\\\/#\\\/schema\\\/logo\\\/image\\\/\",\"url\":\"https:\\\/\\\/i0.wp.com\\\/politicosaldesnudo.com.mx\\\/wp-content\\\/uploads\\\/2026\\\/08\\\/cropped-logo.webp?fit=400%2C126&ssl=1\",\"contentUrl\":\"https:\\\/\\\/i0.wp.com\\\/politicosaldesnudo.com.mx\\\/wp-content\\\/uploads\\\/2026\\\/08\\\/cropped-logo.webp?fit=400%2C126&ssl=1\",\"width\":400,\"height\":126,\"caption\":\"Pol\u00edticos al Desnudo\"},\"image\":{\"@id\":\"https:\\\/\\\/politicosaldesnudo.com.mx\\\/#\\\/schema\\\/logo\\\/image\\\/\"},\"sameAs\":[\"https:\\\/\\\/www.facebook.com\\\/PoliticosAD\"]},{\"@type\":\"Person\",\"@id\":\"https:\\\/\\\/politicosaldesnudo.com.mx\\\/#\\\/schema\\\/person\\\/ef3a64e561cc3f3f5dc52fab81adde7e\",\"name\":\"Redacci\u00f3n Pol\u00edticos\",\"url\":\"https:\\\/\\\/politicosaldesnudo.com.mx\\\/index.php\\\/author\\\/redaccion-politicos\\\/\"}]}<\/script>\n<!-- \/ Yoast SEO plugin. -->","yoast_head_json":{"title":"Honduras, Rep\u00fablica Dominicana, El Salvador, Bolivia y Brasil, pa\u00edses m\u00e1s inseguros para las mujeres - Pol\u00edticos al Desnudo","robots":{"index":"index","follow":"follow","max-snippet":"max-snippet:-1","max-image-preview":"max-image-preview:large","max-video-preview":"max-video-preview:-1"},"canonical":"https:\/\/politicosaldesnudo.com.mx\/index.php\/2022\/11\/25\/honduras-republica-dominicana-el-salvador-bolivia-y-brasil-paises-mas-inseguros-para-las-mujeres\/","og_locale":"es_ES","og_type":"article","og_title":"Honduras, Rep\u00fablica Dominicana, El Salvador, Bolivia y Brasil, pa\u00edses m\u00e1s inseguros para las mujeres - Pol\u00edticos al Desnudo","og_description":"&nbsp; NUEVA YORK, EU. En toda la regi\u00f3n, incluido el Caribe, 12 mujeres son asesinadas al d\u00eda por raz\u00f3n de [&hellip;]","og_url":"https:\/\/politicosaldesnudo.com.mx\/index.php\/2022\/11\/25\/honduras-republica-dominicana-el-salvador-bolivia-y-brasil-paises-mas-inseguros-para-las-mujeres\/","og_site_name":"Pol\u00edticos al Desnudo","article_publisher":"https:\/\/www.facebook.com\/PoliticosAD","article_published_time":"2022-11-25T22:13:03+00:00","article_modified_time":"2022-11-26T01:26:51+00:00","og_image":[{"width":1816,"height":1016,"url":"https:\/\/i0.wp.com\/politicosaldesnudo.com.mx\/wp-content\/uploads\/2022\/11\/P-VIOLENCIA-CEPAL-1.png?fit=1816%2C1016&ssl=1","type":"image\/png"}],"author":"Redacci\u00f3n Pol\u00edticos","twitter_card":"summary_large_image","twitter_misc":{"Escrito por":"Redacci\u00f3n Pol\u00edticos","Tiempo de lectura":"3 minutos"},"schema":{"@context":"https:\/\/schema.org","@graph":[{"@type":"Article","@id":"https:\/\/politicosaldesnudo.com.mx\/index.php\/2022\/11\/25\/honduras-republica-dominicana-el-salvador-bolivia-y-brasil-paises-mas-inseguros-para-las-mujeres\/#article","isPartOf":{"@id":"https:\/\/politicosaldesnudo.com.mx\/index.php\/2022\/11\/25\/honduras-republica-dominicana-el-salvador-bolivia-y-brasil-paises-mas-inseguros-para-las-mujeres\/"},"author":{"name":"Redacci\u00f3n Pol\u00edticos","@id":"https:\/\/politicosaldesnudo.com.mx\/#\/schema\/person\/ef3a64e561cc3f3f5dc52fab81adde7e"},"headline":"Honduras, Rep\u00fablica Dominicana, El Salvador, Bolivia y Brasil, pa\u00edses m\u00e1s inseguros para las mujeres","datePublished":"2022-11-25T22:13:03+00:00","dateModified":"2022-11-26T01:26:51+00:00","mainEntityOfPage":{"@id":"https:\/\/politicosaldesnudo.com.mx\/index.php\/2022\/11\/25\/honduras-republica-dominicana-el-salvador-bolivia-y-brasil-paises-mas-inseguros-para-las-mujeres\/"},"wordCount":660,"publisher":{"@id":"https:\/\/politicosaldesnudo.com.mx\/#organization"},"image":{"@id":"https:\/\/politicosaldesnudo.com.mx\/index.php\/2022\/11\/25\/honduras-republica-dominicana-el-salvador-bolivia-y-brasil-paises-mas-inseguros-para-las-mujeres\/#primaryimage"},"thumbnailUrl":"https:\/\/i0.wp.com\/politicosaldesnudo.com.mx\/wp-content\/uploads\/2022\/11\/P-VIOLENCIA-CEPAL-1.png?fit=1816%2C1016&ssl=1","keywords":["AM\u00c9RICA LATINA","CEPAL","FEMINICIDIO","MUJERES ASESINADAS","ONU","VIOLENCIA"],"articleSection":["INTERNACIONAL"],"inLanguage":"es"},{"@type":"WebPage","@id":"https:\/\/politicosaldesnudo.com.mx\/index.php\/2022\/11\/25\/honduras-republica-dominicana-el-salvador-bolivia-y-brasil-paises-mas-inseguros-para-las-mujeres\/","url":"https:\/\/politicosaldesnudo.com.mx\/index.php\/2022\/11\/25\/honduras-republica-dominicana-el-salvador-bolivia-y-brasil-paises-mas-inseguros-para-las-mujeres\/","name":"Honduras, Rep\u00fablica Dominicana, El Salvador, Bolivia y Brasil, pa\u00edses m\u00e1s inseguros para las mujeres - Pol\u00edticos al Desnudo","isPartOf":{"@id":"https:\/\/politicosaldesnudo.com.mx\/#website"},"primaryImageOfPage":{"@id":"https:\/\/politicosaldesnudo.com.mx\/index.php\/2022\/11\/25\/honduras-republica-dominicana-el-salvador-bolivia-y-brasil-paises-mas-inseguros-para-las-mujeres\/#primaryimage"},"image":{"@id":"https:\/\/politicosaldesnudo.com.mx\/index.php\/2022\/11\/25\/honduras-republica-dominicana-el-salvador-bolivia-y-brasil-paises-mas-inseguros-para-las-mujeres\/#primaryimage"},"thumbnailUrl":"https:\/\/i0.wp.com\/politicosaldesnudo.com.mx\/wp-content\/uploads\/2022\/11\/P-VIOLENCIA-CEPAL-1.png?fit=1816%2C1016&ssl=1","datePublished":"2022-11-25T22:13:03+00:00","dateModified":"2022-11-26T01:26:51+00:00","breadcrumb":{"@id":"https:\/\/politicosaldesnudo.com.mx\/index.php\/2022\/11\/25\/honduras-republica-dominicana-el-salvador-bolivia-y-brasil-paises-mas-inseguros-para-las-mujeres\/#breadcrumb"},"inLanguage":"es","potentialAction":[{"@type":"ReadAction","target":["https:\/\/politicosaldesnudo.com.mx\/index.php\/2022\/11\/25\/honduras-republica-dominicana-el-salvador-bolivia-y-brasil-paises-mas-inseguros-para-las-mujeres\/"]}]},{"@type":"ImageObject","inLanguage":"es","@id":"https:\/\/politicosaldesnudo.com.mx\/index.php\/2022\/11\/25\/honduras-republica-dominicana-el-salvador-bolivia-y-brasil-paises-mas-inseguros-para-las-mujeres\/#primaryimage","url":"https:\/\/i0.wp.com\/politicosaldesnudo.com.mx\/wp-content\/uploads\/2022\/11\/P-VIOLENCIA-CEPAL-1.png?fit=1816%2C1016&ssl=1","contentUrl":"https:\/\/i0.wp.com\/politicosaldesnudo.com.mx\/wp-content\/uploads\/2022\/11\/P-VIOLENCIA-CEPAL-1.png?fit=1816%2C1016&ssl=1","width":1816,"height":1016},{"@type":"BreadcrumbList","@id":"https:\/\/politicosaldesnudo.com.mx\/index.php\/2022\/11\/25\/honduras-republica-dominicana-el-salvador-bolivia-y-brasil-paises-mas-inseguros-para-las-mujeres\/#breadcrumb","itemListElement":[{"@type":"ListItem","position":1,"name":"Portada","item":"https:\/\/politicosaldesnudo.com.mx\/"},{"@type":"ListItem","position":2,"name":"Honduras, Rep\u00fablica Dominicana, El Salvador, Bolivia y Brasil, pa\u00edses m\u00e1s inseguros para las mujeres"}]},{"@type":"WebSite","@id":"https:\/\/politicosaldesnudo.com.mx\/#website","url":"https:\/\/politicosaldesnudo.com.mx\/","name":"Pol\u00edticos al Desnudo","description":"","publisher":{"@id":"https:\/\/politicosaldesnudo.com.mx\/#organization"},"potentialAction":[{"@type":"SearchAction","target":{"@type":"EntryPoint","urlTemplate":"https:\/\/politicosaldesnudo.com.mx\/?s={search_term_string}"},"query-input":{"@type":"PropertyValueSpecification","valueRequired":true,"valueName":"search_term_string"}}],"inLanguage":"es"},{"@type":"Organization","@id":"https:\/\/politicosaldesnudo.com.mx\/#organization","name":"Pol\u00edticos al Desnudo","url":"https:\/\/politicosaldesnudo.com.mx\/","logo":{"@type":"ImageObject","inLanguage":"es","@id":"https:\/\/politicosaldesnudo.com.mx\/#\/schema\/logo\/image\/","url":"https:\/\/i0.wp.com\/politicosaldesnudo.com.mx\/wp-content\/uploads\/2026\/08\/cropped-logo.webp?fit=400%2C126&ssl=1","contentUrl":"https:\/\/i0.wp.com\/politicosaldesnudo.com.mx\/wp-content\/uploads\/2026\/08\/cropped-logo.webp?fit=400%2C126&ssl=1","width":400,"height":126,"caption":"Pol\u00edticos al Desnudo"},"image":{"@id":"https:\/\/politicosaldesnudo.com.mx\/#\/schema\/logo\/image\/"},"sameAs":["https:\/\/www.facebook.com\/PoliticosAD"]},{"@type":"Person","@id":"https:\/\/politicosaldesnudo.com.mx\/#\/schema\/person\/ef3a64e561cc3f3f5dc52fab81adde7e","name":"Redacci\u00f3n Pol\u00edticos","url":"https:\/\/politicosaldesnudo.com.mx\/index.php\/author\/redaccion-politicos\/"}]}},"jetpack_publicize_connections":[],"jetpack-related-posts":[{"id":87011,"url":"https:\/\/politicosaldesnudo.com.mx\/index.php\/2026\/07\/20\/crecera-mas-el-pib-si-mexico-diversifica-sus-fuentes-de-energia-electrica-cepal\/","url_meta":{"origin":13032,"position":0},"title":"Crecer\u00e1 m\u00e1s el PIB si M\u00e9xico diversifica sus fuentes de energ\u00eda el\u00e9ctrica: Cepal","author":"Redacci\u00f3n Pol\u00edticos","date":"20 de julio de 2026","format":false,"excerpt":"La transici\u00f3n energ\u00e9tica es una oportunidad para impulsar la econom\u00eda mexicana, revela un an\u00e1lisis de la Comisi\u00f3n Econ\u00f3mica para Am\u00e9rica Latina y el Caribe (Cepal).De acuerdo con el estudio publicado por el organismo, la incorporaci\u00f3n de tecnolog\u00edas renovables consolida los encadenamientos productivos y amplifica los efectos multiplicadores del sector el\u00e9ctrico.\u201cSi\u2026","rel":"","context":"En \u00abECONOM\u00cdA\u00bb","block_context":{"text":"ECONOM\u00cdA","link":"https:\/\/politicosaldesnudo.com.mx\/index.php\/category\/economia\/"},"img":{"alt_text":"","src":"https:\/\/i0.wp.com\/politicosaldesnudo.com.mx\/wp-content\/uploads\/2026\/07\/aventi.webp?fit=1200%2C741&ssl=1&resize=350%2C200","width":350,"height":200,"srcset":"https:\/\/i0.wp.com\/politicosaldesnudo.com.mx\/wp-content\/uploads\/2026\/07\/aventi.webp?fit=1200%2C741&ssl=1&resize=350%2C200 1x, https:\/\/i0.wp.com\/politicosaldesnudo.com.mx\/wp-content\/uploads\/2026\/07\/aventi.webp?fit=1200%2C741&ssl=1&resize=525%2C300 1.5x, https:\/\/i0.wp.com\/politicosaldesnudo.com.mx\/wp-content\/uploads\/2026\/07\/aventi.webp?fit=1200%2C741&ssl=1&resize=700%2C400 2x, https:\/\/i0.wp.com\/politicosaldesnudo.com.mx\/wp-content\/uploads\/2026\/07\/aventi.webp?fit=1200%2C741&ssl=1&resize=1050%2C600 3x"},"classes":[]},{"id":87698,"url":"https:\/\/politicosaldesnudo.com.mx\/index.php\/2026\/08\/12\/sismo-de-5-7-sacude-el-salvador-y-se-percibe-en-honduras-y-nicaragua\/","url_meta":{"origin":13032,"position":1},"title":"Sismo de 5.7 sacude El Salvador y se percibe en Honduras y Nicaragua","author":"Redacci\u00f3n Pol\u00edticos","date":"12 de agosto de 2026","format":false,"excerpt":"Un sismo de magnitud 5.7 se registr\u00f3 este mi\u00e9rcoles 12 de agosto frente a la costa de Usulut\u00e1n, en El Salvador, y fue perceptible en zonas de Honduras y Nicaragua, sin que hasta el momento se reporten v\u00edctimas o da\u00f1os materiales de consideraci\u00f3n. De acuerdo con informaci\u00f3n del Ministerio de\u2026","rel":"","context":"En \u00abINTERNACIONAL\u00bb","block_context":{"text":"INTERNACIONAL","link":"https:\/\/politicosaldesnudo.com.mx\/index.php\/category\/internacional\/"},"img":{"alt_text":"","src":"https:\/\/i0.wp.com\/politicosaldesnudo.com.mx\/wp-content\/uploads\/2026\/08\/sismo.jpg?fit=1200%2C630&ssl=1&resize=350%2C200","width":350,"height":200,"srcset":"https:\/\/i0.wp.com\/politicosaldesnudo.com.mx\/wp-content\/uploads\/2026\/08\/sismo.jpg?fit=1200%2C630&ssl=1&resize=350%2C200 1x, https:\/\/i0.wp.com\/politicosaldesnudo.com.mx\/wp-content\/uploads\/2026\/08\/sismo.jpg?fit=1200%2C630&ssl=1&resize=525%2C300 1.5x, https:\/\/i0.wp.com\/politicosaldesnudo.com.mx\/wp-content\/uploads\/2026\/08\/sismo.jpg?fit=1200%2C630&ssl=1&resize=700%2C400 2x, https:\/\/i0.wp.com\/politicosaldesnudo.com.mx\/wp-content\/uploads\/2026\/08\/sismo.jpg?fit=1200%2C630&ssl=1&resize=1050%2C600 3x"},"classes":[]},{"id":88163,"url":"https:\/\/politicosaldesnudo.com.mx\/index.php\/2026\/08\/29\/balean-a-fundadora-de-colectivo-de-busqueda-en-culiacan-fiscalia-indaga-intento-de-feminicidio\/","url_meta":{"origin":13032,"position":2},"title":"Balean a fundadora de colectivo de b\u00fasqueda en Culiac\u00e1n; Fiscal\u00eda indaga intento de feminicidio","author":"Redacci\u00f3n Pol\u00edticos","date":"29 de agosto de 2026","format":false,"excerpt":"Alma Rosa Rojo Medina, fundadora del colectivo Voces Unidas por la Vida, result\u00f3 herida durante un ataque armado registrado este s\u00e1bado en Culiac\u00e1n, Sinaloa. La agresi\u00f3n ocurri\u00f3 en la colonia Esthela Ortiz de Toledo, donde sujetos armados dispararon contra el autom\u00f3vil en el que viajaba la activista. Otra mujer, identificada\u2026","rel":"","context":"En \u00abNACIONAL\u00bb","block_context":{"text":"NACIONAL","link":"https:\/\/politicosaldesnudo.com.mx\/index.php\/category\/nacional\/"},"img":{"alt_text":"","src":"https:\/\/i0.wp.com\/politicosaldesnudo.com.mx\/wp-content\/uploads\/2026\/08\/atacan-balazos-buscadora-alma-rosa-rojo-medina-culiacan-sinaloa-29082026.jpg?fit=1200%2C750&ssl=1&resize=350%2C200","width":350,"height":200,"srcset":"https:\/\/i0.wp.com\/politicosaldesnudo.com.mx\/wp-content\/uploads\/2026\/08\/atacan-balazos-buscadora-alma-rosa-rojo-medina-culiacan-sinaloa-29082026.jpg?fit=1200%2C750&ssl=1&resize=350%2C200 1x, https:\/\/i0.wp.com\/politicosaldesnudo.com.mx\/wp-content\/uploads\/2026\/08\/atacan-balazos-buscadora-alma-rosa-rojo-medina-culiacan-sinaloa-29082026.jpg?fit=1200%2C750&ssl=1&resize=525%2C300 1.5x, https:\/\/i0.wp.com\/politicosaldesnudo.com.mx\/wp-content\/uploads\/2026\/08\/atacan-balazos-buscadora-alma-rosa-rojo-medina-culiacan-sinaloa-29082026.jpg?fit=1200%2C750&ssl=1&resize=700%2C400 2x, https:\/\/i0.wp.com\/politicosaldesnudo.com.mx\/wp-content\/uploads\/2026\/08\/atacan-balazos-buscadora-alma-rosa-rojo-medina-culiacan-sinaloa-29082026.jpg?fit=1200%2C750&ssl=1&resize=1050%2C600 3x"},"classes":[]},{"id":34134,"url":"https:\/\/politicosaldesnudo.com.mx\/index.php\/2024\/03\/25\/sin-solucion-de-raiz-la-migracion-seguira\/","url_meta":{"origin":13032,"position":3},"title":"Sin soluci\u00f3n de ra\u00edz, la migraci\u00f3n seguir\u00e1","author":"Redacci\u00f3n Pol\u00edticos","date":"25 de marzo de 2024","format":false,"excerpt":"En una entrevista con el programa estadunidense \u201860 Minutos\u2019 de CBS News, el presidente Andr\u00e9s Manuel L\u00f3pez Obrador afirm\u00f3 que si el problema de la migraci\u00f3n no se enfrenta de ra\u00edz y no se aplican sus propuestas de soluci\u00f3n, como realizar una inversi\u00f3n de 20 mil millones de d\u00f3lares en\u2026","rel":"","context":"En \u00abNACIONAL\u00bb","block_context":{"text":"NACIONAL","link":"https:\/\/politicosaldesnudo.com.mx\/index.php\/category\/nacional\/"},"img":{"alt_text":"","src":"https:\/\/i0.wp.com\/politicosaldesnudo.com.mx\/wp-content\/uploads\/2024\/03\/127283324_4317b55d-baea-47f8-b710-166d31efb5c7.jpg?fit=640%2C360&ssl=1&resize=350%2C200","width":350,"height":200,"srcset":"https:\/\/i0.wp.com\/politicosaldesnudo.com.mx\/wp-content\/uploads\/2024\/03\/127283324_4317b55d-baea-47f8-b710-166d31efb5c7.jpg?fit=640%2C360&ssl=1&resize=350%2C200 1x, https:\/\/i0.wp.com\/politicosaldesnudo.com.mx\/wp-content\/uploads\/2024\/03\/127283324_4317b55d-baea-47f8-b710-166d31efb5c7.jpg?fit=640%2C360&ssl=1&resize=525%2C300 1.5x"},"classes":[]},{"id":87867,"url":"https:\/\/politicosaldesnudo.com.mx\/index.php\/2026\/08\/18\/cruz-azul-y-liga-mx-femenil-van-contra-youtubers-por-comentarios-misoginos\/","url_meta":{"origin":13032,"position":4},"title":"Cruz Azul y Liga MX Femenil van contra youtubers por comentarios mis\u00f3ginos","author":"Redacci\u00f3n Pol\u00edticos","date":"18 de agosto de 2026","format":false,"excerpt":"CIUDAD DE M\u00c9XICO \u2014 El f\u00fatbol mexicano se encuentra envuelto en una fuerte pol\u00e9mica tras las violentas declaraciones emitidas en el p\u00f3dcast \u00abPl\u00e1ticas del Mal\u00bb. El club Cruz Azul, respaldado por la Liga MX Femenil y autoridades gubernamentales, anunci\u00f3 que iniciar\u00e1 acciones legales de car\u00e1cter civil y penal en contra\u2026","rel":"","context":"En \u00abDEPORTES\u00bb","block_context":{"text":"DEPORTES","link":"https:\/\/politicosaldesnudo.com.mx\/index.php\/category\/deportes\/"},"img":{"alt_text":"","src":"https:\/\/i0.wp.com\/politicosaldesnudo.com.mx\/wp-content\/uploads\/2026\/08\/cruz-azul-femenil-ante-atlante.webp?fit=942%2C532&ssl=1&resize=350%2C200","width":350,"height":200,"srcset":"https:\/\/i0.wp.com\/politicosaldesnudo.com.mx\/wp-content\/uploads\/2026\/08\/cruz-azul-femenil-ante-atlante.webp?fit=942%2C532&ssl=1&resize=350%2C200 1x, https:\/\/i0.wp.com\/politicosaldesnudo.com.mx\/wp-content\/uploads\/2026\/08\/cruz-azul-femenil-ante-atlante.webp?fit=942%2C532&ssl=1&resize=525%2C300 1.5x, https:\/\/i0.wp.com\/politicosaldesnudo.com.mx\/wp-content\/uploads\/2026\/08\/cruz-azul-femenil-ante-atlante.webp?fit=942%2C532&ssl=1&resize=700%2C400 2x"},"classes":[]},{"id":88279,"url":"https:\/\/politicosaldesnudo.com.mx\/index.php\/2026\/09\/02\/trump-quiere-bautizar-con-su-apellido-al-estrecho-de-ormuz-en-plena-ofensiva-contra-iran\/","url_meta":{"origin":13032,"position":5},"title":"Trump quiere bautizar con su apellido al estrecho de Ormuz en plena ofensiva contra Ir\u00e1n","author":"Redacci\u00f3n Pol\u00edticos","date":"2 de septiembre de 2026","format":false,"excerpt":"Donald Trump volvi\u00f3 a generar pol\u00e9mica internacional al sugerir que el estrecho de Ormuz, una de las rutas mar\u00edtimas m\u00e1s importantes del mundo, sea rebautizado como \u201cestrecho de Trump\u201d. El presidente estadounidense lanz\u00f3 la propuesta mediante una publicaci\u00f3n en Truth Social, donde asegur\u00f3 que la zona se encuentra bajo el\u2026","rel":"","context":"En \u00abINTERNACIONAL\u00bb","block_context":{"text":"INTERNACIONAL","link":"https:\/\/politicosaldesnudo.com.mx\/index.php\/category\/internacional\/"},"img":{"alt_text":"","src":"https:\/\/i0.wp.com\/politicosaldesnudo.com.mx\/wp-content\/uploads\/2026\/09\/P20260827MR-0955.webp?fit=1200%2C800&ssl=1&resize=350%2C200","width":350,"height":200,"srcset":"https:\/\/i0.wp.com\/politicosaldesnudo.com.mx\/wp-content\/uploads\/2026\/09\/P20260827MR-0955.webp?fit=1200%2C800&ssl=1&resize=350%2C200 1x, https:\/\/i0.wp.com\/politicosaldesnudo.com.mx\/wp-content\/uploads\/2026\/09\/P20260827MR-0955.webp?fit=1200%2C800&ssl=1&resize=525%2C300 1.5x, https:\/\/i0.wp.com\/politicosaldesnudo.com.mx\/wp-content\/uploads\/2026\/09\/P20260827MR-0955.webp?fit=1200%2C800&ssl=1&resize=700%2C400 2x, https:\/\/i0.wp.com\/politicosaldesnudo.com.mx\/wp-content\/uploads\/2026\/09\/P20260827MR-0955.webp?fit=1200%2C800&ssl=1&resize=1050%2C600 3x"},"classes":[]}],"jetpack_sharing_enabled":true,"jetpack_featured_media_url":"https:\/\/i0.wp.com\/politicosaldesnudo.com.mx\/wp-content\/uploads\/2022\/11\/P-VIOLENCIA-CEPAL-1.png?fit=1816%2C1016&ssl=1","_links":{"self":[{"href":"https:\/\/politicosaldesnudo.com.mx\/index.php\/wp-json\/wp\/v2\/posts\/13032","targetHints":{"allow":["GET"]}}],"collection":[{"href":"https:\/\/politicosaldesnudo.com.mx\/index.php\/wp-json\/wp\/v2\/posts"}],"about":[{"href":"https:\/\/politicosaldesnudo.com.mx\/index.php\/wp-json\/wp\/v2\/types\/post"}],"author":[{"embeddable":true,"href":"https:\/\/politicosaldesnudo.com.mx\/index.php\/wp-json\/wp\/v2\/users\/4"}],"replies":[{"embeddable":true,"href":"https:\/\/politicosaldesnudo.com.mx\/index.php\/wp-json\/wp\/v2\/comments?post=13032"}],"version-history":[{"count":0,"href":"https:\/\/politicosaldesnudo.com.mx\/index.php\/wp-json\/wp\/v2\/posts\/13032\/revisions"}],"wp:featuredmedia":[{"embeddable":true,"href":"https:\/\/politicosaldesnudo.com.mx\/index.php\/wp-json\/wp\/v2\/media\/13033"}],"wp:attachment":[{"href":"https:\/\/politicosaldesnudo.com.mx\/index.php\/wp-json\/wp\/v2\/media?parent=13032"}],"wp:term":[{"taxonomy":"category","embeddable":true,"href":"https:\/\/politicosaldesnudo.com.mx\/index.php\/wp-json\/wp\/v2\/categories?post=13032"},{"taxonomy":"post_tag","embeddable":true,"href":"https:\/\/politicosaldesnudo.com.mx\/index.php\/wp-json\/wp\/v2\/tags?post=13032"}],"curies":[{"name":"wp","href":"https:\/\/api.w.org\/{rel}","templated":true}]}}