{"id":13147,"date":"2022-11-28T20:51:02","date_gmt":"2022-11-29T02:51:02","guid":{"rendered":"https:\/\/politicosaldesnudo.com.mx\/?p=13147"},"modified":"2022-11-29T07:55:34","modified_gmt":"2022-11-29T13:55:34","slug":"ultimo-taller-de-fortalecimiento-de-cadenas-productivas-de-soporte-de-la-industria-petrolera-y-afines","status":"publish","type":"post","link":"https:\/\/politicosaldesnudo.com.mx\/index.php\/2022\/11\/28\/ultimo-taller-de-fortalecimiento-de-cadenas-productivas-de-soporte-de-la-industria-petrolera-y-afines\/","title":{"rendered":"\u00daltimo \u201cTaller de Fortalecimiento de Cadenas Productivas de Soporte de la Industria Petrolera y Afines\u201d\u00a0"},"content":{"rendered":"<p class=\"p2\">\n<p class=\"p2\"><span style=\"font-size: 14pt;\"><em><strong>TUXPAN, VERACRUZ.<\/strong> <\/em>Este martes es la \u00faltima fecha en la que se llevar\u00e1 a cabo el <strong>\u201cTaller de Fortalecimiento de Cadenas Productivas de Soporte de la Industria Petrolera y Afines\u201d.<\/strong><\/span><\/p>\n<p class=\"p2\"><span style=\"font-size: 18pt;\"><strong>Se invita al sector empresarial a participar en esta capacitaci\u00f3n gratuita que realiza la Secretar\u00eda de Energ\u00eda (Sener) en coordinaci\u00f3n con el Ayuntamiento de Tuxpan, la Direcci\u00f3n de Desarrollo Econ\u00f3mico Municipal, el Instituto Mexicano del Petr\u00f3leo (IMP) y Petr\u00f3leos Mexicanos (Pemex).<\/strong><\/span><\/p>\n<p class=\"p2\"><span style=\"font-size: 14pt;\">A\u00fan hay disponibilidad para quien desee inscribirse y participar en este foro.<\/span><\/p>\n<p class=\"p2\"><span style=\"font-size: 14pt;\">El taller inicia a las 08:30 horas en la sala anexa de Cultura, ubicada en la planta baja de la biblioteca municipal.<\/span><\/p>\n<p class=\"p2\"><span style=\"font-size: 18pt;\"><strong>Para registrarse deben ingresar sus datos en el siguiente enlace: https:\/\/forms.gle\/q52yVphziv1z5Ruj7<\/strong><\/span><\/p>\n<p class=\"p2\"><span style=\"font-size: 14pt;\">Para m\u00e1s informaci\u00f3n comunicarse al tel\u00e9fono 7835802383.<\/span><\/p>\n<p>&nbsp;<\/p>\n<p>&nbsp;<\/p>\n<p><img data-recalc-dims=\"1\" loading=\"lazy\" decoding=\"async\" class=\"aligncenter wp-image-12901 size-large\" src=\"https:\/\/i0.wp.com\/politicosaldesnudo.com.mx\/wp-content\/uploads\/2022\/11\/P-INITACION-577x1024.png?resize=577%2C1024&#038;ssl=1\" alt=\"\" width=\"577\" height=\"1024\" srcset=\"https:\/\/i0.wp.com\/politicosaldesnudo.com.mx\/wp-content\/uploads\/2022\/11\/P-INITACION.png?resize=577%2C1024&amp;ssl=1 577w, https:\/\/i0.wp.com\/politicosaldesnudo.com.mx\/wp-content\/uploads\/2022\/11\/P-INITACION.png?resize=169%2C300&amp;ssl=1 169w, https:\/\/i0.wp.com\/politicosaldesnudo.com.mx\/wp-content\/uploads\/2022\/11\/P-INITACION.png?w=721&amp;ssl=1 721w\" sizes=\"auto, (max-width: 577px) 100vw, 577px\" \/><\/p>\n<p>&nbsp;<\/p>\n<p>&nbsp;<\/p>\n","protected":false},"excerpt":{"rendered":"<p>TUXPAN, VERACRUZ. Este martes es la \u00faltima fecha en la que se llevar\u00e1 a cabo el \u201cTaller de Fortalecimiento de<\/p>\n","protected":false},"author":4,"featured_media":13148,"comment_status":"closed","ping_status":"closed","sticky":false,"template":"","format":"standard","meta":{"colormag_page_container_layout":"default_layout","colormag_page_sidebar_layout":"default_layout","_jetpack_memberships_contains_paid_content":false,"footnotes":"","jetpack_publicize_message":"","jetpack_publicize_feature_enabled":true,"jetpack_social_post_already_shared":false,"jetpack_social_options":{"image_generator_settings":{"template":"highway","default_image_id":0,"font":"","enabled":false},"version":2}},"categories":[1082],"tags":[],"class_list":["post-13147","post","type-post","status-publish","format-standard","has-post-thumbnail","hentry","category-tuxpan"],"jetpack_publicize_connections":[],"jetpack_featured_media_url":"https:\/\/i0.wp.com\/politicosaldesnudo.com.mx\/wp-content\/uploads\/2022\/11\/P-TALLER-TUXPAN.png?fit=1816%2C1016&ssl=1","jetpack-related-posts":[],"jetpack_sharing_enabled":true,"_links":{"self":[{"href":"https:\/\/politicosaldesnudo.com.mx\/index.php\/wp-json\/wp\/v2\/posts\/13147","targetHints":{"allow":["GET"]}}],"collection":[{"href":"https:\/\/politicosaldesnudo.com.mx\/index.php\/wp-json\/wp\/v2\/posts"}],"about":[{"href":"https:\/\/politicosaldesnudo.com.mx\/index.php\/wp-json\/wp\/v2\/types\/post"}],"author":[{"embeddable":true,"href":"https:\/\/politicosaldesnudo.com.mx\/index.php\/wp-json\/wp\/v2\/users\/4"}],"replies":[{"embeddable":true,"href":"https:\/\/politicosaldesnudo.com.mx\/index.php\/wp-json\/wp\/v2\/comments?post=13147"}],"version-history":[{"count":0,"href":"https:\/\/politicosaldesnudo.com.mx\/index.php\/wp-json\/wp\/v2\/posts\/13147\/revisions"}],"wp:featuredmedia":[{"embeddable":true,"href":"https:\/\/politicosaldesnudo.com.mx\/index.php\/wp-json\/wp\/v2\/media\/13148"}],"wp:attachment":[{"href":"https:\/\/politicosaldesnudo.com.mx\/index.php\/wp-json\/wp\/v2\/media?parent=13147"}],"wp:term":[{"taxonomy":"category","embeddable":true,"href":"https:\/\/politicosaldesnudo.com.mx\/index.php\/wp-json\/wp\/v2\/categories?post=13147"},{"taxonomy":"post_tag","embeddable":true,"href":"https:\/\/politicosaldesnudo.com.mx\/index.php\/wp-json\/wp\/v2\/tags?post=13147"}],"curies":[{"name":"wp","href":"https:\/\/api.w.org\/{rel}","templated":true}]}}