{"id":13153,"date":"2022-11-29T08:25:56","date_gmt":"2022-11-29T14:25:56","guid":{"rendered":"https:\/\/politicosaldesnudo.com.mx\/?p=13153"},"modified":"2022-12-09T18:15:38","modified_gmt":"2022-12-10T00:15:38","slug":"inicia-diciembre-con-concierto-para-dos-pianos-percusion-y-orquesta-de-bartok-y-la-5-a-de-prokofiev-en-tlaqna","status":"publish","type":"post","link":"https:\/\/politicosaldesnudo.com.mx\/index.php\/2022\/11\/29\/inicia-diciembre-con-concierto-para-dos-pianos-percusion-y-orquesta-de-bartok-y-la-5-a-de-prokofiev-en-tlaqna\/","title":{"rendered":"Inicia diciembre con concierto para dos pianos, percusi\u00f3n y orquesta de Bart\u00f3k y 5.\u00aa de Prokofiev"},"content":{"rendered":"<p>&nbsp;<\/p>\n<p class=\"p1\" style=\"text-align: center;\"><span style=\"font-size: 18pt;\"><strong>&lt;&lt; Diana O. Castro, Jan Bratoz, Jes\u00fas Reyes y Rodrigo \u00c1lvarez, solistas &gt;&gt;<\/strong><\/span><\/p>\n<p class=\"p1\" style=\"text-align: center;\"><span style=\"font-size: 18pt;\"><strong>&lt;&lt; Martin Lebel, Director Titular &gt;&gt;<\/strong><\/span><\/p>\n<p>&nbsp;<\/p>\n<p>&nbsp;<\/p>\n<p class=\"p1\"><span style=\"font-size: 14pt;\"><em><strong>XALAPA, VERACRUZ.<\/strong><\/em> La <strong>Orquesta Sinf\u00f3nica de Xalapa (OSX) de la Universidad Veracruzana (UV)<\/strong>, presenta en Tlaqn\u00e1, Centro Cultural, el estramb\u00f3tico<strong> \u201cConcierto para dos pianos, percusi\u00f3n y orquesta\u201d de Bart\u00f3k y la aclamada \u201cSinfon\u00eda No. 5\u201d de Prokofiev.<\/strong> Con la participaci\u00f3n destacada de cuatro solistas: Jan Bratoz y Diana O. Castro en el piano; Jes\u00fas Reyes y Rodrigo \u00c1lvarez en la percusi\u00f3n. Bajo la direcci\u00f3n de Martin Lebel, Director Titular y Ganador del Concurso Prokofiev en San Petersburgo, Rusia en 2003; auspiciando una direcci\u00f3n m\u00e1s que impecable en la obra.<\/span><\/p>\n<p class=\"p1\"><span style=\"font-size: 18pt; color: #139eca;\"><strong>Este concierto ser\u00e1 realizado el viernes 2 de diciembre a las 20:30 hrs y el s\u00e1bado 3 de diciembre a las 19:00 hrs desde Tlaqn\u00e1, Centro Cultural.<span class=\"Apple-converted-space\">\u00a0<\/span><\/strong><\/span><\/p>\n<p class=\"p1\"><span style=\"font-size: 18pt;\"><strong>Desde Stravinsky, Debussy y hasta el austriaco Schoenberg; el \u201cConcierto para dos pianos y percusi\u00f3n\u201d de B\u00e9la Bart\u00f3k, es una consagraci\u00f3n de estilos e influencias musicales de distintos artistas que se reflejan en uno de los mejores trabajos del reconocido compositor h\u00fangaro. En su versi\u00f3n de sonata fue compuesto en 1937 y hasta seis a\u00f1os despu\u00e9s fue reformado como concierto, esto debido a que en primera instancia era m\u00e1s sencillo encontrar un cuarteto de acompa\u00f1amiento (m\u00fasica de c\u00e1mara) que una orquesta completa para su interpretaci\u00f3n.<span class=\"Apple-converted-space\">\u00a0 <\/span>Inspirado adem\u00e1s en Ditta, segunda esposa de Bart\u00f3k, quien junto a \u00e9l interpret\u00f3 esta maravillosa sonata convertida en concierto.<\/strong><\/span><\/p>\n<p class=\"p1\"><span style=\"font-size: 14pt;\">Bart\u00f3k demuestra en este trabajo las posibilidades del piano como instrumento de percusi\u00f3n, adem\u00e1s de usarlo como lienzo para la majestuosa incorporaci\u00f3n de sonidos brillantes de la misma familia como el xil\u00f3fono, el tri\u00e1ngulo o los platillos; adem\u00e1s de otros m\u00e1s opacos pero impactantes como los que ofrece el tam tam y los tambores.<span class=\"Apple-converted-space\">\u00a0<\/span><\/span><\/p>\n<p class=\"p1\"><span style=\"font-size: 14pt;\">Un entramado complejo de colores musicales que cobrar\u00e1 vida a trav\u00e9s de la participaci\u00f3n especial de percusionistas y las virtuosas manos de los solistas: Diana Ortigoza, pianista invitada; y Jan Bratoz, pianista de la Orquesta Sinf\u00f3nica de Xalapa.<span class=\"Apple-converted-space\">\u00a0<\/span><\/span><\/p>\n<p class=\"p1\"><span style=\"font-size: 18pt;\"><strong>La emblem\u00e1tica \u201cSinfon\u00eda No. 5\u201d de Sergei Prokofiev vuelve a la Orquesta Sinf\u00f3nica de Xalapa tras seis a\u00f1os de espera, y bajo la mejor batuta posible, con el Ganador del Concurso Prokofiev en San Petersburgo, Rusia en 2003; el Mtro. Martin Lebel, Director Titular.<\/strong><\/span><\/p>\n<p class=\"p1\"><span style=\"font-size: 14pt;\">De notable car\u00e1cter \u00e9pico, Prokofiev crea una sinfon\u00eda de tiempo de guerra al estilo cl\u00e1sico. Sin ser program\u00e1tica, refleja en sus temas hero\u00edsmo y el mal; la amargura transitoria y la alegr\u00eda de la victoria. Haciendo alusi\u00f3n a la victoria del pueblo ruso sobre el nazismo. Con la participaci\u00f3n y protagonismo de alientos y metales marcando la pauta al inicio de cada movimiento con gran brillantez; cambiando a trav\u00e9s de los temas que evocan sus ra\u00edces rusas, la marcha de las tropas teutonas y el ambiente festivo hacia el final de la obra.<\/span><\/p>\n<p>&nbsp;<\/p>\n<p>&nbsp;<\/p>\n<p class=\"p1\"><span style=\"font-size: 18pt; color: #139eca;\"><strong>LOS SOLISTAS DE ESTA SEMANA<\/strong><\/span><\/p>\n<p class=\"p1\"><span style=\"font-size: 14pt;\"><img data-recalc-dims=\"1\" loading=\"lazy\" decoding=\"async\" class=\"wp-image-13154 size-medium alignleft\" src=\"https:\/\/i0.wp.com\/politicosaldesnudo.com.mx\/wp-content\/uploads\/2022\/11\/Foto-Diana-O.-Castro-300x224.jpg?resize=300%2C224&#038;ssl=1\" alt=\"\" width=\"300\" height=\"224\" srcset=\"https:\/\/i0.wp.com\/politicosaldesnudo.com.mx\/wp-content\/uploads\/2022\/11\/Foto-Diana-O.-Castro.jpg?resize=300%2C224&amp;ssl=1 300w, https:\/\/i0.wp.com\/politicosaldesnudo.com.mx\/wp-content\/uploads\/2022\/11\/Foto-Diana-O.-Castro.jpg?w=588&amp;ssl=1 588w\" sizes=\"auto, (max-width: 300px) 100vw, 300px\" \/><\/span><\/p>\n<p>&nbsp;<\/p>\n<p class=\"p1\"><span style=\"font-size: 18pt;\"><strong><span style=\"color: #139eca;\">Mtra. Diana O. Castro<\/span>, se ha colocado como una de las pianistas m\u00e1s prometedoras de la nueva generaci\u00f3n de artistas mexicanos, conquistando el aplauso de audiencias nacionales y extranjeras por su brillante t\u00e9cnica pian\u00edstica, su innegable musicalidad y su atractiva personalidad esc\u00e9nica. Ganadora del Primer Lugar en el 2001 Mississippi Music Teachers Association Piano Competition, ha realizado numerosos conciertos para la difusi\u00f3n de la m\u00fasica para piano como lo son el Festival Internacional Poletje Evropske Kulture 2008 en Ljubljana, Slovenia, en el Festival Junio Musical 2005.<\/strong><\/span><\/p>\n<p>&nbsp;<\/p>\n<p>&nbsp;<\/p>\n<p>&nbsp;<\/p>\n<p><img data-recalc-dims=\"1\" loading=\"lazy\" decoding=\"async\" class=\"wp-image-13155 size-medium alignleft\" src=\"https:\/\/i0.wp.com\/politicosaldesnudo.com.mx\/wp-content\/uploads\/2022\/11\/Foto-Jan-Bratoz-225x300.jpg?resize=225%2C300&#038;ssl=1\" alt=\"\" width=\"225\" height=\"300\" srcset=\"https:\/\/i0.wp.com\/politicosaldesnudo.com.mx\/wp-content\/uploads\/2022\/11\/Foto-Jan-Bratoz.jpg?resize=225%2C300&amp;ssl=1 225w, https:\/\/i0.wp.com\/politicosaldesnudo.com.mx\/wp-content\/uploads\/2022\/11\/Foto-Jan-Bratoz.jpg?resize=768%2C1024&amp;ssl=1 768w, https:\/\/i0.wp.com\/politicosaldesnudo.com.mx\/wp-content\/uploads\/2022\/11\/Foto-Jan-Bratoz.jpg?resize=1152%2C1536&amp;ssl=1 1152w, https:\/\/i0.wp.com\/politicosaldesnudo.com.mx\/wp-content\/uploads\/2022\/11\/Foto-Jan-Bratoz.jpg?w=1512&amp;ssl=1 1512w\" sizes=\"auto, (max-width: 225px) 100vw, 225px\" \/><\/p>\n<p>&nbsp;<\/p>\n<p class=\"p1\"><span style=\"font-size: 18pt;\"><strong><span style=\"color: #139eca;\">Mtro. Jan Bratoz<\/span>, originario de Eslovenia, el pianista Jan Bratoz graduado con honores de la Universidad Mozarteum, se ha presentado en Austria, Alemania, Holanda, Suiza, Croacia, Italia, Estados Unidos y Mexico tanto como solista como en ensambles de c\u00e1mara. Su labor musical le ha permitido obtener el Primer lugar en concursos como el Concurso Nacional de Eslovenia, Bradshaw and Buono International Piano Competition New York, USC Concerto Competition Los Angeles, y segundo en Los Angeles Liszt Competiton entre otras.<\/strong><\/span><br \/>\n<span style=\"font-size: 18pt;\"><strong>En el 2005 fue invitado a participar como solista con la Pacific Symphony Orchestra (USA) y en el concierto de ganadores en Carnegie Hall en New York, 2007. En el 2011 y 2013 participo como solista con la pianista Diana Castro con la Orquesta<\/strong><\/span><\/p>\n<p class=\"p1\"><span style=\"font-size: 18pt;\"><strong>Sinf\u00f3nica de Xalapa. Es pianista principal de la Orquesta Sinf\u00f3nica de Xalapa.<\/strong><\/span><\/p>\n<p>&nbsp;<\/p>\n<p>&nbsp;<\/p>\n<p><span style=\"font-size: 14pt;\"><img data-recalc-dims=\"1\" loading=\"lazy\" decoding=\"async\" class=\"size-medium wp-image-13157 alignleft\" src=\"https:\/\/i0.wp.com\/politicosaldesnudo.com.mx\/wp-content\/uploads\/2022\/11\/Rodrigo-Alvarez-Foto-200x300.jpg?resize=200%2C300&#038;ssl=1\" alt=\"\" width=\"200\" height=\"300\" srcset=\"https:\/\/i0.wp.com\/politicosaldesnudo.com.mx\/wp-content\/uploads\/2022\/11\/Rodrigo-Alvarez-Foto-scaled.jpg?resize=200%2C300&amp;ssl=1 200w, https:\/\/i0.wp.com\/politicosaldesnudo.com.mx\/wp-content\/uploads\/2022\/11\/Rodrigo-Alvarez-Foto-scaled.jpg?resize=683%2C1024&amp;ssl=1 683w, https:\/\/i0.wp.com\/politicosaldesnudo.com.mx\/wp-content\/uploads\/2022\/11\/Rodrigo-Alvarez-Foto-scaled.jpg?resize=768%2C1151&amp;ssl=1 768w, https:\/\/i0.wp.com\/politicosaldesnudo.com.mx\/wp-content\/uploads\/2022\/11\/Rodrigo-Alvarez-Foto-scaled.jpg?resize=1025%2C1536&amp;ssl=1 1025w, https:\/\/i0.wp.com\/politicosaldesnudo.com.mx\/wp-content\/uploads\/2022\/11\/Rodrigo-Alvarez-Foto-scaled.jpg?resize=1367%2C2048&amp;ssl=1 1367w, https:\/\/i0.wp.com\/politicosaldesnudo.com.mx\/wp-content\/uploads\/2022\/11\/Rodrigo-Alvarez-Foto-scaled.jpg?w=1709&amp;ssl=1 1709w, https:\/\/i0.wp.com\/politicosaldesnudo.com.mx\/wp-content\/uploads\/2022\/11\/Rodrigo-Alvarez-Foto-scaled.jpg?w=1600&amp;ssl=1 1600w\" sizes=\"auto, (max-width: 200px) 100vw, 200px\" \/><\/span><\/p>\n<p>&nbsp;<\/p>\n<p>&nbsp;<\/p>\n<p class=\"p1\"><span style=\"font-size: 14pt;\"><span style=\"font-size: 18pt;\"><strong><span style=\"color: #139eca;\">Mtro. Rodrigo \u00c1lvarez<\/span>, es egresado de la Facultad de M\u00fasica de la Universidad Veracruzana (FMUV), ha realizado estudios de Maestr\u00eda en \u00c1msterdam Holanda.<\/strong><\/span><\/span><\/p>\n<p class=\"p1\"><span style=\"font-size: 18pt;\"><strong>Actualmente es catedr\u00e1tico de la Facultad de M\u00fasica de la Universidad Veracruzana y desde 2010, timbalista principal de la Orquesta Sinf\u00f3nica de Xalapa.<\/strong><\/span><\/p>\n<p>&nbsp;<\/p>\n<p>&nbsp;<\/p>\n<p>&nbsp;<\/p>\n<p>&nbsp;<\/p>\n<p><img data-recalc-dims=\"1\" loading=\"lazy\" decoding=\"async\" class=\"size-medium wp-image-13156 alignleft\" style=\"font-family: -apple-system, BlinkMacSystemFont, 'Segoe UI', Roboto, Oxygen-Sans, Ubuntu, Cantarell, 'Helvetica Neue', sans-serif;\" src=\"https:\/\/i0.wp.com\/politicosaldesnudo.com.mx\/wp-content\/uploads\/2022\/11\/Jesus-Reyes-Foto-200x300.jpg?resize=200%2C300&#038;ssl=1\" alt=\"\" width=\"200\" height=\"300\" srcset=\"https:\/\/i0.wp.com\/politicosaldesnudo.com.mx\/wp-content\/uploads\/2022\/11\/Jesus-Reyes-Foto-scaled.jpg?resize=200%2C300&amp;ssl=1 200w, https:\/\/i0.wp.com\/politicosaldesnudo.com.mx\/wp-content\/uploads\/2022\/11\/Jesus-Reyes-Foto-scaled.jpg?resize=683%2C1024&amp;ssl=1 683w, https:\/\/i0.wp.com\/politicosaldesnudo.com.mx\/wp-content\/uploads\/2022\/11\/Jesus-Reyes-Foto-scaled.jpg?resize=768%2C1151&amp;ssl=1 768w, https:\/\/i0.wp.com\/politicosaldesnudo.com.mx\/wp-content\/uploads\/2022\/11\/Jesus-Reyes-Foto-scaled.jpg?resize=1025%2C1536&amp;ssl=1 1025w, https:\/\/i0.wp.com\/politicosaldesnudo.com.mx\/wp-content\/uploads\/2022\/11\/Jesus-Reyes-Foto-scaled.jpg?resize=1367%2C2048&amp;ssl=1 1367w, https:\/\/i0.wp.com\/politicosaldesnudo.com.mx\/wp-content\/uploads\/2022\/11\/Jesus-Reyes-Foto-scaled.jpg?w=1709&amp;ssl=1 1709w, https:\/\/i0.wp.com\/politicosaldesnudo.com.mx\/wp-content\/uploads\/2022\/11\/Jesus-Reyes-Foto-scaled.jpg?w=1600&amp;ssl=1 1600w\" sizes=\"auto, (max-width: 200px) 100vw, 200px\" \/><\/p>\n<p>&nbsp;<\/p>\n<p>&nbsp;<\/p>\n<p class=\"p1\"><span style=\"font-size: 18pt;\"><strong><span style=\"color: #139eca;\">Mtro. Jes\u00fas Reyes<\/span>, Graduado como Maestro en M\u00fasica por la Universidad del Norte de Texas (EUA) y en la Escuela de Perfeccionamiento \u201cVida y Movimiento\u201d, con la especialidad en percusiones.<span class=\"Apple-converted-space\">\u00a0<\/span><\/strong><\/span><\/p>\n<p class=\"p1\"><span style=\"font-size: 18pt;\"><strong>Como director<span style=\"font-family: -apple-system, BlinkMacSystemFont, 'Segoe UI', Roboto, Oxygen-Sans, Ubuntu, Cantarell, 'Helvetica Neue', sans-serif;\">de Ensambles de Percusiones, se ha presentado en festivales internacionales y como miembro de diversas orquestas, se ha presentado en Cuba, Espa\u00f1a, Holanda, B<\/span><span style=\"font-family: -apple-system, BlinkMacSystemFont, 'Segoe UI', Roboto, Oxygen-Sans, Ubuntu, Cantarell, 'Helvetica Neue', sans-serif;\">\u00e9lgica, Luxemburgo, Alemania y Estados Unidos.<\/span><\/strong><\/span><\/p>\n<p class=\"p1\"><span style=\"font-size: 18pt;\"><strong>Ha realizado m\u00e1s de 100 conciertos, como Director del Ensamble de Percusiones de Xalapa, en gran cantidad de municipios, centros de integraci\u00f3n, escuelas, festivales y plazas en todas las zonas del estado de Veracruz.<span class=\"Apple-converted-space\">\u00a0<\/span><\/strong><\/span><\/p>\n<p>&nbsp;<\/p>\n<p>&nbsp;<\/p>\n<p>&nbsp;<\/p>\n<p class=\"p1\"><span style=\"font-size: 18pt;\"><strong>Los boletos podr\u00e1n ser adquiridos en Tienda UV (a un costado de la Facultad de Contadur\u00eda y Administraci\u00f3n, Zona UV, de 10:00 a 15:00 y de 16:00 a 18:00 hrs) y en Taquilla Tlaqn\u00e1 el d\u00eda del evento a partir de las 11:00 hrs y hasta agotar existencias.<\/strong><\/span><\/p>\n<p class=\"p1\"><span style=\"font-size: 18pt; color: #139eca;\"><strong>A su vez tambi\u00e9n podr\u00e1 encontrarlos en el sitio web: <a style=\"color: #139eca;\" href=\"http:\/\/www.orquestasinfonicadexalapa.com\">www.orquestasinfonicadexalapa.com<\/a><\/strong><\/span><\/p>\n<p>&nbsp;<\/p>\n<p>&nbsp;<\/p>\n<p>&nbsp;<\/p>\n<p>&nbsp;<\/p>\n<p>&nbsp;<\/p>\n<p>&nbsp;<\/p>\n<p>&nbsp;<\/p>\n<p>&nbsp;<\/p>\n<p>&nbsp;<\/p>\n","protected":false},"excerpt":{"rendered":"<p>&nbsp; &lt;&lt; Diana O. Castro, Jan Bratoz, Jes\u00fas Reyes y Rodrigo \u00c1lvarez, solistas &gt;&gt; &lt;&lt; Martin Lebel, Director Titular &gt;&gt;<\/p>\n","protected":false},"author":4,"featured_media":13158,"comment_status":"closed","ping_status":"closed","sticky":false,"template":"","format":"standard","meta":{"colormag_page_container_layout":"default_layout","colormag_page_sidebar_layout":"default_layout","_jetpack_memberships_contains_paid_content":false,"footnotes":"","jetpack_publicize_message":"","jetpack_publicize_feature_enabled":true,"jetpack_social_post_already_shared":false,"jetpack_social_options":{"image_generator_settings":{"template":"highway","default_image_id":0,"font":"","enabled":false},"version":2}},"categories":[474],"tags":[1867,837,1866,823],"class_list":["post-13153","post","type-post","status-publish","format-standard","has-post-thumbnail","hentry","category-cultura","tag-bartok","tag-orquesta-sinfonica-de-xalapa","tag-prokofiev","tag-universidad-veracruzana"],"jetpack_publicize_connections":[],"jetpack_featured_media_url":"https:\/\/i0.wp.com\/politicosaldesnudo.com.mx\/wp-content\/uploads\/2022\/11\/P-SINFONICA-XALAPA-DIC.png?fit=1816%2C1016&ssl=1","jetpack-related-posts":[],"jetpack_sharing_enabled":true,"_links":{"self":[{"href":"https:\/\/politicosaldesnudo.com.mx\/index.php\/wp-json\/wp\/v2\/posts\/13153","targetHints":{"allow":["GET"]}}],"collection":[{"href":"https:\/\/politicosaldesnudo.com.mx\/index.php\/wp-json\/wp\/v2\/posts"}],"about":[{"href":"https:\/\/politicosaldesnudo.com.mx\/index.php\/wp-json\/wp\/v2\/types\/post"}],"author":[{"embeddable":true,"href":"https:\/\/politicosaldesnudo.com.mx\/index.php\/wp-json\/wp\/v2\/users\/4"}],"replies":[{"embeddable":true,"href":"https:\/\/politicosaldesnudo.com.mx\/index.php\/wp-json\/wp\/v2\/comments?post=13153"}],"version-history":[{"count":0,"href":"https:\/\/politicosaldesnudo.com.mx\/index.php\/wp-json\/wp\/v2\/posts\/13153\/revisions"}],"wp:featuredmedia":[{"embeddable":true,"href":"https:\/\/politicosaldesnudo.com.mx\/index.php\/wp-json\/wp\/v2\/media\/13158"}],"wp:attachment":[{"href":"https:\/\/politicosaldesnudo.com.mx\/index.php\/wp-json\/wp\/v2\/media?parent=13153"}],"wp:term":[{"taxonomy":"category","embeddable":true,"href":"https:\/\/politicosaldesnudo.com.mx\/index.php\/wp-json\/wp\/v2\/categories?post=13153"},{"taxonomy":"post_tag","embeddable":true,"href":"https:\/\/politicosaldesnudo.com.mx\/index.php\/wp-json\/wp\/v2\/tags?post=13153"}],"curies":[{"name":"wp","href":"https:\/\/api.w.org\/{rel}","templated":true}]}}