{"id":13166,"date":"2022-11-29T17:29:31","date_gmt":"2022-11-29T23:29:31","guid":{"rendered":"https:\/\/politicosaldesnudo.com.mx\/?p=13166"},"modified":"2022-11-29T17:29:31","modified_gmt":"2022-11-29T23:29:31","slug":"recuperado-el-mercado-laboral-de-mexico-crece-en-octubre-inegi","status":"publish","type":"post","link":"https:\/\/politicosaldesnudo.com.mx\/index.php\/2022\/11\/29\/recuperado-el-mercado-laboral-de-mexico-crece-en-octubre-inegi\/","title":{"rendered":"Recuperado el mercado laboral de M\u00e9xico, crece en octubre: Inegi"},"content":{"rendered":"<p class=\"p1\">\n<p class=\"p1\"><span style=\"font-size: 14pt;\"><em><strong>CIUDAD DE M\u00c9XICO.<\/strong> <\/em>El <strong>mercado laboral<\/strong> en el pa\u00eds aument\u00f3 su ritmo de<strong> crecimiento en octubre pasado<\/strong>, anotando as\u00ed <strong>su mejor incremento desde abril del presente a\u00f1o<\/strong>, report\u00f3 la Encuesta Nacional de Ocupaci\u00f3n y Empleo (Enoe), que elabora el Instituto Nacional de Estad\u00edstica y Geograf\u00eda (Inegi).<\/span><\/p>\n<p class=\"p1\"><span style=\"font-size: 18pt;\"><strong>Es as\u00ed que el mercado laboral formal como informal, se recuper\u00f3 del tropiezo que registr\u00f3 en septiembre. De acuerdo con la Encuesta Nacional de Ocupaci\u00f3n y Empleo,<span style=\"color: #139eca;\"> la poblaci\u00f3n ocupada en el pa\u00eds aument\u00f3 en 925 mil 637 personas en octubre con respecto a septiembre, cuando \u00e9sta cay\u00f3 en 120 mil 167 personas.<\/span><\/strong><\/span><\/p>\n<p class=\"p1\"><span style=\"font-size: 14pt;\">Tras la pausa que hizo en septiembre, el mercado laboral se recuper\u00f3 en el d\u00e9cimo mes del a\u00f1o, con un incremento de 1.61 por ciento, impulsado por el crecimiento de la ocupaci\u00f3n femenina, y la creaci\u00f3n del empleo alcanz\u00f3 su mejor nivel desde abril, cuando la poblaci\u00f3n ocupada en M\u00e9xico aument\u00f3 1.04 millones de personas.<\/span><\/p>\n<p class=\"p1\"><span style=\"font-size: 18pt;\"><strong>Seg\u00fan datos del Inegi, el aumento de la ocupaci\u00f3n en el pa\u00eds durante octubre estuvo liderada por las mujeres, pues pasaron de 23.1 millones a 23.7 millones de empleos de septiembre a octubre del presente a\u00f1o, lo que represent\u00f3 una variaci\u00f3n de 2.51 por ciento; mientras que para las plazas de los varones subieron 1.01 por ciento en octubre con respecto a septiembre, al pasar de 34.4 a 34.8 millones en el periodo de referencia.<\/strong><\/span><\/p>\n<p class=\"p1\"><span style=\"font-size: 14pt;\">Los empleos en la industria extractiva y de la electricidad subieron 19.4 por ciento en octubre, debido a que la ocupaci\u00f3n en este sector aument\u00f3 32.44 por ciento para las mujeres y 17.16 por ciento para los hombres. Del otro lado de la moneda, las plazas en la industria de la construcci\u00f3n cayeron 2.96 por ciento en octubre. Una mayor ca\u00edda en este sector estuvo contenida por el avance de 25.27 por ciento en la ocupaci\u00f3n de las mujeres.<\/span><\/p>\n<p class=\"p1\"><span style=\"font-size: 18pt;\"><strong>Para los empleos en transportes, comunicaciones, correo y almacenamiento la ca\u00edda fue de 1.62 por ciento. Las plazas para mujeres en este sector disminuyeron 15.76 por ciento, mientras que para los hombres aument\u00f3 1.04 por ciento.<\/strong><\/span><\/p>\n<p class=\"p1\"><span style=\"font-size: 14pt;\">La poblaci\u00f3n desocupada (1.9 millones de personas) aument\u00f3 0.47 por ciento, siendo las mujeres las que m\u00e1s incremento reportaron con 3.60 por ciento en octubre con respecto al mes previo; para los hombres represent\u00f3 una disminuci\u00f3n de 1.70 por ciento.<\/span><\/p>\n<p>&nbsp;<\/p>\n<p>&nbsp;<\/p>\n<p>&nbsp;<\/p>\n","protected":false},"excerpt":{"rendered":"<p>CIUDAD DE M\u00c9XICO. El mercado laboral en el pa\u00eds aument\u00f3 su ritmo de crecimiento en octubre pasado, anotando as\u00ed su<\/p>\n","protected":false},"author":4,"featured_media":13167,"comment_status":"closed","ping_status":"closed","sticky":false,"template":"","format":"standard","meta":{"colormag_page_container_layout":"default_layout","colormag_page_sidebar_layout":"default_layout","_jetpack_memberships_contains_paid_content":false,"footnotes":"","jetpack_publicize_message":"","jetpack_publicize_feature_enabled":true,"jetpack_social_post_already_shared":false,"jetpack_social_options":{"image_generator_settings":{"template":"highway","default_image_id":0,"font":"","enabled":false},"version":2}},"categories":[33],"tags":[1869,139,1868],"class_list":["post-13166","post","type-post","status-publish","format-standard","has-post-thumbnail","hentry","category-nacional","tag-empleo","tag-inegi","tag-mercado-laboral"],"jetpack_publicize_connections":[],"jetpack_featured_media_url":"https:\/\/i0.wp.com\/politicosaldesnudo.com.mx\/wp-content\/uploads\/2022\/11\/P-INEGI.png?fit=1816%2C1016&ssl=1","jetpack-related-posts":[],"jetpack_sharing_enabled":true,"_links":{"self":[{"href":"https:\/\/politicosaldesnudo.com.mx\/index.php\/wp-json\/wp\/v2\/posts\/13166","targetHints":{"allow":["GET"]}}],"collection":[{"href":"https:\/\/politicosaldesnudo.com.mx\/index.php\/wp-json\/wp\/v2\/posts"}],"about":[{"href":"https:\/\/politicosaldesnudo.com.mx\/index.php\/wp-json\/wp\/v2\/types\/post"}],"author":[{"embeddable":true,"href":"https:\/\/politicosaldesnudo.com.mx\/index.php\/wp-json\/wp\/v2\/users\/4"}],"replies":[{"embeddable":true,"href":"https:\/\/politicosaldesnudo.com.mx\/index.php\/wp-json\/wp\/v2\/comments?post=13166"}],"version-history":[{"count":0,"href":"https:\/\/politicosaldesnudo.com.mx\/index.php\/wp-json\/wp\/v2\/posts\/13166\/revisions"}],"wp:featuredmedia":[{"embeddable":true,"href":"https:\/\/politicosaldesnudo.com.mx\/index.php\/wp-json\/wp\/v2\/media\/13167"}],"wp:attachment":[{"href":"https:\/\/politicosaldesnudo.com.mx\/index.php\/wp-json\/wp\/v2\/media?parent=13166"}],"wp:term":[{"taxonomy":"category","embeddable":true,"href":"https:\/\/politicosaldesnudo.com.mx\/index.php\/wp-json\/wp\/v2\/categories?post=13166"},{"taxonomy":"post_tag","embeddable":true,"href":"https:\/\/politicosaldesnudo.com.mx\/index.php\/wp-json\/wp\/v2\/tags?post=13166"}],"curies":[{"name":"wp","href":"https:\/\/api.w.org\/{rel}","templated":true}]}}