{"id":13223,"date":"2022-11-21T18:50:37","date_gmt":"2022-11-22T00:50:37","guid":{"rendered":"https:\/\/politicosaldesnudo.com.mx\/?p=13223"},"modified":"2022-11-30T18:55:56","modified_gmt":"2022-12-01T00:55:56","slug":"en-diciembre-tuxpan-participara-en-la-noche-de-las-estrellas-2022","status":"publish","type":"post","link":"https:\/\/politicosaldesnudo.com.mx\/index.php\/2022\/11\/21\/en-diciembre-tuxpan-participara-en-la-noche-de-las-estrellas-2022\/","title":{"rendered":"En diciembre, Tuxpan participar\u00e1 en la \u201cNoche de las Estrellas 2022\u201d"},"content":{"rendered":"<p class=\"p1\">\n<p class=\"p1\"><span style=\"font-size: 14pt;\"><em><strong>TUXPAN, VERACRUZ.<\/strong> <\/em>El pr\u00f3ximo 3 de diciembre Tuxpan ser\u00e1 una de las 100 sedes a nivel nacional en las que se realizar\u00e1, de manera simult\u00e1nea, la \u201cNoche de las Estrellas 2022: La Ciencia, Sustento del Desarrollo\u201d.<\/span><\/p>\n<p class=\"p1\"><span style=\"font-size: 14pt;\">La regidora segunda del H. Ayuntamiento de Tuxpan, comisionada en Ciencia y Tecnolog\u00eda, licenciada Mar\u00eda del Pilar Mart\u00ednez Matesanz invit\u00f3 a la ciudadan\u00eda a conocer el fascinante mundo de la ciencia y disfrutar de las actividades que la Noche de las Estrellas ofrecer\u00e1 de manera gratuita.<\/span><\/p>\n<p class=\"p1\"><span style=\"font-size: 14pt;\">El pr\u00f3ximo 3 de diciembre, en la Universidad del Golfo de M\u00e9xico Campus Tuxpan, astr\u00f3nomos aficionados y profesionales vivir\u00e1n una gran velada de aprendizaje en la que habr\u00e1 telescopios, talleres, conferencias, observaciones y m\u00fasica.<\/span><\/p>\n<p>&nbsp;<\/p>\n<p><img data-recalc-dims=\"1\" loading=\"lazy\" decoding=\"async\" class=\"aligncenter wp-image-13224 size-large\" src=\"https:\/\/i0.wp.com\/politicosaldesnudo.com.mx\/wp-content\/uploads\/2022\/11\/P-NOCHE-ESTRELLAS-1024x688.png?resize=800%2C538&#038;ssl=1\" alt=\"\" width=\"800\" height=\"538\" srcset=\"https:\/\/i0.wp.com\/politicosaldesnudo.com.mx\/wp-content\/uploads\/2022\/11\/P-NOCHE-ESTRELLAS.png?resize=1024%2C688&amp;ssl=1 1024w, https:\/\/i0.wp.com\/politicosaldesnudo.com.mx\/wp-content\/uploads\/2022\/11\/P-NOCHE-ESTRELLAS.png?resize=300%2C202&amp;ssl=1 300w, https:\/\/i0.wp.com\/politicosaldesnudo.com.mx\/wp-content\/uploads\/2022\/11\/P-NOCHE-ESTRELLAS.png?resize=768%2C516&amp;ssl=1 768w, https:\/\/i0.wp.com\/politicosaldesnudo.com.mx\/wp-content\/uploads\/2022\/11\/P-NOCHE-ESTRELLAS.png?w=1280&amp;ssl=1 1280w\" sizes=\"auto, (max-width: 800px) 100vw, 800px\" \/><\/p>\n<p>&nbsp;<\/p>\n<p class=\"p1\"><span style=\"font-size: 14pt;\">La Noche de las Estrellas es una gran fiesta astron\u00f3mica que se realiza en M\u00e9xico cada a\u00f1o desde el 2009, y es el m\u00e1s grande e importante evento masivo de divulgaci\u00f3n de la ciencia en Iberoam\u00e9rica, acercando el conocimiento, de forma l\u00fadica y gratuita, a la mayor cantidad de personas posible.<span class=\"Apple-converted-space\">\u00a0<\/span><\/span><\/p>\n<p class=\"p1\"><span style=\"font-size: 14pt;\">Se tienen programadas actividades a partir de las 16:30 horas con exposiciones culturales y musicales, as\u00ed como juegos y talleres para ni\u00f1os; ya por la noche iniciar\u00e1 la observaci\u00f3n con telescopios.<\/span><\/p>\n","protected":false},"excerpt":{"rendered":"<p>TUXPAN, VERACRUZ. El pr\u00f3ximo 3 de diciembre Tuxpan ser\u00e1 una de las 100 sedes a nivel nacional en las que<\/p>\n","protected":false},"author":4,"featured_media":13225,"comment_status":"closed","ping_status":"closed","sticky":false,"template":"","format":"standard","meta":{"colormag_page_container_layout":"default_layout","colormag_page_sidebar_layout":"default_layout","_jetpack_memberships_contains_paid_content":false,"footnotes":"","jetpack_publicize_message":"","jetpack_publicize_feature_enabled":true,"jetpack_social_post_already_shared":false,"jetpack_social_options":{"image_generator_settings":{"template":"highway","default_image_id":0,"font":"","enabled":false},"version":2}},"categories":[1082],"tags":[],"class_list":["post-13223","post","type-post","status-publish","format-standard","has-post-thumbnail","hentry","category-tuxpan"],"jetpack_publicize_connections":[],"jetpack_featured_media_url":"https:\/\/i0.wp.com\/politicosaldesnudo.com.mx\/wp-content\/uploads\/2022\/11\/P-NOCHES-ESTRELLAS-1.png?fit=1816%2C1016&ssl=1","jetpack-related-posts":[],"jetpack_sharing_enabled":true,"_links":{"self":[{"href":"https:\/\/politicosaldesnudo.com.mx\/index.php\/wp-json\/wp\/v2\/posts\/13223","targetHints":{"allow":["GET"]}}],"collection":[{"href":"https:\/\/politicosaldesnudo.com.mx\/index.php\/wp-json\/wp\/v2\/posts"}],"about":[{"href":"https:\/\/politicosaldesnudo.com.mx\/index.php\/wp-json\/wp\/v2\/types\/post"}],"author":[{"embeddable":true,"href":"https:\/\/politicosaldesnudo.com.mx\/index.php\/wp-json\/wp\/v2\/users\/4"}],"replies":[{"embeddable":true,"href":"https:\/\/politicosaldesnudo.com.mx\/index.php\/wp-json\/wp\/v2\/comments?post=13223"}],"version-history":[{"count":0,"href":"https:\/\/politicosaldesnudo.com.mx\/index.php\/wp-json\/wp\/v2\/posts\/13223\/revisions"}],"wp:featuredmedia":[{"embeddable":true,"href":"https:\/\/politicosaldesnudo.com.mx\/index.php\/wp-json\/wp\/v2\/media\/13225"}],"wp:attachment":[{"href":"https:\/\/politicosaldesnudo.com.mx\/index.php\/wp-json\/wp\/v2\/media?parent=13223"}],"wp:term":[{"taxonomy":"category","embeddable":true,"href":"https:\/\/politicosaldesnudo.com.mx\/index.php\/wp-json\/wp\/v2\/categories?post=13223"},{"taxonomy":"post_tag","embeddable":true,"href":"https:\/\/politicosaldesnudo.com.mx\/index.php\/wp-json\/wp\/v2\/tags?post=13223"}],"curies":[{"name":"wp","href":"https:\/\/api.w.org\/{rel}","templated":true}]}}