{"id":13231,"date":"2022-11-24T19:03:19","date_gmt":"2022-11-25T01:03:19","guid":{"rendered":"https:\/\/politicosaldesnudo.com.mx\/?p=13231"},"modified":"2022-11-30T19:07:43","modified_gmt":"2022-12-01T01:07:43","slug":"manana-viernes-de-jornada-de-salud-visual-en-la-planta-baja-de-presidencia-municipal","status":"publish","type":"post","link":"https:\/\/politicosaldesnudo.com.mx\/index.php\/2022\/11\/24\/manana-viernes-de-jornada-de-salud-visual-en-la-planta-baja-de-presidencia-municipal\/","title":{"rendered":"Ma\u00f1ana viernes de \u201cJornada de Salud Visual\u201d en la planta baja de Presidencia Municipal"},"content":{"rendered":"<p>&nbsp;<\/p>\n<p><span style=\"font-size: 14pt;\"><em><strong>TUXPAN, VERACRUZ.<\/strong><\/em> El Ayuntamiento de Tuxpan, la s\u00edndica Beatriz Pi\u00f1a Vergara, el DIF Municipal, y el Grupo \u00d3ptico Arreola invitan a la ciudadan\u00eda a que asistan a la Jornada de Salud Visual que se llevar\u00e1 a cabo este viernes 25 de noviembre en la planta baja de la Presidencia Municipal.<\/span><\/p>\n<p><span style=\"font-size: 14pt;\">A partir de las 10:00 a 15:00 horas especialistas en oftalmolog\u00eda aplicar\u00e1n ex\u00e1menes de la vista totalmente gratis, y se ofrecer\u00e1n lentes a muy bajo costo.<\/span><\/p>\n<p><span style=\"font-size: 14pt;\">Asimismo, con el apoyo de personal de Salud del Instituto de Seguridad y Servicios Sociales de los Trabajadores del Estado (ISSSTE), tambi\u00e9n se estar\u00e1 realizando una Jornada de Salud Integral en la que brindar\u00e1n servicios como toma de ant\u00edgeno prost\u00e1tico, toma de presi\u00f3n arterial, toma de glucosa y aplicar\u00e1n la vacuna contra la influenza.<\/span><\/p>\n<p><span style=\"font-size: 14pt;\">Estas jornadas continuar\u00e1n todos los viernes hasta terminar este a\u00f1o, con el objetivo de beneficiar a personas de todas las edades, principalmente a la poblaci\u00f3n de escasos recursos.<\/span><\/p>\n<p>&nbsp;<\/p>\n<p><img data-recalc-dims=\"1\" loading=\"lazy\" decoding=\"async\" class=\"aligncenter wp-image-12706\" src=\"https:\/\/i0.wp.com\/politicosaldesnudo.com.mx\/wp-content\/uploads\/2022\/11\/WhatsApp-Image-2022-11-17-at-12.42.54-PM-768x1024.jpeg?resize=500%2C667&#038;ssl=1\" alt=\"\" width=\"500\" height=\"667\" srcset=\"https:\/\/i0.wp.com\/politicosaldesnudo.com.mx\/wp-content\/uploads\/2022\/11\/WhatsApp-Image-2022-11-17-at-12.42.54-PM.jpeg?resize=768%2C1024&amp;ssl=1 768w, https:\/\/i0.wp.com\/politicosaldesnudo.com.mx\/wp-content\/uploads\/2022\/11\/WhatsApp-Image-2022-11-17-at-12.42.54-PM.jpeg?resize=225%2C300&amp;ssl=1 225w, https:\/\/i0.wp.com\/politicosaldesnudo.com.mx\/wp-content\/uploads\/2022\/11\/WhatsApp-Image-2022-11-17-at-12.42.54-PM.jpeg?w=960&amp;ssl=1 960w\" sizes=\"auto, (max-width: 500px) 100vw, 500px\" \/><\/p>\n","protected":false},"excerpt":{"rendered":"<p>&nbsp; TUXPAN, VERACRUZ. El Ayuntamiento de Tuxpan, la s\u00edndica Beatriz Pi\u00f1a Vergara, el DIF Municipal, y el Grupo \u00d3ptico Arreola<\/p>\n","protected":false},"author":4,"featured_media":13232,"comment_status":"closed","ping_status":"closed","sticky":false,"template":"","format":"standard","meta":{"colormag_page_container_layout":"default_layout","colormag_page_sidebar_layout":"default_layout","_jetpack_memberships_contains_paid_content":false,"footnotes":"","jetpack_publicize_message":"","jetpack_publicize_feature_enabled":true,"jetpack_social_post_already_shared":false,"jetpack_social_options":{"image_generator_settings":{"template":"highway","default_image_id":0,"font":"","enabled":false},"version":2}},"categories":[1082],"tags":[],"class_list":["post-13231","post","type-post","status-publish","format-standard","has-post-thumbnail","hentry","category-tuxpan"],"jetpack_publicize_connections":[],"jetpack_featured_media_url":"https:\/\/i0.wp.com\/politicosaldesnudo.com.mx\/wp-content\/uploads\/2022\/11\/P-ENTREGA-LENTES-1.png?fit=1816%2C1016&ssl=1","jetpack-related-posts":[],"jetpack_sharing_enabled":true,"_links":{"self":[{"href":"https:\/\/politicosaldesnudo.com.mx\/index.php\/wp-json\/wp\/v2\/posts\/13231","targetHints":{"allow":["GET"]}}],"collection":[{"href":"https:\/\/politicosaldesnudo.com.mx\/index.php\/wp-json\/wp\/v2\/posts"}],"about":[{"href":"https:\/\/politicosaldesnudo.com.mx\/index.php\/wp-json\/wp\/v2\/types\/post"}],"author":[{"embeddable":true,"href":"https:\/\/politicosaldesnudo.com.mx\/index.php\/wp-json\/wp\/v2\/users\/4"}],"replies":[{"embeddable":true,"href":"https:\/\/politicosaldesnudo.com.mx\/index.php\/wp-json\/wp\/v2\/comments?post=13231"}],"version-history":[{"count":0,"href":"https:\/\/politicosaldesnudo.com.mx\/index.php\/wp-json\/wp\/v2\/posts\/13231\/revisions"}],"wp:featuredmedia":[{"embeddable":true,"href":"https:\/\/politicosaldesnudo.com.mx\/index.php\/wp-json\/wp\/v2\/media\/13232"}],"wp:attachment":[{"href":"https:\/\/politicosaldesnudo.com.mx\/index.php\/wp-json\/wp\/v2\/media?parent=13231"}],"wp:term":[{"taxonomy":"category","embeddable":true,"href":"https:\/\/politicosaldesnudo.com.mx\/index.php\/wp-json\/wp\/v2\/categories?post=13231"},{"taxonomy":"post_tag","embeddable":true,"href":"https:\/\/politicosaldesnudo.com.mx\/index.php\/wp-json\/wp\/v2\/tags?post=13231"}],"curies":[{"name":"wp","href":"https:\/\/api.w.org\/{rel}","templated":true}]}}