{"id":13298,"date":"2022-12-01T18:41:38","date_gmt":"2022-12-02T00:41:38","guid":{"rendered":"https:\/\/politicosaldesnudo.com.mx\/?p=13298"},"modified":"2022-12-01T18:44:30","modified_gmt":"2022-12-02T00:44:30","slug":"ebrard-me-dicen-que-mexico-seria-la-nueva-china","status":"publish","type":"post","link":"https:\/\/politicosaldesnudo.com.mx\/index.php\/2022\/12\/01\/ebrard-me-dicen-que-mexico-seria-la-nueva-china\/","title":{"rendered":"Marcelo Ebrard: \u201cMe dicen que M\u00e9xico ser\u00eda la nueva China\u201d"},"content":{"rendered":"<p class=\"p1\"><span style=\"font-size: 14pt;\"><em><strong>CIUDAD DE M\u00c9XICO.<\/strong><\/em> El canciller <strong>Marcelo Ebrard<\/strong> asegur\u00f3 que <strong>el pa\u00eds tiene un gran potencial de cara al futuro<\/strong>, por lo que <strong>llam\u00f3 a aprovechar el &#8216;nearshoring&#8217;<\/strong> e impulsar las exportaciones mexicanas al mundo.<\/span><\/p>\n<p>&nbsp;<\/p>\n<blockquote>\n<p class=\"p1\"><span style=\"font-size: 14pt;\">Tenemos mucho trabajo por delante, soy muy realista. La otra vez platiqu\u00e9 con un funcionario de Emiratos [\u00c1rabes Unidos] y me dijo que por qu\u00e9 no hac\u00edamos un acuerdo log\u00edstico de libre comercio con ellos y afirm\u00f3 que\u00a0nosotros ser\u00edamos la nueva China. As\u00ed que las posibilidades trabajo son enormes y hay que seguirles el paso\u201d, coment\u00f3 Ebrard durante la inauguraci\u00f3n del XXVIII Congreso del Comercio Exterior Mexicano<\/span><\/p>\n<\/blockquote>\n<p>&nbsp;<\/p>\n<p class=\"p1\"><span style=\"font-size: 18pt;\"><strong>Marcelo Ebrard enfatiz\u00f3 en la importancia de atender las empresas que busquen localizarse en M\u00e9xico.<\/strong><\/span><\/p>\n<p>&nbsp;<\/p>\n<blockquote>\n<p class=\"p1\"><span style=\"font-size: 14pt;\">Estamos haciendo un esquema geogr\u00e1fico de c\u00f3mo orientar este proceso, en Estados Unidos, estamos sincronizando medidas\u201d<\/span><\/p>\n<\/blockquote>\n<p>&nbsp;<\/p>\n<p class=\"p1\"><span style=\"font-size: 14pt;\">El contexto geopol\u00edtico en el que se vive una batalla comercial entre Estados Unidos y China, as\u00ed como dos a\u00f1os de pandemia por Covid 19 que reconfiguraron la cadena industrial, han generado que las empresas volteen a ver a M\u00e9xico, un pa\u00eds que bien podr\u00eda sacar provecho de esto gracias al\u00a0nearshoring, que es la estrategia de externalizaci\u00f3n por la que una empresa transfiere parte de su producci\u00f3n a terceros que, a pesar de ubicarse en otros pa\u00edses, priorizan su localizaci\u00f3n cercana a los destinos mercantiles y con una zona horaria semejante.<\/span><\/p>\n<p>&nbsp;<\/p>\n<p><span style=\"font-size: 18pt;\">Con informaci\u00f3n de Sputnik<\/span><\/p>\n","protected":false},"excerpt":{"rendered":"<p>CIUDAD DE M\u00c9XICO. El canciller Marcelo Ebrard asegur\u00f3 que el pa\u00eds tiene un gran potencial de cara al futuro, por<\/p>\n","protected":false},"author":4,"featured_media":13299,"comment_status":"closed","ping_status":"closed","sticky":false,"template":"","format":"standard","meta":{"colormag_page_container_layout":"default_layout","colormag_page_sidebar_layout":"default_layout","_jetpack_memberships_contains_paid_content":false,"footnotes":"","jetpack_publicize_message":"","jetpack_publicize_feature_enabled":true,"jetpack_social_post_already_shared":false,"jetpack_social_options":{"image_generator_settings":{"template":"highway","default_image_id":0,"font":"","enabled":false},"version":2}},"categories":[33],"tags":[79,46,42,1879],"class_list":["post-13298","post","type-post","status-publish","format-standard","has-post-thumbnail","hentry","category-nacional","tag-china","tag-marcelo-ebrard","tag-mexico","tag-nearshoring"],"jetpack_publicize_connections":[],"jetpack_featured_media_url":"https:\/\/i0.wp.com\/politicosaldesnudo.com.mx\/wp-content\/uploads\/2022\/12\/P-MARCELO-EBRARD.png?fit=1816%2C1016&ssl=1","jetpack-related-posts":[],"jetpack_sharing_enabled":true,"_links":{"self":[{"href":"https:\/\/politicosaldesnudo.com.mx\/index.php\/wp-json\/wp\/v2\/posts\/13298","targetHints":{"allow":["GET"]}}],"collection":[{"href":"https:\/\/politicosaldesnudo.com.mx\/index.php\/wp-json\/wp\/v2\/posts"}],"about":[{"href":"https:\/\/politicosaldesnudo.com.mx\/index.php\/wp-json\/wp\/v2\/types\/post"}],"author":[{"embeddable":true,"href":"https:\/\/politicosaldesnudo.com.mx\/index.php\/wp-json\/wp\/v2\/users\/4"}],"replies":[{"embeddable":true,"href":"https:\/\/politicosaldesnudo.com.mx\/index.php\/wp-json\/wp\/v2\/comments?post=13298"}],"version-history":[{"count":0,"href":"https:\/\/politicosaldesnudo.com.mx\/index.php\/wp-json\/wp\/v2\/posts\/13298\/revisions"}],"wp:featuredmedia":[{"embeddable":true,"href":"https:\/\/politicosaldesnudo.com.mx\/index.php\/wp-json\/wp\/v2\/media\/13299"}],"wp:attachment":[{"href":"https:\/\/politicosaldesnudo.com.mx\/index.php\/wp-json\/wp\/v2\/media?parent=13298"}],"wp:term":[{"taxonomy":"category","embeddable":true,"href":"https:\/\/politicosaldesnudo.com.mx\/index.php\/wp-json\/wp\/v2\/categories?post=13298"},{"taxonomy":"post_tag","embeddable":true,"href":"https:\/\/politicosaldesnudo.com.mx\/index.php\/wp-json\/wp\/v2\/tags?post=13298"}],"curies":[{"name":"wp","href":"https:\/\/api.w.org\/{rel}","templated":true}]}}