{"id":13337,"date":"2022-12-02T07:56:31","date_gmt":"2022-12-02T13:56:31","guid":{"rendered":"https:\/\/politicosaldesnudo.com.mx\/?p=13337"},"modified":"2022-12-02T08:03:43","modified_gmt":"2022-12-02T14:03:43","slug":"por-primera-vez-ahmpresetur-reune-a-47-empresas-en-expo-proveedores","status":"publish","type":"post","link":"https:\/\/politicosaldesnudo.com.mx\/index.php\/2022\/12\/02\/por-primera-vez-ahmpresetur-reune-a-47-empresas-en-expo-proveedores\/","title":{"rendered":"\u00a1Por primera vez! AHMPRESETUR re\u00fane a 47 empresas en \u201cExpo Proveedores\u201d"},"content":{"rendered":"<p>&nbsp;<\/p>\n<p class=\"p2\"><span style=\"font-size: 14pt;\"><em><strong>POZA RICA, VERACRUZ.<\/strong> <\/em>Se llev\u00f3 a cabo la primera <strong>\u201cExpo Proveedores\u201d de AHMPRESETUR<\/strong> con el objetivo de que<strong> expositores exhibieron sus productos, novedades y ofertas para hoteles y restaurantes.<\/strong><\/span><\/p>\n<p class=\"p2\"><span style=\"font-size: 18pt; color: #139eca;\"><strong>Por su parte, Cecilia Uresti Villegas, presidenta la Asociaci\u00f3n de Hoteles, Moteles y Prestadores de Servicios Tur\u00edsticos de la regi\u00f3n Totonaca (AHMPRESETUR ) en su intervenci\u00f3n destac\u00f3 la importancia de reunir por primera ocasi\u00f3n en un solo lugar a los proveedores de servicios para hoteles y restaurantes.<\/strong><\/span><\/p>\n<p>&nbsp;<\/p>\n<p><img data-recalc-dims=\"1\" loading=\"lazy\" decoding=\"async\" class=\"aligncenter wp-image-13338 size-large\" src=\"https:\/\/i0.wp.com\/politicosaldesnudo.com.mx\/wp-content\/uploads\/2022\/12\/P-EXPO-PROVEEDORES-1-1024x573.png?resize=800%2C448&#038;ssl=1\" alt=\"\" width=\"800\" height=\"448\" srcset=\"https:\/\/i0.wp.com\/politicosaldesnudo.com.mx\/wp-content\/uploads\/2022\/12\/P-EXPO-PROVEEDORES-1.png?resize=1024%2C573&amp;ssl=1 1024w, https:\/\/i0.wp.com\/politicosaldesnudo.com.mx\/wp-content\/uploads\/2022\/12\/P-EXPO-PROVEEDORES-1.png?resize=300%2C168&amp;ssl=1 300w, https:\/\/i0.wp.com\/politicosaldesnudo.com.mx\/wp-content\/uploads\/2022\/12\/P-EXPO-PROVEEDORES-1.png?resize=768%2C430&amp;ssl=1 768w, https:\/\/i0.wp.com\/politicosaldesnudo.com.mx\/wp-content\/uploads\/2022\/12\/P-EXPO-PROVEEDORES-1.png?resize=1536%2C859&amp;ssl=1 1536w, https:\/\/i0.wp.com\/politicosaldesnudo.com.mx\/wp-content\/uploads\/2022\/12\/P-EXPO-PROVEEDORES-1.png?w=1816&amp;ssl=1 1816w, https:\/\/i0.wp.com\/politicosaldesnudo.com.mx\/wp-content\/uploads\/2022\/12\/P-EXPO-PROVEEDORES-1.png?w=1600&amp;ssl=1 1600w\" sizes=\"auto, (max-width: 800px) 100vw, 800px\" \/><\/p>\n<p>&nbsp;<\/p>\n<p class=\"p2\"><span style=\"font-size: 18pt;\"><strong>Los visitantes pudieron conocer los servicios que requieren y demandan para el buen funcionamiento de las empresa del ramo.<span class=\"Apple-converted-space\">\u00a0<\/span><\/strong><\/span><\/p>\n<p class=\"p2\"><span style=\"font-size: 18pt;\"><strong>Un acierto de AHMPRESETUR fue reunir a los mejores proveedores de la regi\u00f3n con el objetivo de<span class=\"Apple-converted-space\">\u00a0 <\/span>lograr v\u00ednculos comerciales, hacer los contactos tanto de proveedores como de clientes.<span class=\"Apple-converted-space\">\u00a0<\/span><\/strong><\/span><\/p>\n<p>&nbsp;<\/p>\n<blockquote>\n<p class=\"p2\"><span style=\"font-size: 14pt;\">Hoy tenemos la oportunidad de<span class=\"Apple-converted-space\">\u00a0 <\/span>enlazar empresas locales productivas para fortalecer el consumo local y regional\u201d, se\u00f1al\u00f3 Cecilia Uresti Villegas<\/span><\/p>\n<\/blockquote>\n<p>&nbsp;<\/p>\n<p><img data-recalc-dims=\"1\" loading=\"lazy\" decoding=\"async\" class=\"aligncenter wp-image-13341 size-large\" src=\"https:\/\/i0.wp.com\/politicosaldesnudo.com.mx\/wp-content\/uploads\/2022\/12\/P-EXPO-PROVEEDORES-4-1024x573.png?resize=800%2C448&#038;ssl=1\" alt=\"\" width=\"800\" height=\"448\" srcset=\"https:\/\/i0.wp.com\/politicosaldesnudo.com.mx\/wp-content\/uploads\/2022\/12\/P-EXPO-PROVEEDORES-4.png?resize=1024%2C573&amp;ssl=1 1024w, https:\/\/i0.wp.com\/politicosaldesnudo.com.mx\/wp-content\/uploads\/2022\/12\/P-EXPO-PROVEEDORES-4.png?resize=300%2C168&amp;ssl=1 300w, https:\/\/i0.wp.com\/politicosaldesnudo.com.mx\/wp-content\/uploads\/2022\/12\/P-EXPO-PROVEEDORES-4.png?resize=768%2C430&amp;ssl=1 768w, https:\/\/i0.wp.com\/politicosaldesnudo.com.mx\/wp-content\/uploads\/2022\/12\/P-EXPO-PROVEEDORES-4.png?resize=1536%2C859&amp;ssl=1 1536w, https:\/\/i0.wp.com\/politicosaldesnudo.com.mx\/wp-content\/uploads\/2022\/12\/P-EXPO-PROVEEDORES-4.png?w=1816&amp;ssl=1 1816w, https:\/\/i0.wp.com\/politicosaldesnudo.com.mx\/wp-content\/uploads\/2022\/12\/P-EXPO-PROVEEDORES-4.png?w=1600&amp;ssl=1 1600w\" sizes=\"auto, (max-width: 800px) 100vw, 800px\" \/><\/p>\n<p>&nbsp;<\/p>\n<p class=\"p2\"><span style=\"font-size: 18pt;\"><strong>Las empresas<span class=\"Apple-converted-space\">\u00a0 <\/span>participaron con ponencias de expertos en gastronom\u00eda, equipo y somelier.<span class=\"Apple-converted-space\">\u00a0<\/span><\/strong><\/span><\/p>\n<p class=\"p2\"><span style=\"font-size: 18pt; color: #139eca;\"><strong>Los representantes de<span class=\"Apple-converted-space\">\u00a0 <\/span>hoteles y restaurantes tambi\u00e9n pudieron conocer algunos productos como, vainilla, caf\u00e9, miel, canela, pimienta<span class=\"Apple-converted-space\">\u00a0 <\/span>productos del campo que son calidad de exportaci\u00f3n y son parte de la econom\u00eda regional.<span class=\"Apple-converted-space\">\u00a0<\/span><\/strong><\/span><\/p>\n<p>&nbsp;<\/p>\n<blockquote>\n<p class=\"p2\"><span style=\"font-size: 14pt;\">En la AHMPRESETUR tenemos claro que uniendo esfuerzos fortalecemos la econom\u00eda\u201d, concluy\u00f3 Cecilia Uresti Villegas<\/span><\/p>\n<\/blockquote>\n<p>&nbsp;<\/p>\n<p class=\"p2\"><span style=\"font-size: 14pt;\">Durante la<span class=\"Apple-converted-space\">\u00a0 <\/span>inauguraci\u00f3n se cont\u00f3 con la presencia de Omar Castro Prado en representaci\u00f3n del Secretario de Turismo del Estado, Ivan Mart\u00ednez Olvera, as\u00ed como la participaron<span class=\"Apple-converted-space\">\u00a0 <\/span>ediles de varios municipios de la regi\u00f3n y la presencia de integrantes de C\u00e1maras empresariales, Rectores y directores de<span class=\"Apple-converted-space\">\u00a0 <\/span>universidades y estudiantes de las carreras de turismo, gesti\u00f3n empresarial y gastronom\u00eda.<span class=\"Apple-converted-space\">\u00a0<\/span><\/span><\/p>\n<p>&nbsp;<\/p>\n<p><img data-recalc-dims=\"1\" loading=\"lazy\" decoding=\"async\" class=\"aligncenter wp-image-13342 size-large\" src=\"https:\/\/i0.wp.com\/politicosaldesnudo.com.mx\/wp-content\/uploads\/2022\/12\/P-EXPO-PROVEEDORES-2-1024x573.png?resize=800%2C448&#038;ssl=1\" alt=\"\" width=\"800\" height=\"448\" srcset=\"https:\/\/i0.wp.com\/politicosaldesnudo.com.mx\/wp-content\/uploads\/2022\/12\/P-EXPO-PROVEEDORES-2.png?resize=1024%2C573&amp;ssl=1 1024w, https:\/\/i0.wp.com\/politicosaldesnudo.com.mx\/wp-content\/uploads\/2022\/12\/P-EXPO-PROVEEDORES-2.png?resize=300%2C168&amp;ssl=1 300w, https:\/\/i0.wp.com\/politicosaldesnudo.com.mx\/wp-content\/uploads\/2022\/12\/P-EXPO-PROVEEDORES-2.png?resize=768%2C430&amp;ssl=1 768w, https:\/\/i0.wp.com\/politicosaldesnudo.com.mx\/wp-content\/uploads\/2022\/12\/P-EXPO-PROVEEDORES-2.png?resize=1536%2C859&amp;ssl=1 1536w, https:\/\/i0.wp.com\/politicosaldesnudo.com.mx\/wp-content\/uploads\/2022\/12\/P-EXPO-PROVEEDORES-2.png?w=1816&amp;ssl=1 1816w, https:\/\/i0.wp.com\/politicosaldesnudo.com.mx\/wp-content\/uploads\/2022\/12\/P-EXPO-PROVEEDORES-2.png?w=1600&amp;ssl=1 1600w\" sizes=\"auto, (max-width: 800px) 100vw, 800px\" \/><\/p>\n<p>&nbsp;<\/p>\n<p>&nbsp;<\/p>\n<p>&nbsp;<\/p>\n<p>&nbsp;<\/p>\n","protected":false},"excerpt":{"rendered":"<p>&nbsp; POZA RICA, VERACRUZ. Se llev\u00f3 a cabo la primera \u201cExpo Proveedores\u201d de AHMPRESETUR con el objetivo de que expositores<\/p>\n","protected":false},"author":4,"featured_media":13340,"comment_status":"closed","ping_status":"closed","sticky":false,"template":"","format":"standard","meta":{"colormag_page_container_layout":"default_layout","colormag_page_sidebar_layout":"default_layout","_jetpack_memberships_contains_paid_content":false,"footnotes":"","jetpack_publicize_message":"","jetpack_publicize_feature_enabled":true,"jetpack_social_post_already_shared":false,"jetpack_social_options":{"image_generator_settings":{"template":"highway","default_image_id":0,"font":"","enabled":false},"version":2}},"categories":[30],"tags":[468,470,1888,1891,497,1889,1890,100],"class_list":["post-13337","post","type-post","status-publish","format-standard","has-post-thumbnail","hentry","category-estados","tag-ahmpresetur","tag-cecilia-uresti-villegas","tag-expo-proveedores","tag-hoteles","tag-poza-rica","tag-productos","tag-restaurantes","tag-veracruz"],"jetpack_publicize_connections":[],"jetpack_featured_media_url":"https:\/\/i0.wp.com\/politicosaldesnudo.com.mx\/wp-content\/uploads\/2022\/12\/P-EXPO-PROVEEDORES-3.png?fit=1816%2C1016&ssl=1","jetpack-related-posts":[],"jetpack_sharing_enabled":true,"_links":{"self":[{"href":"https:\/\/politicosaldesnudo.com.mx\/index.php\/wp-json\/wp\/v2\/posts\/13337","targetHints":{"allow":["GET"]}}],"collection":[{"href":"https:\/\/politicosaldesnudo.com.mx\/index.php\/wp-json\/wp\/v2\/posts"}],"about":[{"href":"https:\/\/politicosaldesnudo.com.mx\/index.php\/wp-json\/wp\/v2\/types\/post"}],"author":[{"embeddable":true,"href":"https:\/\/politicosaldesnudo.com.mx\/index.php\/wp-json\/wp\/v2\/users\/4"}],"replies":[{"embeddable":true,"href":"https:\/\/politicosaldesnudo.com.mx\/index.php\/wp-json\/wp\/v2\/comments?post=13337"}],"version-history":[{"count":0,"href":"https:\/\/politicosaldesnudo.com.mx\/index.php\/wp-json\/wp\/v2\/posts\/13337\/revisions"}],"wp:featuredmedia":[{"embeddable":true,"href":"https:\/\/politicosaldesnudo.com.mx\/index.php\/wp-json\/wp\/v2\/media\/13340"}],"wp:attachment":[{"href":"https:\/\/politicosaldesnudo.com.mx\/index.php\/wp-json\/wp\/v2\/media?parent=13337"}],"wp:term":[{"taxonomy":"category","embeddable":true,"href":"https:\/\/politicosaldesnudo.com.mx\/index.php\/wp-json\/wp\/v2\/categories?post=13337"},{"taxonomy":"post_tag","embeddable":true,"href":"https:\/\/politicosaldesnudo.com.mx\/index.php\/wp-json\/wp\/v2\/tags?post=13337"}],"curies":[{"name":"wp","href":"https:\/\/api.w.org\/{rel}","templated":true}]}}