{"id":13358,"date":"2022-12-03T07:05:49","date_gmt":"2022-12-03T13:05:49","guid":{"rendered":"https:\/\/politicosaldesnudo.com.mx\/?p=13358"},"modified":"2022-12-03T07:32:58","modified_gmt":"2022-12-03T13:32:58","slug":"hoy-tuxpan-sera-sede-de-la-noche-de-las-estrellas-2022","status":"publish","type":"post","link":"https:\/\/politicosaldesnudo.com.mx\/index.php\/2022\/12\/03\/hoy-tuxpan-sera-sede-de-la-noche-de-las-estrellas-2022\/","title":{"rendered":"Hoy Tuxpan ser\u00e1 sede de la \u201cNoche de las Estrellas 2022\u201d"},"content":{"rendered":"<p>&nbsp;<\/p>\n<p class=\"p1\"><span style=\"font-size: 18pt;\"><strong>&lt;&lt; Las actividades iniciar\u00e1n a las 16:30 horas en la UGM &gt;&gt;<\/strong><\/span><\/p>\n<p>&nbsp;<\/p>\n<p class=\"p1\"><span style=\"font-size: 14pt;\"><em><strong>TUXPAN, VERACRUZ.<\/strong> <\/em>Este s\u00e1bado 3 de diciembre en la <strong>Universidad del Golfo de M\u00e9xico<\/strong> (UGM) Campus Tuxpan, se llevar\u00e1 a cabo la \u201c<strong>Noche de las Estrellas 2022: La Ciencia, Sustento del Desarrollo\u201d.<\/strong><\/span><\/p>\n<p class=\"p1\"><span style=\"font-size: 18pt;\"><strong>Mar\u00eda del Pilar Mart\u00ednez Matesanz, regidora segunda comisionada en Ciencia y Tecnolog\u00eda, reitera la atenta invitaci\u00f3n a la ciudadan\u00eda para que aprovechen la oportunidad de disfrutar de esta actividad, de manera gratuita.<span class=\"Apple-converted-space\">\u00a0<\/span><\/strong><\/span><\/p>\n<p>&nbsp;<\/p>\n<p><img data-recalc-dims=\"1\" loading=\"lazy\" decoding=\"async\" class=\"aligncenter wp-image-13224 size-large\" src=\"https:\/\/i0.wp.com\/politicosaldesnudo.com.mx\/wp-content\/uploads\/2022\/11\/P-NOCHE-ESTRELLAS-1024x688.png?resize=800%2C538&#038;ssl=1\" alt=\"\" width=\"800\" height=\"538\" srcset=\"https:\/\/i0.wp.com\/politicosaldesnudo.com.mx\/wp-content\/uploads\/2022\/11\/P-NOCHE-ESTRELLAS.png?resize=1024%2C688&amp;ssl=1 1024w, https:\/\/i0.wp.com\/politicosaldesnudo.com.mx\/wp-content\/uploads\/2022\/11\/P-NOCHE-ESTRELLAS.png?resize=300%2C202&amp;ssl=1 300w, https:\/\/i0.wp.com\/politicosaldesnudo.com.mx\/wp-content\/uploads\/2022\/11\/P-NOCHE-ESTRELLAS.png?resize=768%2C516&amp;ssl=1 768w, https:\/\/i0.wp.com\/politicosaldesnudo.com.mx\/wp-content\/uploads\/2022\/11\/P-NOCHE-ESTRELLAS.png?w=1280&amp;ssl=1 1280w\" sizes=\"auto, (max-width: 800px) 100vw, 800px\" \/><\/p>\n<p>&nbsp;<\/p>\n<p class=\"p1\"><span style=\"font-size: 18pt;\"><strong>Con el respaldo del Gobierno Municipal de Tuxpan, nuestra ciudad ser\u00e1 una de las 100 sedes en las que simult\u00e1neamente, a nivel nacional, se realizar\u00e1 este majestuoso evento dedicado a la ciencia.<\/strong><\/span><\/p>\n<p class=\"p1\"><strong><span style=\"font-size: 18pt;\">Para este evento se tienen programadas una serie de actividades a partir de las 16:30 horas, con exposiciones culturales y musicales; juegos y talleres para ni\u00f1os, y ya por la noche iniciar\u00e1 la observaci\u00f3n con telescopios.<\/span><\/strong><\/p>\n<p>&nbsp;<\/p>\n<p>&nbsp;<\/p>\n<p>&nbsp;<\/p>\n<p>&nbsp;<\/p>\n<p>&nbsp;<\/p>\n<p>&nbsp;<\/p>\n","protected":false},"excerpt":{"rendered":"<p>&nbsp; &lt;&lt; Las actividades iniciar\u00e1n a las 16:30 horas en la UGM &gt;&gt; &nbsp; TUXPAN, VERACRUZ. Este s\u00e1bado 3 de<\/p>\n","protected":false},"author":4,"featured_media":13359,"comment_status":"closed","ping_status":"closed","sticky":false,"template":"","format":"standard","meta":{"colormag_page_container_layout":"default_layout","colormag_page_sidebar_layout":"default_layout","_jetpack_memberships_contains_paid_content":false,"footnotes":"","jetpack_publicize_message":"","jetpack_publicize_feature_enabled":true,"jetpack_social_post_already_shared":false,"jetpack_social_options":{"image_generator_settings":{"template":"highway","default_image_id":0,"font":"","enabled":false},"version":2}},"categories":[1082],"tags":[1892,70,1101,100],"class_list":["post-13358","post","type-post","status-publish","format-standard","has-post-thumbnail","hentry","category-tuxpan","tag-noche-de-estrellas","tag-tuxpan","tag-ugm","tag-veracruz"],"jetpack_publicize_connections":[],"jetpack_featured_media_url":"https:\/\/i0.wp.com\/politicosaldesnudo.com.mx\/wp-content\/uploads\/2022\/12\/P-ESTRELLAS-TUXPAN.png?fit=1816%2C1016&ssl=1","jetpack-related-posts":[],"jetpack_sharing_enabled":true,"_links":{"self":[{"href":"https:\/\/politicosaldesnudo.com.mx\/index.php\/wp-json\/wp\/v2\/posts\/13358","targetHints":{"allow":["GET"]}}],"collection":[{"href":"https:\/\/politicosaldesnudo.com.mx\/index.php\/wp-json\/wp\/v2\/posts"}],"about":[{"href":"https:\/\/politicosaldesnudo.com.mx\/index.php\/wp-json\/wp\/v2\/types\/post"}],"author":[{"embeddable":true,"href":"https:\/\/politicosaldesnudo.com.mx\/index.php\/wp-json\/wp\/v2\/users\/4"}],"replies":[{"embeddable":true,"href":"https:\/\/politicosaldesnudo.com.mx\/index.php\/wp-json\/wp\/v2\/comments?post=13358"}],"version-history":[{"count":0,"href":"https:\/\/politicosaldesnudo.com.mx\/index.php\/wp-json\/wp\/v2\/posts\/13358\/revisions"}],"wp:featuredmedia":[{"embeddable":true,"href":"https:\/\/politicosaldesnudo.com.mx\/index.php\/wp-json\/wp\/v2\/media\/13359"}],"wp:attachment":[{"href":"https:\/\/politicosaldesnudo.com.mx\/index.php\/wp-json\/wp\/v2\/media?parent=13358"}],"wp:term":[{"taxonomy":"category","embeddable":true,"href":"https:\/\/politicosaldesnudo.com.mx\/index.php\/wp-json\/wp\/v2\/categories?post=13358"},{"taxonomy":"post_tag","embeddable":true,"href":"https:\/\/politicosaldesnudo.com.mx\/index.php\/wp-json\/wp\/v2\/tags?post=13358"}],"curies":[{"name":"wp","href":"https:\/\/api.w.org\/{rel}","templated":true}]}}