{"id":13373,"date":"2022-12-02T07:53:12","date_gmt":"2022-12-02T13:53:12","guid":{"rendered":"https:\/\/politicosaldesnudo.com.mx\/?p=13373"},"modified":"2022-12-03T07:54:35","modified_gmt":"2022-12-03T13:54:35","slug":"de-corcholatas-y-destapes-en-veracruz","status":"publish","type":"post","link":"https:\/\/politicosaldesnudo.com.mx\/index.php\/2022\/12\/02\/de-corcholatas-y-destapes-en-veracruz\/","title":{"rendered":"De corcholatas y destapes en Veracruz"},"content":{"rendered":"<p>&nbsp;<\/p>\n<p>&nbsp;<\/p>\n<p class=\"p1\"><span style=\"font-size: 18pt;\"><strong>&lt;&lt; AMLO: yo no voy a nombrar, no voy a designar, no va a haber \u2018dedazo\u2019 &gt;&gt;<\/strong><\/span><\/p>\n<p class=\"p1\"><span style=\"font-size: 18pt;\"><strong>&lt;&lt; En el caso de Veracruz pues es lo mismo, es el m\u00e9todo &gt;&gt;<\/strong><\/span><\/p>\n<p class=\"p1\"><span style=\"font-size: 18pt;\"><strong>&lt;&lt; Se tiene que hacer una encuesta y ser\u00e1n los veracruzanos los que decidan &gt;&gt;<\/strong><\/span><\/p>\n<p>&nbsp;<\/p>\n<p class=\"p1\"><span style=\"font-size: 18pt;\"><strong>Por Miguel \u00c1ngel Cristiani Gonz\u00e1lez<\/strong><\/span><\/p>\n<p class=\"p1\"><span style=\"font-size: 14pt;\">Pues con la novedad, de que siempre s\u00ed, vino a Veracruz este viernes el presidente de la rep\u00fablica Andr\u00e9s Manuel L\u00f3pez, tempranito ofreci\u00f3 la conferencia de prensa ma\u00f1anera, luego encabeza 48 Sesi\u00f3n Ordinaria del Consejo Nacional de Seguridad P\u00fablica y 5.a Sesi\u00f3n Ordinaria del Consejo Nacional de Protecci\u00f3n Civil, desde Alvarado, &#8211; donde estar\u00e1n tambi\u00e9n los gobernadores- para finalmente regresar al puerto a la inauguraci\u00f3n de la restauraci\u00f3n del Fuerte de San Juan de Ul\u00faa.<\/span><\/p>\n<p class=\"p1\"><span style=\"font-size: 14pt;\">Lo m\u00e1s interesante en la Bit\u00e1cora Pol\u00edtica fue la pregunta que le hizo el reportero Pablo Yair: \u201cen alg\u00fan momento usted, se\u00f1or presidente, mencion\u00f3 a la secretaria de Energ\u00eda, Roc\u00edo Nahle, como una, bueno, le llaman corcholatas, \u00bfno?, popularmente, a la Presidencia de la Rep\u00fablica, pero aqu\u00ed en Veracruz pues se perfila como pr\u00e1cticamente ya la candidata, incluso hay hasta casi gobernadora de Veracruz para el 2024.\u201d<\/span><\/p>\n<p class=\"p1\"><span style=\"font-size: 14pt;\">Luego de hacer todo un recuento hist\u00f3rico de los \u201cdestapes\u201d presidenciales, L\u00f3pez Obrador respondi\u00f3: no es de corcholata, nada, es: no hay \u2018destapes\u2019, es todo el que quiera, tiene derecho de acuerdo a la Constituci\u00f3n.<\/span><\/p>\n<p class=\"p1\"><span style=\"font-size: 14pt;\">Porque una de las cosas que cre\u00f3 el porfiriato pues fue el modelo simulador, porque ese era el mago de la simulaci\u00f3n; entonces la Constituci\u00f3n dec\u00eda una cosa y se hac\u00eda otra.<\/span><\/p>\n<p class=\"p1\"><span style=\"font-size: 14pt;\">Cuando nosotros llegamos al gobierno y nos toca atender esto, \u00bfqu\u00e9 es lo que yo planteo?, pues todos los que deseen participar lo pueden hacer, tienen derecho, porque\u00a0yo no voy a nombrar, no voy a designar, no va a haber \u2018dedazo\u2019.<\/span><\/p>\n<p class=\"p1\"><span style=\"font-size: 14pt;\">\u00bfCu\u00e1l va a ser el m\u00e9todo para elegir al candidato de nuestro movimiento?<\/span><\/p>\n<p class=\"p1\"><span style=\"font-size: 14pt;\">Est\u00e1 en el estatuto, est\u00e1 acordado: va a ser una encuesta.<\/span><\/p>\n<p class=\"p1\"><span style=\"font-size: 14pt;\">Entonces, por eso tambi\u00e9n, sin abandonar sus funciones, los que sienten que tienen posibilidades pues ya empezaron a sonre\u00edr m\u00e1s, porque va a llegar la encuesta y entonces el que gane la encuesta pues ese va a ser.<\/span><\/p>\n<p class=\"p1\"><span style=\"font-size: 14pt;\">Yo no me voy a meter, pero s\u00ed voy a apoyar al que gane la encuesta, es decir, al que el pueblo elija con este m\u00e9todo, a ese voy a apoyar, mujer u hombre. Y estoy seguro que todos los que participen o los que est\u00e1n participando est\u00e1n conformes con ese m\u00e9todo, porque no hay favoritismo.<\/span><\/p>\n<p class=\"p1\"><span style=\"font-size: 14pt;\">Los que est\u00e1n para ser candidatos de nuestro movimiento son de primera. Me siento yo muy contento, muy satisfecho. No son iguales, porque pues cada quien tiene su personalidad, su criterio, su formaci\u00f3n, pero son gentes con mucha experiencia. Ser\u00eda lamentable que despu\u00e9s de iniciar un proceso de transformaci\u00f3n no tuvi\u00e9semos relevo, pero a nosotros ahora s\u00ed que nos sobra capacidad.<\/span><\/p>\n<p class=\"p1\"><span style=\"font-size: 14pt;\">En el caso de Veracruz pues es lo mismo, es el m\u00e9todo, se tiene que hacer una encuesta\u00a0y\u00a0van a ser los veracruzanos los que van a decidir.<\/span><\/p>\n<p class=\"p1\"><span style=\"font-size: 14pt;\">Pero as\u00ed va a ser b\u00e1sicamente. Y los otros partidos tienen sus m\u00e9todos y tienen tambi\u00e9n muchos prospectos, mujeres y hombres, y va a ser interesante, no nos vamos a aburrir.<\/span><\/p>\n<p class=\"p1\"><span style=\"font-size: 14pt;\">Muy bien, ya nos vamos, ya vamos al Lechero, vamos al Lechero. Y nos vamos a estar viendo.<\/span><\/p>\n<p class=\"p1\"><span style=\"font-size: 14pt;\">\u00bfVan a estar compa\u00f1eros de medios en la reuni\u00f3n de gobernadores? S\u00ed, ah\u00ed nos vemos.<\/span><\/p>\n<p class=\"p1\"><span style=\"font-size: 14pt;\"><b>Pregunta:<\/b> \u00bfAd\u00e1n no estar\u00e1?<\/span><\/p>\n<p class=\"p1\"><span style=\"font-size: 14pt;\"><b>Presidente Andr\u00e9s Manuel L\u00f3pez Obrador:<\/b> No, no est\u00e1 Ad\u00e1n. Es que anda malo de la tos. Hay mucha enfermedad respiratoria, hay que cuidarse: influenza, lo que queda ah\u00ed de Covid y otros, s\u00ed, bastantes, s\u00ed. Hay que cuidarse. De por s\u00ed la temporada esta es muy dif\u00edcil y se adelant\u00f3 el invierno, hay que cuidarse bastante.<\/span><\/p>\n<p class=\"p1\"><span style=\"font-size: 14pt;\">Ojal\u00e1 y est\u00e9 ya Ad\u00e1n.<\/span><\/p>\n<p class=\"p1\"><span style=\"font-size: 14pt;\"><b>Rosa Icela Rodr\u00edguez Vel\u00e1zquez: <\/b>No va a poder estar.<\/span><\/p>\n<p class=\"p1\"><span style=\"font-size: 14pt;\"><b>Presidente Andr\u00e9s Manuel L\u00f3pez Obrador: <\/b>No va a poder.<\/span><\/p>\n<p class=\"p1\"><span style=\"font-size: 14pt;\">Muy bien, pero s\u00ed van\u2026<\/span><\/p>\n<p class=\"p1\"><span style=\"font-size: 14pt;\">\u00bfMarcelo s\u00ed va a estar?<\/span><\/p>\n<p class=\"p1\"><span style=\"font-size: 14pt;\"><b>Presidente Andr\u00e9s Manuel L\u00f3pez Obrador: <\/b>Nada m\u00e1s Claudia.<\/span><\/p>\n<p class=\"p1\"><span style=\"font-size: 14pt;\">Son mis dos hermanos, Marcelo y Ad\u00e1n, y mi hermana Claudia.<\/span><\/p>\n<p class=\"p1\"><span style=\"font-size: 14pt;\">Dice Pancho L\u00f3pez el fil\u00f3sofo ateniense xalape\u00f1o: \u201cel que lo entendi\u00f3, lo entendi\u00f3 y el que no, no\u201d.<\/span><\/p>\n<p>&nbsp;<\/p>\n<p>&nbsp;<\/p>\n<p>&nbsp;<\/p>\n<p>&nbsp;<\/p>\n<p>&nbsp;<\/p>\n<p class=\"p2\"><span style=\"font-size: 18pt;\"><strong>Cont\u00e1ctanos en nuestras redes sociales:<\/strong><\/span><\/p>\n<p class=\"p2\"><span style=\"font-size: 18pt;\"><strong><a href=\"https:\/\/www.canva.com\/design\/DAEN5B9DWgs\/ZCHd2Z8KueYjlg_d59Op3A\/view\">https:\/\/www.canva.com\/design\/DAEN5B9DWgs\/ZCHd2Z8KueYjlg_d59Op3A\/view<\/a><\/strong><\/span><\/p>\n<p>&nbsp;<\/p>\n<p><span style=\"font-size: 18pt; color: #139eca;\"><em><strong>**Las columnas firmadas en este medio son responsabilidad de quienes las firman**<\/strong><\/em><\/span><\/p>\n<p>&nbsp;<\/p>\n<p>&nbsp;<\/p>\n<p>&nbsp;<\/p>\n<p>&nbsp;<\/p>\n","protected":false},"excerpt":{"rendered":"<p>&nbsp; &nbsp; &lt;&lt; AMLO: yo no voy a nombrar, no voy a designar, no va a haber \u2018dedazo\u2019 &gt;&gt; &lt;&lt;<\/p>\n","protected":false},"author":4,"featured_media":3789,"comment_status":"closed","ping_status":"closed","sticky":false,"template":"","format":"standard","meta":{"colormag_page_container_layout":"default_layout","colormag_page_sidebar_layout":"default_layout","_jetpack_memberships_contains_paid_content":false,"footnotes":"","jetpack_publicize_message":"","jetpack_publicize_feature_enabled":true,"jetpack_social_post_already_shared":false,"jetpack_social_options":{"image_generator_settings":{"template":"highway","default_image_id":0,"font":"","enabled":false},"version":2}},"categories":[26],"tags":[],"class_list":["post-13373","post","type-post","status-publish","format-standard","has-post-thumbnail","hentry","category-columnistas"],"jetpack_publicize_connections":[],"jetpack_featured_media_url":"https:\/\/i0.wp.com\/politicosaldesnudo.com.mx\/wp-content\/uploads\/2022\/04\/CRISTIANI.png?fit=1816%2C1016&ssl=1","jetpack-related-posts":[],"jetpack_sharing_enabled":true,"_links":{"self":[{"href":"https:\/\/politicosaldesnudo.com.mx\/index.php\/wp-json\/wp\/v2\/posts\/13373","targetHints":{"allow":["GET"]}}],"collection":[{"href":"https:\/\/politicosaldesnudo.com.mx\/index.php\/wp-json\/wp\/v2\/posts"}],"about":[{"href":"https:\/\/politicosaldesnudo.com.mx\/index.php\/wp-json\/wp\/v2\/types\/post"}],"author":[{"embeddable":true,"href":"https:\/\/politicosaldesnudo.com.mx\/index.php\/wp-json\/wp\/v2\/users\/4"}],"replies":[{"embeddable":true,"href":"https:\/\/politicosaldesnudo.com.mx\/index.php\/wp-json\/wp\/v2\/comments?post=13373"}],"version-history":[{"count":0,"href":"https:\/\/politicosaldesnudo.com.mx\/index.php\/wp-json\/wp\/v2\/posts\/13373\/revisions"}],"wp:featuredmedia":[{"embeddable":true,"href":"https:\/\/politicosaldesnudo.com.mx\/index.php\/wp-json\/wp\/v2\/media\/3789"}],"wp:attachment":[{"href":"https:\/\/politicosaldesnudo.com.mx\/index.php\/wp-json\/wp\/v2\/media?parent=13373"}],"wp:term":[{"taxonomy":"category","embeddable":true,"href":"https:\/\/politicosaldesnudo.com.mx\/index.php\/wp-json\/wp\/v2\/categories?post=13373"},{"taxonomy":"post_tag","embeddable":true,"href":"https:\/\/politicosaldesnudo.com.mx\/index.php\/wp-json\/wp\/v2\/tags?post=13373"}],"curies":[{"name":"wp","href":"https:\/\/api.w.org\/{rel}","templated":true}]}}