{"id":13384,"date":"2022-12-05T00:10:26","date_gmt":"2022-12-05T06:10:26","guid":{"rendered":"https:\/\/politicosaldesnudo.com.mx\/?p=13384"},"modified":"2022-12-04T23:55:30","modified_gmt":"2022-12-05T05:55:30","slug":"ignorancia-juridica-el-pase-turistico-en-puebla","status":"publish","type":"post","link":"https:\/\/politicosaldesnudo.com.mx\/index.php\/2022\/12\/05\/ignorancia-juridica-el-pase-turistico-en-puebla\/","title":{"rendered":"Ignorancia jur\u00eddica\u2026 El pase tur\u00edstico en Puebla"},"content":{"rendered":"<p>&nbsp;<\/p>\n<p class=\"p1\"><span style=\"font-size: 18pt;\"><b>Por Ricardo Homs<\/b><\/span><\/p>\n<p class=\"p1\"><span style=\"font-size: 14pt;\">O ignorancia jur\u00eddica o desprecio por la ley, es lo que refleja la nueva disposici\u00f3n impuesta por el gobierno del Estado de Puebla -morenista- quien de forma inconstitucional impide el libre tr\u00e1nsito de autom\u00f3viles con placas for\u00e1neas por la capital del estado, con lo cual viola el Art\u00edculo 11 de nuestra Constituci\u00f3n, que consagra el derecho de viajar por todo nuestro territorio y el Art\u00edculo 117 que proh\u00edbe a las entidades federativas gravar el tr\u00e1nsito de personas o cosas que atraviesen una zona, seg\u00fan ha denunciado Carlos Semp\u00e9 Minvielle, ministro de la SCJN en retiro, a trav\u00e9s de su cuenta de Twitter.<\/span><\/p>\n<p class=\"p1\"><span style=\"font-size: 14pt;\">Ese af\u00e1n de control absoluto que persiguen los gobernantes morenistas ha impuesto reglas como la actual, para regular el tr\u00e1nsito por la zona metropolitana de la capital del estado con placas de otras entidades federativas, exigiendo la tramitaci\u00f3n, -previa a la llegada-, de un pase tur\u00edstico, gratuito, pero restrictivo, pues exige registrarse en la p\u00e1gina oficial de la Sedema en Internet, paseturistico.puebla.gob.mx y este tr\u00e1mite solo puede realizarse una vez por semestre para 14 d\u00edas o fraccionado varias veces.<\/span><\/p>\n<p class=\"p1\"><span style=\"font-size: 14pt;\">La multa a un auto for\u00e1neo por no haber tramitado el pase es de casi dos mil pesos.<\/span><\/p>\n<p class=\"p1\"><span style=\"font-size: 14pt;\">El argumento es proteger la calidad del aire, es el mismo que sustenta la restricci\u00f3n que desde hace varios a\u00f1os fue instrumentada en la Ciudad de M\u00e9xico, aunque en la capital del pa\u00eds existe la posibilidad de ingresar sin pase tur\u00edstico en el horario comprendido entre las once de la ma\u00f1ana y las cinco de la ma\u00f1ana del d\u00eda siguiente.<\/span><\/p>\n<p class=\"p1\"><span style=\"font-size: 14pt;\">Sin embargo, en la p\u00e1gina del Estado de Puebla no se ofrecen opciones para ingresar sin este pase.<\/span><\/p>\n<p class=\"p1\"><span style=\"font-size: 14pt;\">\u00bfQu\u00e9 suceder\u00e1 cuando este sistema se imponga en los otros estados gobernados por Morena? Seguramente se volver\u00e1n insostenibles los intercambios comerciales que sustentan la productividad de la econom\u00eda interna de nuestro pa\u00eds. \u00bfC\u00f3mo podr\u00e1 viajar con frecuencia a la zona metropolitana de Puebla un representante de ventas para atender a sus clientes? \u00bfO qui\u00e9nes hacen viajes continuos para repartir mercanc\u00edas?<\/span><\/p>\n<p class=\"p1\"><span style=\"font-size: 14pt;\">El vicio de la sobrerregulaci\u00f3n jur\u00eddica es el origen de la corrupci\u00f3n en nuestro pa\u00eds.<span class=\"Apple-converted-space\">\u00a0<\/span><\/span><\/p>\n<p class=\"p1\"><span style=\"font-size: 14pt;\">El exceso de reglas con penalizaci\u00f3n da a los funcionarios p\u00fablicos la oportunidad de extorsionar con total impunidad. Como sucede con todas las nuevas reglamentaciones, la gente no informada -que ser\u00e1 la mayor\u00eda- ser\u00e1 v\u00edctima de los agentes de Tr\u00e1nsito y autoridades ambientalistas.<\/span><\/p>\n<p class=\"p1\"><span style=\"font-size: 14pt;\">La corrupci\u00f3n es el resultado de la ausencia de moral y \u00e9tica en las acciones de gobierno, lo cual es caracter\u00edstico en la idiosincrasia del funcionario p\u00fablico mexicano. No le preocupa impedir que se viole la ley -convirti\u00e9ndose en un promotor de las buenas pr\u00e1cticas c\u00edvicas- sino que estimula que se viole la ley -incluso muchas veces por ignorancia del infractor- para entonces generar una multa y con ello la posibilidad de negociar la no aplicaci\u00f3n en su propio beneficio, lo cual se convierte en extorsi\u00f3n.<\/span><\/p>\n<p class=\"p1\"><span style=\"font-size: 14pt;\">Como ejemplo tenemos el riesgo latente que significa en este pa\u00eds circular con placas de otro estado, pues la indefensi\u00f3n del visitante lo convierte en posible v\u00edctima de la autoridad local.<\/span><\/p>\n<p class=\"p1\"><span style=\"font-size: 14pt;\">En acciones como las del gobierno de Puebla queda claro una ausencia de visi\u00f3n integral y el deseo de resolver grandes problemas con acciones de corto plazo. No ven el impacto en todos los \u00e1mbitos de la actividad cotidiana de la ciudadan\u00eda.<\/span><\/p>\n<p class=\"p1\"><span style=\"font-size: 14pt;\">El pase tur\u00edstico lo primero que har\u00e1 es frenar las visitas tur\u00edsticas. El \u00e9xito se logra simplificando y no complicando.<\/span><\/p>\n<p class=\"p1\"><span style=\"font-size: 14pt;\">Un gobierno de pol\u00edticos que llegan a gobernar sin experiencia generalmente los convierte en malos funcionarios p\u00fablicos, pues la administraci\u00f3n p\u00fablica requiere conocimientos y experiencia y esto se logra a lo largo de muchos a\u00f1os de ejercicio laboral.<\/span><\/p>\n<p class=\"p1\"><span style=\"font-size: 14pt;\">Con buenas ideas pero sin experiencia, no se logra un gobierno eficiente.<\/span><\/p>\n<p>&nbsp;<\/p>\n<p>&nbsp;<\/p>\n<p class=\"p1\"><span style=\"font-size: 18pt;\"><strong>\u00bfA usted qu\u00e9 le parece?<\/strong><\/span><\/p>\n<p>&nbsp;<\/p>\n<p class=\"p1\"><span style=\"font-size: 18pt;\"><strong>Facebook:<a href=\"https:\/\/www.facebook.com\/Ricardo.Homs1\">@Ricardo.Homs1<\/a><\/strong><\/span><\/p>\n<p class=\"p1\"><span style=\"font-size: 18pt;\"><strong>Twitter:\u00a0<\/strong><a href=\"https:\/\/twitter.com\/homsricardo\"><strong>@homsricardo<\/strong><\/a><\/span><\/p>\n<p class=\"p1\"><span style=\"font-size: 18pt;\"><strong>Linkedin:\u00a0<a href=\"https:\/\/www.linkedin.com\/in\/ricardo-homs-3920449\/?originalSubdomain=mx\">RicardoHoms<\/a><\/strong><\/span><\/p>\n<p class=\"p1\"><span style=\"font-size: 18pt;\"><a href=\"https:\/\/ricardohoms.com\/\"><strong>www.ricardohoms.com<\/strong><\/a><\/span><\/p>\n<p>&nbsp;<\/p>\n<p><span style=\"font-size: 18pt; color: #319eca;\"><em><strong>**Las columnas firmadas en este medio son responsabilidad de quienes las firman**<\/strong><\/em><\/span><\/p>\n<p>&nbsp;<\/p>\n<p>&nbsp;<\/p>\n<p>&nbsp;<\/p>\n<p>&nbsp;<\/p>\n<p>&nbsp;<\/p>\n","protected":false},"excerpt":{"rendered":"<p>&nbsp; Por Ricardo Homs O ignorancia jur\u00eddica o desprecio por la ley, es lo que refleja la nueva disposici\u00f3n impuesta [&hellip;]<\/p>\n","protected":false},"author":4,"featured_media":3778,"comment_status":"closed","ping_status":"closed","sticky":false,"template":"","format":"standard","meta":{"site-sidebar-layout":"default","site-content-layout":"","ast-site-content-layout":"default","site-content-style":"default","site-sidebar-style":"default","ast-global-header-display":"","ast-banner-title-visibility":"","ast-main-header-display":"","ast-hfb-above-header-display":"","ast-hfb-below-header-display":"","ast-hfb-mobile-header-display":"","site-post-title":"","ast-breadcrumbs-content":"","ast-featured-img":"","footer-sml-layout":"","ast-disable-related-posts":"","theme-transparent-header-meta":"","adv-header-id-meta":"","stick-header-meta":"","header-above-stick-meta":"","header-main-stick-meta":"","header-below-stick-meta":"","astra-migrate-meta-layouts":"default","ast-page-background-enabled":"default","ast-page-background-meta":{"desktop":{"background-color":"var(--ast-global-color-5)","background-image":"","background-repeat":"repeat","background-position":"center center","background-size":"auto","background-attachment":"scroll","background-type":"","background-media":"","overlay-type":"","overlay-color":"","overlay-opacity":"","overlay-gradient":""},"tablet":{"background-color":"","background-image":"","background-repeat":"repeat","background-position":"center center","background-size":"auto","background-attachment":"scroll","background-type":"","background-media":"","overlay-type":"","overlay-color":"","overlay-opacity":"","overlay-gradient":""},"mobile":{"background-color":"","background-image":"","background-repeat":"repeat","background-position":"center center","background-size":"auto","background-attachment":"scroll","background-type":"","background-media":"","overlay-type":"","overlay-color":"","overlay-opacity":"","overlay-gradient":""}},"ast-content-background-meta":{"desktop":{"background-color":"var(--ast-global-color-4)","background-image":"","background-repeat":"repeat","background-position":"center center","background-size":"auto","background-attachment":"scroll","background-type":"","background-media":"","overlay-type":"","overlay-color":"","overlay-opacity":"","overlay-gradient":""},"tablet":{"background-color":"var(--ast-global-color-4)","background-image":"","background-repeat":"repeat","background-position":"center center","background-size":"auto","background-attachment":"scroll","background-type":"","background-media":"","overlay-type":"","overlay-color":"","overlay-opacity":"","overlay-gradient":""},"mobile":{"background-color":"var(--ast-global-color-4)","background-image":"","background-repeat":"repeat","background-position":"center center","background-size":"auto","background-attachment":"scroll","background-type":"","background-media":"","overlay-type":"","overlay-color":"","overlay-opacity":"","overlay-gradient":""}},"_jetpack_newsletter_access":"","_jetpack_dont_email_post_to_subs":false,"_jetpack_newsletter_tier_id":0,"_jetpack_memberships_contains_paywalled_content":false,"_jetpack_feature_clip_id":0,"_jetpack_memberships_contains_paid_content":false,"footnotes":"","jetpack_publicize_message":"","jetpack_publicize_feature_enabled":true,"jetpack_social_post_already_shared":false,"jetpack_social_options":{"image_generator_settings":{"template":"highway","default_image_id":0,"font":"","enabled":false},"version":2},"jetpack_post_was_ever_published":false},"categories":[26],"tags":[],"class_list":["post-13384","post","type-post","status-publish","format-standard","has-post-thumbnail","hentry","category-columnistas"],"yoast_head":"<!-- This site is optimized with the Yoast SEO plugin v28.3 - https:\/\/yoast.com\/product\/yoast-seo-wordpress\/ -->\n<title>Ignorancia jur\u00eddica\u2026 El pase tur\u00edstico en Puebla - Pol\u00edticos al Desnudo<\/title>\n<meta name=\"robots\" content=\"index, follow, max-snippet:-1, max-image-preview:large, max-video-preview:-1\" \/>\n<link rel=\"canonical\" href=\"https:\/\/politicosaldesnudo.com.mx\/index.php\/2022\/12\/05\/ignorancia-juridica-el-pase-turistico-en-puebla\/\" \/>\n<meta property=\"og:locale\" content=\"es_ES\" \/>\n<meta property=\"og:type\" content=\"article\" \/>\n<meta property=\"og:title\" content=\"Ignorancia jur\u00eddica\u2026 El pase tur\u00edstico en Puebla - Pol\u00edticos al Desnudo\" \/>\n<meta property=\"og:description\" content=\"&nbsp; Por Ricardo Homs O ignorancia jur\u00eddica o desprecio por la ley, es lo que refleja la nueva disposici\u00f3n impuesta [&hellip;]\" \/>\n<meta property=\"og:url\" content=\"https:\/\/politicosaldesnudo.com.mx\/index.php\/2022\/12\/05\/ignorancia-juridica-el-pase-turistico-en-puebla\/\" \/>\n<meta property=\"og:site_name\" content=\"Pol\u00edticos al Desnudo\" \/>\n<meta property=\"article:publisher\" content=\"https:\/\/www.facebook.com\/PoliticosAD\" \/>\n<meta property=\"article:published_time\" content=\"2022-12-05T06:10:26+00:00\" \/>\n<meta property=\"og:image\" content=\"https:\/\/i0.wp.com\/politicosaldesnudo.com.mx\/wp-content\/uploads\/2022\/04\/RICARDO-HOMS.png?fit=1816%2C1016&ssl=1\" \/>\n\t<meta property=\"og:image:width\" content=\"1816\" \/>\n\t<meta property=\"og:image:height\" content=\"1016\" \/>\n\t<meta property=\"og:image:type\" content=\"image\/png\" \/>\n<meta name=\"author\" content=\"Redacci\u00f3n Pol\u00edticos\" \/>\n<meta name=\"twitter:card\" content=\"summary_large_image\" \/>\n<meta name=\"twitter:label1\" content=\"Escrito por\" \/>\n\t<meta name=\"twitter:data1\" content=\"Redacci\u00f3n Pol\u00edticos\" \/>\n\t<meta name=\"twitter:label2\" content=\"Tiempo de lectura\" \/>\n\t<meta name=\"twitter:data2\" content=\"4 minutos\" \/>\n<script type=\"application\/ld+json\" class=\"yoast-schema-graph\">{\"@context\":\"https:\\\/\\\/schema.org\",\"@graph\":[{\"@type\":\"Article\",\"@id\":\"https:\\\/\\\/politicosaldesnudo.com.mx\\\/index.php\\\/2022\\\/12\\\/05\\\/ignorancia-juridica-el-pase-turistico-en-puebla\\\/#article\",\"isPartOf\":{\"@id\":\"https:\\\/\\\/politicosaldesnudo.com.mx\\\/index.php\\\/2022\\\/12\\\/05\\\/ignorancia-juridica-el-pase-turistico-en-puebla\\\/\"},\"author\":{\"name\":\"Redacci\u00f3n Pol\u00edticos\",\"@id\":\"https:\\\/\\\/politicosaldesnudo.com.mx\\\/#\\\/schema\\\/person\\\/ef3a64e561cc3f3f5dc52fab81adde7e\"},\"headline\":\"Ignorancia jur\u00eddica\u2026 El pase tur\u00edstico en Puebla\",\"datePublished\":\"2022-12-05T06:10:26+00:00\",\"mainEntityOfPage\":{\"@id\":\"https:\\\/\\\/politicosaldesnudo.com.mx\\\/index.php\\\/2022\\\/12\\\/05\\\/ignorancia-juridica-el-pase-turistico-en-puebla\\\/\"},\"wordCount\":737,\"publisher\":{\"@id\":\"https:\\\/\\\/politicosaldesnudo.com.mx\\\/#organization\"},\"image\":{\"@id\":\"https:\\\/\\\/politicosaldesnudo.com.mx\\\/index.php\\\/2022\\\/12\\\/05\\\/ignorancia-juridica-el-pase-turistico-en-puebla\\\/#primaryimage\"},\"thumbnailUrl\":\"https:\\\/\\\/i0.wp.com\\\/politicosaldesnudo.com.mx\\\/wp-content\\\/uploads\\\/2022\\\/04\\\/RICARDO-HOMS.png?fit=1816%2C1016&ssl=1\",\"articleSection\":[\"OPINI\u00d3N\"],\"inLanguage\":\"es\"},{\"@type\":\"WebPage\",\"@id\":\"https:\\\/\\\/politicosaldesnudo.com.mx\\\/index.php\\\/2022\\\/12\\\/05\\\/ignorancia-juridica-el-pase-turistico-en-puebla\\\/\",\"url\":\"https:\\\/\\\/politicosaldesnudo.com.mx\\\/index.php\\\/2022\\\/12\\\/05\\\/ignorancia-juridica-el-pase-turistico-en-puebla\\\/\",\"name\":\"Ignorancia jur\u00eddica\u2026 El pase tur\u00edstico en Puebla - Pol\u00edticos al Desnudo\",\"isPartOf\":{\"@id\":\"https:\\\/\\\/politicosaldesnudo.com.mx\\\/#website\"},\"primaryImageOfPage\":{\"@id\":\"https:\\\/\\\/politicosaldesnudo.com.mx\\\/index.php\\\/2022\\\/12\\\/05\\\/ignorancia-juridica-el-pase-turistico-en-puebla\\\/#primaryimage\"},\"image\":{\"@id\":\"https:\\\/\\\/politicosaldesnudo.com.mx\\\/index.php\\\/2022\\\/12\\\/05\\\/ignorancia-juridica-el-pase-turistico-en-puebla\\\/#primaryimage\"},\"thumbnailUrl\":\"https:\\\/\\\/i0.wp.com\\\/politicosaldesnudo.com.mx\\\/wp-content\\\/uploads\\\/2022\\\/04\\\/RICARDO-HOMS.png?fit=1816%2C1016&ssl=1\",\"datePublished\":\"2022-12-05T06:10:26+00:00\",\"breadcrumb\":{\"@id\":\"https:\\\/\\\/politicosaldesnudo.com.mx\\\/index.php\\\/2022\\\/12\\\/05\\\/ignorancia-juridica-el-pase-turistico-en-puebla\\\/#breadcrumb\"},\"inLanguage\":\"es\",\"potentialAction\":[{\"@type\":\"ReadAction\",\"target\":[\"https:\\\/\\\/politicosaldesnudo.com.mx\\\/index.php\\\/2022\\\/12\\\/05\\\/ignorancia-juridica-el-pase-turistico-en-puebla\\\/\"]}]},{\"@type\":\"ImageObject\",\"inLanguage\":\"es\",\"@id\":\"https:\\\/\\\/politicosaldesnudo.com.mx\\\/index.php\\\/2022\\\/12\\\/05\\\/ignorancia-juridica-el-pase-turistico-en-puebla\\\/#primaryimage\",\"url\":\"https:\\\/\\\/i0.wp.com\\\/politicosaldesnudo.com.mx\\\/wp-content\\\/uploads\\\/2022\\\/04\\\/RICARDO-HOMS.png?fit=1816%2C1016&ssl=1\",\"contentUrl\":\"https:\\\/\\\/i0.wp.com\\\/politicosaldesnudo.com.mx\\\/wp-content\\\/uploads\\\/2022\\\/04\\\/RICARDO-HOMS.png?fit=1816%2C1016&ssl=1\",\"width\":1816,\"height\":1016},{\"@type\":\"BreadcrumbList\",\"@id\":\"https:\\\/\\\/politicosaldesnudo.com.mx\\\/index.php\\\/2022\\\/12\\\/05\\\/ignorancia-juridica-el-pase-turistico-en-puebla\\\/#breadcrumb\",\"itemListElement\":[{\"@type\":\"ListItem\",\"position\":1,\"name\":\"Portada\",\"item\":\"https:\\\/\\\/politicosaldesnudo.com.mx\\\/\"},{\"@type\":\"ListItem\",\"position\":2,\"name\":\"Ignorancia jur\u00eddica\u2026 El pase tur\u00edstico en Puebla\"}]},{\"@type\":\"WebSite\",\"@id\":\"https:\\\/\\\/politicosaldesnudo.com.mx\\\/#website\",\"url\":\"https:\\\/\\\/politicosaldesnudo.com.mx\\\/\",\"name\":\"Pol\u00edticos al Desnudo\",\"description\":\"\",\"publisher\":{\"@id\":\"https:\\\/\\\/politicosaldesnudo.com.mx\\\/#organization\"},\"potentialAction\":[{\"@type\":\"SearchAction\",\"target\":{\"@type\":\"EntryPoint\",\"urlTemplate\":\"https:\\\/\\\/politicosaldesnudo.com.mx\\\/?s={search_term_string}\"},\"query-input\":{\"@type\":\"PropertyValueSpecification\",\"valueRequired\":true,\"valueName\":\"search_term_string\"}}],\"inLanguage\":\"es\"},{\"@type\":\"Organization\",\"@id\":\"https:\\\/\\\/politicosaldesnudo.com.mx\\\/#organization\",\"name\":\"Pol\u00edticos al Desnudo\",\"url\":\"https:\\\/\\\/politicosaldesnudo.com.mx\\\/\",\"logo\":{\"@type\":\"ImageObject\",\"inLanguage\":\"es\",\"@id\":\"https:\\\/\\\/politicosaldesnudo.com.mx\\\/#\\\/schema\\\/logo\\\/image\\\/\",\"url\":\"https:\\\/\\\/i0.wp.com\\\/politicosaldesnudo.com.mx\\\/wp-content\\\/uploads\\\/2026\\\/08\\\/cropped-logo.webp?fit=400%2C126&ssl=1\",\"contentUrl\":\"https:\\\/\\\/i0.wp.com\\\/politicosaldesnudo.com.mx\\\/wp-content\\\/uploads\\\/2026\\\/08\\\/cropped-logo.webp?fit=400%2C126&ssl=1\",\"width\":400,\"height\":126,\"caption\":\"Pol\u00edticos al Desnudo\"},\"image\":{\"@id\":\"https:\\\/\\\/politicosaldesnudo.com.mx\\\/#\\\/schema\\\/logo\\\/image\\\/\"},\"sameAs\":[\"https:\\\/\\\/www.facebook.com\\\/PoliticosAD\"]},{\"@type\":\"Person\",\"@id\":\"https:\\\/\\\/politicosaldesnudo.com.mx\\\/#\\\/schema\\\/person\\\/ef3a64e561cc3f3f5dc52fab81adde7e\",\"name\":\"Redacci\u00f3n Pol\u00edticos\",\"url\":\"https:\\\/\\\/politicosaldesnudo.com.mx\\\/index.php\\\/author\\\/redaccion-politicos\\\/\"}]}<\/script>\n<!-- \/ Yoast SEO plugin. -->","yoast_head_json":{"title":"Ignorancia jur\u00eddica\u2026 El pase tur\u00edstico en Puebla - Pol\u00edticos al Desnudo","robots":{"index":"index","follow":"follow","max-snippet":"max-snippet:-1","max-image-preview":"max-image-preview:large","max-video-preview":"max-video-preview:-1"},"canonical":"https:\/\/politicosaldesnudo.com.mx\/index.php\/2022\/12\/05\/ignorancia-juridica-el-pase-turistico-en-puebla\/","og_locale":"es_ES","og_type":"article","og_title":"Ignorancia jur\u00eddica\u2026 El pase tur\u00edstico en Puebla - Pol\u00edticos al Desnudo","og_description":"&nbsp; Por Ricardo Homs O ignorancia jur\u00eddica o desprecio por la ley, es lo que refleja la nueva disposici\u00f3n impuesta [&hellip;]","og_url":"https:\/\/politicosaldesnudo.com.mx\/index.php\/2022\/12\/05\/ignorancia-juridica-el-pase-turistico-en-puebla\/","og_site_name":"Pol\u00edticos al Desnudo","article_publisher":"https:\/\/www.facebook.com\/PoliticosAD","article_published_time":"2022-12-05T06:10:26+00:00","og_image":[{"width":1816,"height":1016,"url":"https:\/\/i0.wp.com\/politicosaldesnudo.com.mx\/wp-content\/uploads\/2022\/04\/RICARDO-HOMS.png?fit=1816%2C1016&ssl=1","type":"image\/png"}],"author":"Redacci\u00f3n Pol\u00edticos","twitter_card":"summary_large_image","twitter_misc":{"Escrito por":"Redacci\u00f3n Pol\u00edticos","Tiempo de lectura":"4 minutos"},"schema":{"@context":"https:\/\/schema.org","@graph":[{"@type":"Article","@id":"https:\/\/politicosaldesnudo.com.mx\/index.php\/2022\/12\/05\/ignorancia-juridica-el-pase-turistico-en-puebla\/#article","isPartOf":{"@id":"https:\/\/politicosaldesnudo.com.mx\/index.php\/2022\/12\/05\/ignorancia-juridica-el-pase-turistico-en-puebla\/"},"author":{"name":"Redacci\u00f3n Pol\u00edticos","@id":"https:\/\/politicosaldesnudo.com.mx\/#\/schema\/person\/ef3a64e561cc3f3f5dc52fab81adde7e"},"headline":"Ignorancia jur\u00eddica\u2026 El pase tur\u00edstico en Puebla","datePublished":"2022-12-05T06:10:26+00:00","mainEntityOfPage":{"@id":"https:\/\/politicosaldesnudo.com.mx\/index.php\/2022\/12\/05\/ignorancia-juridica-el-pase-turistico-en-puebla\/"},"wordCount":737,"publisher":{"@id":"https:\/\/politicosaldesnudo.com.mx\/#organization"},"image":{"@id":"https:\/\/politicosaldesnudo.com.mx\/index.php\/2022\/12\/05\/ignorancia-juridica-el-pase-turistico-en-puebla\/#primaryimage"},"thumbnailUrl":"https:\/\/i0.wp.com\/politicosaldesnudo.com.mx\/wp-content\/uploads\/2022\/04\/RICARDO-HOMS.png?fit=1816%2C1016&ssl=1","articleSection":["OPINI\u00d3N"],"inLanguage":"es"},{"@type":"WebPage","@id":"https:\/\/politicosaldesnudo.com.mx\/index.php\/2022\/12\/05\/ignorancia-juridica-el-pase-turistico-en-puebla\/","url":"https:\/\/politicosaldesnudo.com.mx\/index.php\/2022\/12\/05\/ignorancia-juridica-el-pase-turistico-en-puebla\/","name":"Ignorancia jur\u00eddica\u2026 El pase tur\u00edstico en Puebla - Pol\u00edticos al Desnudo","isPartOf":{"@id":"https:\/\/politicosaldesnudo.com.mx\/#website"},"primaryImageOfPage":{"@id":"https:\/\/politicosaldesnudo.com.mx\/index.php\/2022\/12\/05\/ignorancia-juridica-el-pase-turistico-en-puebla\/#primaryimage"},"image":{"@id":"https:\/\/politicosaldesnudo.com.mx\/index.php\/2022\/12\/05\/ignorancia-juridica-el-pase-turistico-en-puebla\/#primaryimage"},"thumbnailUrl":"https:\/\/i0.wp.com\/politicosaldesnudo.com.mx\/wp-content\/uploads\/2022\/04\/RICARDO-HOMS.png?fit=1816%2C1016&ssl=1","datePublished":"2022-12-05T06:10:26+00:00","breadcrumb":{"@id":"https:\/\/politicosaldesnudo.com.mx\/index.php\/2022\/12\/05\/ignorancia-juridica-el-pase-turistico-en-puebla\/#breadcrumb"},"inLanguage":"es","potentialAction":[{"@type":"ReadAction","target":["https:\/\/politicosaldesnudo.com.mx\/index.php\/2022\/12\/05\/ignorancia-juridica-el-pase-turistico-en-puebla\/"]}]},{"@type":"ImageObject","inLanguage":"es","@id":"https:\/\/politicosaldesnudo.com.mx\/index.php\/2022\/12\/05\/ignorancia-juridica-el-pase-turistico-en-puebla\/#primaryimage","url":"https:\/\/i0.wp.com\/politicosaldesnudo.com.mx\/wp-content\/uploads\/2022\/04\/RICARDO-HOMS.png?fit=1816%2C1016&ssl=1","contentUrl":"https:\/\/i0.wp.com\/politicosaldesnudo.com.mx\/wp-content\/uploads\/2022\/04\/RICARDO-HOMS.png?fit=1816%2C1016&ssl=1","width":1816,"height":1016},{"@type":"BreadcrumbList","@id":"https:\/\/politicosaldesnudo.com.mx\/index.php\/2022\/12\/05\/ignorancia-juridica-el-pase-turistico-en-puebla\/#breadcrumb","itemListElement":[{"@type":"ListItem","position":1,"name":"Portada","item":"https:\/\/politicosaldesnudo.com.mx\/"},{"@type":"ListItem","position":2,"name":"Ignorancia jur\u00eddica\u2026 El pase tur\u00edstico en Puebla"}]},{"@type":"WebSite","@id":"https:\/\/politicosaldesnudo.com.mx\/#website","url":"https:\/\/politicosaldesnudo.com.mx\/","name":"Pol\u00edticos al Desnudo","description":"","publisher":{"@id":"https:\/\/politicosaldesnudo.com.mx\/#organization"},"potentialAction":[{"@type":"SearchAction","target":{"@type":"EntryPoint","urlTemplate":"https:\/\/politicosaldesnudo.com.mx\/?s={search_term_string}"},"query-input":{"@type":"PropertyValueSpecification","valueRequired":true,"valueName":"search_term_string"}}],"inLanguage":"es"},{"@type":"Organization","@id":"https:\/\/politicosaldesnudo.com.mx\/#organization","name":"Pol\u00edticos al Desnudo","url":"https:\/\/politicosaldesnudo.com.mx\/","logo":{"@type":"ImageObject","inLanguage":"es","@id":"https:\/\/politicosaldesnudo.com.mx\/#\/schema\/logo\/image\/","url":"https:\/\/i0.wp.com\/politicosaldesnudo.com.mx\/wp-content\/uploads\/2026\/08\/cropped-logo.webp?fit=400%2C126&ssl=1","contentUrl":"https:\/\/i0.wp.com\/politicosaldesnudo.com.mx\/wp-content\/uploads\/2026\/08\/cropped-logo.webp?fit=400%2C126&ssl=1","width":400,"height":126,"caption":"Pol\u00edticos al Desnudo"},"image":{"@id":"https:\/\/politicosaldesnudo.com.mx\/#\/schema\/logo\/image\/"},"sameAs":["https:\/\/www.facebook.com\/PoliticosAD"]},{"@type":"Person","@id":"https:\/\/politicosaldesnudo.com.mx\/#\/schema\/person\/ef3a64e561cc3f3f5dc52fab81adde7e","name":"Redacci\u00f3n Pol\u00edticos","url":"https:\/\/politicosaldesnudo.com.mx\/index.php\/author\/redaccion-politicos\/"}]}},"jetpack_publicize_connections":[],"jetpack-related-posts":[{"id":87577,"url":"https:\/\/politicosaldesnudo.com.mx\/index.php\/2026\/08\/08\/por-burlarse-de-los-viejitos-morena-suspende-derechos-partidistas-a-nay-salvatori-y-grace-palomares\/","url_meta":{"origin":13384,"position":0},"title":"Por burlarse de los \u2018viejitos\u2019, Morena suspende derechos partidistas a Nay Salvatori y Grace Palomares","author":"Redacci\u00f3n Pol\u00edticos","date":"8 de agosto de 2026","format":false,"excerpt":"El partido suspendi\u00f3 los derechos partidistas de las diputadas, como medida cautelar tras los comentarios realizados en su podcast; la sanci\u00f3n no afecta sus cargos en el Congreso de Puebla. Las diputadas poblanas de Morena, Nayeli Salvatori Bojalil y Elvia Graciela \u201cGrace\u201d Palomares Ram\u00edrez, fueron suspendidas de sus derechos partidistas\u2026","rel":"","context":"En \u00abNACIONAL\u00bb","block_context":{"text":"NACIONAL","link":"https:\/\/politicosaldesnudo.com.mx\/index.php\/category\/nacional\/"},"img":{"alt_text":"","src":"https:\/\/i0.wp.com\/politicosaldesnudo.com.mx\/wp-content\/uploads\/2026\/08\/ChatGPT-Image-8-ago-2026-17_07_07.png?fit=1200%2C660&ssl=1&resize=350%2C200","width":350,"height":200,"srcset":"https:\/\/i0.wp.com\/politicosaldesnudo.com.mx\/wp-content\/uploads\/2026\/08\/ChatGPT-Image-8-ago-2026-17_07_07.png?fit=1200%2C660&ssl=1&resize=350%2C200 1x, https:\/\/i0.wp.com\/politicosaldesnudo.com.mx\/wp-content\/uploads\/2026\/08\/ChatGPT-Image-8-ago-2026-17_07_07.png?fit=1200%2C660&ssl=1&resize=525%2C300 1.5x, https:\/\/i0.wp.com\/politicosaldesnudo.com.mx\/wp-content\/uploads\/2026\/08\/ChatGPT-Image-8-ago-2026-17_07_07.png?fit=1200%2C660&ssl=1&resize=700%2C400 2x, https:\/\/i0.wp.com\/politicosaldesnudo.com.mx\/wp-content\/uploads\/2026\/08\/ChatGPT-Image-8-ago-2026-17_07_07.png?fit=1200%2C660&ssl=1&resize=1050%2C600 3x"},"classes":[]},{"id":54099,"url":"https:\/\/politicosaldesnudo.com.mx\/index.php\/2025\/01\/10\/oposicion-de-florero\/","url_meta":{"origin":13384,"position":1},"title":"Oposici\u00f3n de florero","author":"Redacci\u00f3n Pol\u00edticos","date":"10 de enero de 2025","format":false,"excerpt":"ALMA GRANDE Por \u00c1ngel \u00c1lvaro Pe\u00f1a La oposici\u00f3n desconoce su papel en la historia, producto de que nunca se enter\u00f3 de la responsabilidad social de esta fuerza. As\u00ed, vemos que en el legislativo es donde m\u00e1s se acent\u00faa la ignorancia sobre el rol parlamentario de esta fuerza y de su\u2026","rel":"","context":"En \u00abOPINI\u00d3N\u00bb","block_context":{"text":"OPINI\u00d3N","link":"https:\/\/politicosaldesnudo.com.mx\/index.php\/category\/columnistas\/"},"img":{"alt_text":"","src":"https:\/\/i0.wp.com\/politicosaldesnudo.com.mx\/wp-content\/uploads\/2024\/12\/BANNER-LOPEZ-DORIGA-DIGITAL-1.jpg?fit=800%2C445&ssl=1&resize=350%2C200","width":350,"height":200,"srcset":"https:\/\/i0.wp.com\/politicosaldesnudo.com.mx\/wp-content\/uploads\/2024\/12\/BANNER-LOPEZ-DORIGA-DIGITAL-1.jpg?fit=800%2C445&ssl=1&resize=350%2C200 1x, https:\/\/i0.wp.com\/politicosaldesnudo.com.mx\/wp-content\/uploads\/2024\/12\/BANNER-LOPEZ-DORIGA-DIGITAL-1.jpg?fit=800%2C445&ssl=1&resize=525%2C300 1.5x, https:\/\/i0.wp.com\/politicosaldesnudo.com.mx\/wp-content\/uploads\/2024\/12\/BANNER-LOPEZ-DORIGA-DIGITAL-1.jpg?fit=800%2C445&ssl=1&resize=700%2C400 2x"},"classes":[]},{"id":87734,"url":"https:\/\/politicosaldesnudo.com.mx\/index.php\/2026\/08\/14\/entre-el-desafuero-y-los-golpes-la-politica-vuelve-a-calentarse\/","url_meta":{"origin":13384,"position":2},"title":"Entre el desafuero y los golpes, la pol\u00edtica vuelve a calentarse","author":"Redacci\u00f3n Pol\u00edticos","date":"14 de agosto de 2026","format":false,"excerpt":"ALMA GRANDE POR \u00c1NGEL \u00c1LVARO PE\u00d1A La disputa por el fuero de Alejandro Moreno C\u00e1rdenas, dirigente nacional del PRI, volvi\u00f3 a elevar el tono entre legisladores de Morena y el tricolor. Esta vez, el intercambio pol\u00edtico termin\u00f3 en un enfrentamiento f\u00edsico que estuvo cerca de llegar a los golpes. El\u2026","rel":"","context":"En \u00abOPINI\u00d3N\u00bb","block_context":{"text":"OPINI\u00d3N","link":"https:\/\/politicosaldesnudo.com.mx\/index.php\/category\/columnistas\/"},"img":{"alt_text":"","src":"https:\/\/i0.wp.com\/politicosaldesnudo.com.mx\/wp-content\/uploads\/2026\/08\/alma-grande-140826.png?fit=1200%2C659&ssl=1&resize=350%2C200","width":350,"height":200,"srcset":"https:\/\/i0.wp.com\/politicosaldesnudo.com.mx\/wp-content\/uploads\/2026\/08\/alma-grande-140826.png?fit=1200%2C659&ssl=1&resize=350%2C200 1x, https:\/\/i0.wp.com\/politicosaldesnudo.com.mx\/wp-content\/uploads\/2026\/08\/alma-grande-140826.png?fit=1200%2C659&ssl=1&resize=525%2C300 1.5x, https:\/\/i0.wp.com\/politicosaldesnudo.com.mx\/wp-content\/uploads\/2026\/08\/alma-grande-140826.png?fit=1200%2C659&ssl=1&resize=700%2C400 2x, https:\/\/i0.wp.com\/politicosaldesnudo.com.mx\/wp-content\/uploads\/2026\/08\/alma-grande-140826.png?fit=1200%2C659&ssl=1&resize=1050%2C600 3x"},"classes":[]},{"id":87471,"url":"https:\/\/politicosaldesnudo.com.mx\/index.php\/2026\/08\/03\/las-elecciones-del-2027-seran-el-termometro-politico-y-social-de-la-presidenta-claudia-sheinbaum\/","url_meta":{"origin":13384,"position":3},"title":"Las elecciones del 2027 ser\u00e1n el term\u00f3metro pol\u00edtico y social de la presidenta Claudia Sheinbaum","author":"Redacci\u00f3n Pol\u00edticos","date":"3 de agosto de 2026","format":false,"excerpt":"LEAD POL\u00cdTICO\u2026 Por: Ren\u00e9 Mart\u00ednez Torres Los procesos electorales federales del 2027, la renovaci\u00f3n del Senado de la Rep\u00fablica, el Congreso Federal, 17 estados renovar\u00e1n sus gubernaturas, en algunas entidades solo habr\u00e1 elecci\u00f3n de diputados locales y federales como el caso de Veracruz, ser\u00e1 el term\u00f3metro pol\u00edtico y social de\u2026","rel":"","context":"En \u00abOPINI\u00d3N\u00bb","block_context":{"text":"OPINI\u00d3N","link":"https:\/\/politicosaldesnudo.com.mx\/index.php\/category\/columnistas\/"},"img":{"alt_text":"","src":"https:\/\/i0.wp.com\/politicosaldesnudo.com.mx\/wp-content\/uploads\/2026\/02\/LEAD-POLITICO-AZUL.jpg?fit=800%2C445&ssl=1&resize=350%2C200","width":350,"height":200,"srcset":"https:\/\/i0.wp.com\/politicosaldesnudo.com.mx\/wp-content\/uploads\/2026\/02\/LEAD-POLITICO-AZUL.jpg?fit=800%2C445&ssl=1&resize=350%2C200 1x, https:\/\/i0.wp.com\/politicosaldesnudo.com.mx\/wp-content\/uploads\/2026\/02\/LEAD-POLITICO-AZUL.jpg?fit=800%2C445&ssl=1&resize=525%2C300 1.5x, https:\/\/i0.wp.com\/politicosaldesnudo.com.mx\/wp-content\/uploads\/2026\/02\/LEAD-POLITICO-AZUL.jpg?fit=800%2C445&ssl=1&resize=700%2C400 2x"},"classes":[]},{"id":85896,"url":"https:\/\/politicosaldesnudo.com.mx\/index.php\/2026\/06\/16\/ministriles-en-procuracion-e-imparticion-de-justicia\/","url_meta":{"origin":13384,"position":4},"title":"Ministriles en procuraci\u00f3n e impartici\u00f3n de justicia","author":"Redacci\u00f3n Pol\u00edticos","date":"16 de junio de 2026","format":false,"excerpt":"Generalmente las togas que imparten y procuran justicia en los Estados Unidos Mexicanos, como lo son ministros y ministras, magistrados y magistradas, jueces, fiscales y agentes del ministerio p\u00fablico, en este acontecer pol\u00edtico, al parecer desconocen u olvidan que su respetabilidad frente a los dem\u00e1s Poderes del Estado, cualquiera que\u2026","rel":"","context":"En \u00abOPINI\u00d3N\u00bb","block_context":{"text":"OPINI\u00d3N","link":"https:\/\/politicosaldesnudo.com.mx\/index.php\/category\/columnistas\/"},"img":{"alt_text":"","src":"https:\/\/i0.wp.com\/politicosaldesnudo.com.mx\/wp-content\/uploads\/2026\/03\/WOODLRICH.jpg?fit=800%2C445&ssl=1&resize=350%2C200","width":350,"height":200,"srcset":"https:\/\/i0.wp.com\/politicosaldesnudo.com.mx\/wp-content\/uploads\/2026\/03\/WOODLRICH.jpg?fit=800%2C445&ssl=1&resize=350%2C200 1x, https:\/\/i0.wp.com\/politicosaldesnudo.com.mx\/wp-content\/uploads\/2026\/03\/WOODLRICH.jpg?fit=800%2C445&ssl=1&resize=525%2C300 1.5x, https:\/\/i0.wp.com\/politicosaldesnudo.com.mx\/wp-content\/uploads\/2026\/03\/WOODLRICH.jpg?fit=800%2C445&ssl=1&resize=700%2C400 2x"},"classes":[]},{"id":87795,"url":"https:\/\/politicosaldesnudo.com.mx\/index.php\/2026\/08\/17\/el-efecto-andy-hoy-por-ti-manana-por-mi-porque-si-caigo-yo-nos-caemos-todos-el-blindaje-politico-de-morena\/","url_meta":{"origin":13384,"position":5},"title":"EL EFECTO ANDY\u2026 HOY POR TI, MA\u00d1ANA POR M\u00cd, PORQUE SI \u201cCAIGO YO\u201d, NOS CAEMOS TODOS\u2026 El blindaje pol\u00edtico de MORENA","author":"Redacci\u00f3n Pol\u00edticos","date":"17 de agosto de 2026","format":false,"excerpt":"Una Opini\u00f3n Alternativa. Por. Carlos O. Silva Bandala. Sin embargo, la ruta de Andy L\u00f3pez Beltr\u00e1n est\u00e1 trazada: ser\u00e1 candidato a Diputado Federal y de manera subsecuente obtendr\u00e1 el Fuero Constitucional en el Congreso\u2026 En Psicolog\u00eda Pol\u00edtica la aspiraci\u00f3n de Andy se interpreta como la herencia simb\u00f3lica de un CAPITAL\u2026","rel":"","context":"En \u00abOPINI\u00d3N\u00bb","block_context":{"text":"OPINI\u00d3N","link":"https:\/\/politicosaldesnudo.com.mx\/index.php\/category\/columnistas\/"},"img":{"alt_text":"","src":"https:\/\/i0.wp.com\/politicosaldesnudo.com.mx\/wp-content\/uploads\/2026\/08\/carlos-silva-170826-scaled.png?fit=1200%2C659&ssl=1&resize=350%2C200","width":350,"height":200,"srcset":"https:\/\/i0.wp.com\/politicosaldesnudo.com.mx\/wp-content\/uploads\/2026\/08\/carlos-silva-170826-scaled.png?fit=1200%2C659&ssl=1&resize=350%2C200 1x, https:\/\/i0.wp.com\/politicosaldesnudo.com.mx\/wp-content\/uploads\/2026\/08\/carlos-silva-170826-scaled.png?fit=1200%2C659&ssl=1&resize=525%2C300 1.5x, https:\/\/i0.wp.com\/politicosaldesnudo.com.mx\/wp-content\/uploads\/2026\/08\/carlos-silva-170826-scaled.png?fit=1200%2C659&ssl=1&resize=700%2C400 2x, https:\/\/i0.wp.com\/politicosaldesnudo.com.mx\/wp-content\/uploads\/2026\/08\/carlos-silva-170826-scaled.png?fit=1200%2C659&ssl=1&resize=1050%2C600 3x"},"classes":[]}],"jetpack_sharing_enabled":true,"jetpack_featured_media_url":"https:\/\/i0.wp.com\/politicosaldesnudo.com.mx\/wp-content\/uploads\/2022\/04\/RICARDO-HOMS.png?fit=1816%2C1016&ssl=1","_links":{"self":[{"href":"https:\/\/politicosaldesnudo.com.mx\/index.php\/wp-json\/wp\/v2\/posts\/13384","targetHints":{"allow":["GET"]}}],"collection":[{"href":"https:\/\/politicosaldesnudo.com.mx\/index.php\/wp-json\/wp\/v2\/posts"}],"about":[{"href":"https:\/\/politicosaldesnudo.com.mx\/index.php\/wp-json\/wp\/v2\/types\/post"}],"author":[{"embeddable":true,"href":"https:\/\/politicosaldesnudo.com.mx\/index.php\/wp-json\/wp\/v2\/users\/4"}],"replies":[{"embeddable":true,"href":"https:\/\/politicosaldesnudo.com.mx\/index.php\/wp-json\/wp\/v2\/comments?post=13384"}],"version-history":[{"count":0,"href":"https:\/\/politicosaldesnudo.com.mx\/index.php\/wp-json\/wp\/v2\/posts\/13384\/revisions"}],"wp:featuredmedia":[{"embeddable":true,"href":"https:\/\/politicosaldesnudo.com.mx\/index.php\/wp-json\/wp\/v2\/media\/3778"}],"wp:attachment":[{"href":"https:\/\/politicosaldesnudo.com.mx\/index.php\/wp-json\/wp\/v2\/media?parent=13384"}],"wp:term":[{"taxonomy":"category","embeddable":true,"href":"https:\/\/politicosaldesnudo.com.mx\/index.php\/wp-json\/wp\/v2\/categories?post=13384"},{"taxonomy":"post_tag","embeddable":true,"href":"https:\/\/politicosaldesnudo.com.mx\/index.php\/wp-json\/wp\/v2\/tags?post=13384"}],"curies":[{"name":"wp","href":"https:\/\/api.w.org\/{rel}","templated":true}]}}