{"id":13400,"date":"2022-12-05T01:16:49","date_gmt":"2022-12-05T07:16:49","guid":{"rendered":"https:\/\/politicosaldesnudo.com.mx\/?p=13400"},"modified":"2022-12-05T01:16:49","modified_gmt":"2022-12-05T07:16:49","slug":"pocos-pero-bien-contados","status":"publish","type":"post","link":"https:\/\/politicosaldesnudo.com.mx\/index.php\/2022\/12\/05\/pocos-pero-bien-contados\/","title":{"rendered":"Pocos, pero bien contados"},"content":{"rendered":"<p>&nbsp;<\/p>\n<p>&nbsp;<\/p>\n<p class=\"p1\"><span style=\"font-size: 18pt;\"><b>Por Jos\u00e9 P\u00e1ramo Castro<\/b><\/span><\/p>\n<p class=\"p1\"><span style=\"font-size: 18pt;\"><strong>Buena estrategia la del gobierno de la Ciudad de M\u00e9xico al afirmar que s\u00f3lo un mill\u00f3n 200 mil personas marcharon el 27 de noviembre por sus calles. Todos estuvieron de acuerdo, desde luego, tambi\u00e9n los participantes en la marcha de la amargura y el odio, del d\u00eda 13.<\/strong><\/span><\/p>\n<p class=\"p1\"><span style=\"font-size: 14pt;\">La cantidad en tiempos de neoliberalismo donde el que m\u00e1s tiene es superior, es importante para quienes suman dinero en lugar de simpat\u00edas y mentiras en lugar de votos. As\u00ed, la cantidad expresada por las autoridades capitalinas, muy modesta por cierto, dej\u00f3 a todos contentos, precisamente porque todos sabemos que fueron m\u00e1s. Muchos m\u00e1s.<\/span><\/p>\n<p class=\"p1\"><span style=\"font-size: 18pt;\"><strong>Algunos conservadores quieren ver en el n\u00famero de asistentes virtudes que no tienen los protagonistas del odio callejero, que, escudados en el anonimato de la multitud, esconden cobardemente sus consignas personales y las verdaderas causas de su presencia en las calles. Tienen raz\u00f3n, no saben de pol\u00edtica y menos de leyes.<\/strong><\/span><\/p>\n<p class=\"p1\"><span style=\"font-size: 14pt;\">As\u00ed, para algunos, sobre todo para los medios, acostumbrados a encumbrar los avances de la derecha y hacer de sus derrotas victorias contundentes, el gobierno se aterroriz\u00f3 al ver una marcha organizada contra el r\u00e9gimen, cuando en realidad hubo una gran diversidad de causas que motivaron a asistir a esa marcha a sus participantes. Eso s\u00ed, en todos estaba escondido el rechazo a la Cuarta Transformaci\u00f3n, eso nadie puede negarlo, as\u00ed como tampoco la diversidad de sus consignas y aparente bandera democr\u00e1ticas.<\/span><\/p>\n<p class=\"p1\"><span style=\"font-size: 14pt;\">Si realmente esa hubiera sido la cantidad de gente que asisti\u00f3 a la marcha del 27 de noviembre la derecha instalada en el calibrador de marchas por excelencia, hubiera protestado y gritando que eran menos. Pero como se anunciaron menos de los que asistieron, todo mundo en paz, aunque, en el fono, todos sepamos que fueron muchos m\u00e1s.<\/span><\/p>\n<p>&nbsp;<\/p>\n<p><img data-recalc-dims=\"1\" loading=\"lazy\" decoding=\"async\" class=\"aligncenter wp-image-13401 size-large\" src=\"https:\/\/i0.wp.com\/politicosaldesnudo.com.mx\/wp-content\/uploads\/2022\/12\/P-MARCHA-BISAGRA-1-1024x573.png?resize=800%2C448&#038;ssl=1\" alt=\"\" width=\"800\" height=\"448\" srcset=\"https:\/\/i0.wp.com\/politicosaldesnudo.com.mx\/wp-content\/uploads\/2022\/12\/P-MARCHA-BISAGRA-1.png?resize=1024%2C573&amp;ssl=1 1024w, https:\/\/i0.wp.com\/politicosaldesnudo.com.mx\/wp-content\/uploads\/2022\/12\/P-MARCHA-BISAGRA-1.png?resize=300%2C168&amp;ssl=1 300w, https:\/\/i0.wp.com\/politicosaldesnudo.com.mx\/wp-content\/uploads\/2022\/12\/P-MARCHA-BISAGRA-1.png?resize=768%2C430&amp;ssl=1 768w, https:\/\/i0.wp.com\/politicosaldesnudo.com.mx\/wp-content\/uploads\/2022\/12\/P-MARCHA-BISAGRA-1.png?resize=1536%2C859&amp;ssl=1 1536w, https:\/\/i0.wp.com\/politicosaldesnudo.com.mx\/wp-content\/uploads\/2022\/12\/P-MARCHA-BISAGRA-1.png?w=1816&amp;ssl=1 1816w, https:\/\/i0.wp.com\/politicosaldesnudo.com.mx\/wp-content\/uploads\/2022\/12\/P-MARCHA-BISAGRA-1.png?w=1600&amp;ssl=1 1600w\" sizes=\"auto, (max-width: 800px) 100vw, 800px\" \/><\/p>\n<p>&nbsp;<\/p>\n<p class=\"p1\"><span style=\"font-size: 18pt; color: #139eca;\"><b>PELIGRO PARA CONSERVADORES<\/b><\/span><\/p>\n<p class=\"p1\"><span style=\"font-size: 14pt;\">La organizaci\u00f3n social es para los reg\u00edmenes autoritarios no solo una preocupaci\u00f3n sino un peligro. Los conservadores los saben y creyeron poseer la estrategia adecuada para desgastar. Por eso, cuando se preguntan o cuestionan que se trat\u00f3 de una contra marcha, o una respuesta a la expresi\u00f3n de inconformidad de una clase media poco ilustrada, poco comprometida con su sociedad, poco ilustrada y nada solidaria.<\/span><\/p>\n<p class=\"p1\"><strong><span style=\"font-size: 18pt;\">A ninguno de los participantes de la marcha de la amargura les han quitado nada como para que se justifique la furia mostrada en todo momento. No han perdido m\u00e1s que la posibilidad de seguir c\u00f3modamente sentados sin saber lo que sucede, porque la realidad les era benigna. Ahora, que no saben qu\u00e9 pasa, se ven en la necesidad de salir a la calle para conocer la realidad porque les es insuficiente la informaci\u00f3n de los medios convencionales.<\/span><\/strong><\/p>\n<p class=\"p1\"><strong><span style=\"font-size: 18pt;\">Es ah\u00ed, donde se marca otra diferencia entre las dos marchas, porque el 27 la gente fie tambi\u00e9n a encontrarse. A compartir alegr\u00edas, comprobar lealtades y reiterar solidaridad entre sus similares.<\/span><\/strong><\/p>\n<p class=\"p1\"><span style=\"font-size: 14pt;\">La visi\u00f3n de una marcha del odio organizada no s\u00f3lo falta a la verdad, sino que contradice la historia. Los conservadores nunca se han organizado socialmente, est\u00e1n separados del grueso de la poblaci\u00f3n y sus fragmentadas individualidades les impiden organizarse en sociedad. Son proclives a reunirse y defender, como sucede con la mafia, a la familia primordialmente. De ah\u00ed no pasan. Es decir, no traspasan las fronteras de sus consangu\u00edneos para organizarse.<\/span><\/p>\n<p class=\"p1\"><span style=\"font-size: 14pt;\">Buena estrategia, sin duda la de decir que la marcha del 27 tuvo menos asistentes de los que fueron, porque hay quienes prefieren vivir de mentiras que aceptar la verdad porque les duele y los frustra, por eso se enojan.<\/span><\/p>\n<p>&nbsp;<\/p>\n<p>&nbsp;<\/p>\n<p><span style=\"font-size: 18pt; color: #319eca;\"><em><strong>**Las columnas firmadas en este medio son responsabilidad de quienes las firman**<\/strong><\/em><\/span><\/p>\n<p>&nbsp;<\/p>\n<p>&nbsp;<\/p>\n<p>&nbsp;<\/p>\n<p>&nbsp;<\/p>\n<p>&nbsp;<\/p>\n<p>&nbsp;<\/p>\n","protected":false},"excerpt":{"rendered":"<p>&nbsp; &nbsp; Por Jos\u00e9 P\u00e1ramo Castro Buena estrategia la del gobierno de la Ciudad de M\u00e9xico al afirmar que s\u00f3lo<\/p>\n","protected":false},"author":4,"featured_media":4387,"comment_status":"closed","ping_status":"closed","sticky":false,"template":"","format":"standard","meta":{"colormag_page_container_layout":"default_layout","colormag_page_sidebar_layout":"default_layout","_jetpack_memberships_contains_paid_content":false,"footnotes":"","jetpack_publicize_message":"","jetpack_publicize_feature_enabled":true,"jetpack_social_post_already_shared":false,"jetpack_social_options":{"image_generator_settings":{"template":"highway","default_image_id":0,"font":"","enabled":false},"version":2}},"categories":[26],"tags":[142,162],"class_list":["post-13400","post","type-post","status-publish","format-standard","has-post-thumbnail","hentry","category-columnistas","tag-cuarta-transformacion","tag-marcha"],"jetpack_publicize_connections":[],"jetpack_featured_media_url":"https:\/\/i0.wp.com\/politicosaldesnudo.com.mx\/wp-content\/uploads\/2022\/04\/JOSE%CC%81-PA%CC%81RAMO-CASTRO.png?fit=1816%2C1016&ssl=1","jetpack-related-posts":[],"jetpack_sharing_enabled":true,"_links":{"self":[{"href":"https:\/\/politicosaldesnudo.com.mx\/index.php\/wp-json\/wp\/v2\/posts\/13400","targetHints":{"allow":["GET"]}}],"collection":[{"href":"https:\/\/politicosaldesnudo.com.mx\/index.php\/wp-json\/wp\/v2\/posts"}],"about":[{"href":"https:\/\/politicosaldesnudo.com.mx\/index.php\/wp-json\/wp\/v2\/types\/post"}],"author":[{"embeddable":true,"href":"https:\/\/politicosaldesnudo.com.mx\/index.php\/wp-json\/wp\/v2\/users\/4"}],"replies":[{"embeddable":true,"href":"https:\/\/politicosaldesnudo.com.mx\/index.php\/wp-json\/wp\/v2\/comments?post=13400"}],"version-history":[{"count":0,"href":"https:\/\/politicosaldesnudo.com.mx\/index.php\/wp-json\/wp\/v2\/posts\/13400\/revisions"}],"wp:featuredmedia":[{"embeddable":true,"href":"https:\/\/politicosaldesnudo.com.mx\/index.php\/wp-json\/wp\/v2\/media\/4387"}],"wp:attachment":[{"href":"https:\/\/politicosaldesnudo.com.mx\/index.php\/wp-json\/wp\/v2\/media?parent=13400"}],"wp:term":[{"taxonomy":"category","embeddable":true,"href":"https:\/\/politicosaldesnudo.com.mx\/index.php\/wp-json\/wp\/v2\/categories?post=13400"},{"taxonomy":"post_tag","embeddable":true,"href":"https:\/\/politicosaldesnudo.com.mx\/index.php\/wp-json\/wp\/v2\/tags?post=13400"}],"curies":[{"name":"wp","href":"https:\/\/api.w.org\/{rel}","templated":true}]}}